{"id":228116,"date":"2020-10-01T15:43:47","date_gmt":"2020-10-01T12:43:47","guid":{"rendered":"http:\/\/arantv.az\/?p=228116"},"modified":"2020-10-01T15:43:47","modified_gmt":"2020-10-01T12:43:47","slug":"rusiya-abs-v%c9%99-fransa-prezidentl%c9%99ri-dagliq-qarabagla-bagli-b%c9%99yanat-q%c9%99bul-edib","status":"publish","type":"post","link":"https:\/\/arantv.az\/?p=228116","title":{"rendered":"Rusiya, AB\u015e v\u0259 Fransa prezidentl\u0259ri Da\u011fl\u0131q Qaraba\u011fla ba\u011fl\u0131 b\u0259yanat q\u0259bul edib"},"content":{"rendered":"<p>Rusiya, AB\u015e v\u0259 Fransa prezidentl\u0259ri Da\u011fl\u0131q Qaraba\u011fla ba\u011fl\u0131 b\u0259yanat q\u0259bul edib.<\/p>\n<p>Bu bar\u0259d\u0259 TASS x\u0259b\u0259r yay\u0131b.<\/p>\n<p>B\u0259yanatda deyilir:<\/p>\n<div id=\"AdviadNativeVideo0\" class=\"AdviadNativeVideo\"><\/div>\n<p>\u201cAT\u018fT-in Minsk Qrupunun h\u0259ms\u0259dr \u00f6lk\u0259l\u0259rini t\u0259msil ed\u0259n Rusiya Federasiyas\u0131n\u0131n prezidenti Vladimir Putin, Amerika Birl\u0259\u015fmi\u015f \u015etatlar\u0131n\u0131n prezidenti Donald Tramp v\u0259 Fransa Respublikas\u0131n\u0131n prezidenti Emmanuel Makron Da\u011fl\u0131q Qaraba\u011f m\u00fcnaqi\u015f\u0259si zonas\u0131nda t\u0259mas x\u0259ttind\u0259 \u015fidd\u0259tin artmas\u0131n\u0131 \u0259n s\u0259rt \u015f\u0259kild\u0259 q\u0131nay\u0131rlar.<\/p>\n<p>H\u0259lak olanlar \u00fc\u00e7\u00fcn k\u0259d\u0259rl\u0259nir, onlar\u0131n v\u0259 yaralananlar\u0131n ail\u0259l\u0259rin\u0259 ba\u015fsa\u011fl\u0131\u011f\u0131 veririk.<\/p>\n<p>\u0130\u015ftirak ed\u0259n t\u0259r\u0259fl\u0259rin silahl\u0131 q\u00fcvv\u0259l\u0259ri aras\u0131nda h\u0259rbi \u0259m\u0259liyyatlar\u0131n d\u0259rhal dayand\u0131r\u0131lmas\u0131na \u00e7a\u011f\u0131r\u0131r\u0131q.<\/p>\n<p>Biz h\u0259m\u00e7inin Erm\u0259nistan v\u0259 Az\u0259rbaycan liderl\u0259rini AT\u018fT-in Minsk qrupu h\u0259ms\u0259drl\u0259rinin vasit\u0259\u00e7iliyi il\u0259 dan\u0131\u015f\u0131qlar\u0131 vicdanla v\u0259 he\u00e7 bir ilkin \u015f\u0259rt ir\u0259li s\u00fcrm\u0259d\u0259n d\u0259rhal b\u0259rpa etm\u0259y\u0259 dair \u00fcz\u0259rl\u0259rin\u0259 \u00f6hd\u0259lik g\u00f6t\u00fcrm\u0259y\u0259 \u00e7a\u011f\u0131r\u0131r\u0131q\u201d.<\/p>\n","protected":false},"excerpt":{"rendered":"<p>Rusiya, AB\u015e v\u0259 Fransa prezidentl\u0259ri Da\u011fl\u0131q Qaraba\u011fla ba\u011fl\u0131 b\u0259yanat q\u0259bul edib. Bu bar\u0259d\u0259 TASS x\u0259b\u0259r yay\u0131b. B\u0259yanatda deyilir: \u201cAT\u018fT-in Minsk Qrupunun h\u0259ms\u0259dr \u00f6lk\u0259l\u0259rini t\u0259msil ed\u0259n Rusiya Federasiyas\u0131n\u0131n prezidenti Vladimir Putin, Amerika Birl\u0259\u015fmi\u015f \u015etatlar\u0131n\u0131n prezidenti Donald Tramp v\u0259 Fransa Respublikas\u0131n\u0131n prezidenti Emmanuel Makron Da\u011fl\u0131q Qaraba\u011f m\u00fcnaqi\u015f\u0259si zonas\u0131nda t\u0259mas x\u0259ttind\u0259 \u015fidd\u0259tin artmas\u0131n\u0131 \u0259n s\u0259rt \u015f\u0259kild\u0259 q\u0131nay\u0131rlar. H\u0259lak olanlar \u00fc\u00e7\u00fcn k\u0259d\u0259rl\u0259nir, onlar\u0131n v\u0259 yaralananlar\u0131n ail\u0259l\u0259rin\u0259 ba\u015fsa\u011fl\u0131\u011f\u0131 veririk. \u0130\u015ftirak ed\u0259n t\u0259r\u0259fl\u0259rin silahl\u0131 q\u00fcvv\u0259l\u0259ri aras\u0131nda h\u0259rbi \u0259m\u0259liyyatlar\u0131n d\u0259rhal dayand\u0131r\u0131lmas\u0131na \u00e7a\u011f\u0131r\u0131r\u0131q. Biz h\u0259m\u00e7inin Erm\u0259nistan v\u0259 Az\u0259rbaycan liderl\u0259rini AT\u018fT-in Minsk qrupu h\u0259ms\u0259drl\u0259rinin vasit\u0259\u00e7iliyi il\u0259 dan\u0131\u015f\u0131qlar\u0131 vicdanla v\u0259&hellip;<\/p>\n","protected":false},"author":2,"featured_media":228117,"comment_status":"closed","ping_status":"closed","sticky":false,"template":"","format":"standard","meta":{"om_disable_all_campaigns":false,"_monsterinsights_skip_tracking":false,"_monsterinsights_sitenote_active":false,"_monsterinsights_sitenote_note":"","_monsterinsights_sitenote_category":0},"categories":[24],"tags":[],"aioseo_notices":[],"gutentor_comment":0,"rttpg_featured_image_url":{"full":["https:\/\/arantv.az\/wp-content\/uploads\/2020\/10\/shusha.jpg",620,323,false],"landscape":["https:\/\/arantv.az\/wp-content\/uploads\/2020\/10\/shusha.jpg",620,323,false],"portraits":["https:\/\/arantv.az\/wp-content\/uploads\/2020\/10\/shusha.jpg",620,323,false],"thumbnail":["https:\/\/arantv.az\/wp-content\/uploads\/2020\/10\/shusha-150x150.jpg",150,150,true],"medium":["https:\/\/arantv.az\/wp-content\/uploads\/2020\/10\/shusha-300x156.jpg",300,156,true],"large":["https:\/\/arantv.az\/wp-content\/uploads\/2020\/10\/shusha.jpg",620,323,false],"1536x1536":["https:\/\/arantv.az\/wp-content\/uploads\/2020\/10\/shusha.jpg",620,323,false],"2048x2048":["https:\/\/arantv.az\/wp-content\/uploads\/2020\/10\/shusha.jpg",620,323,false],"post-thumbnail":["https:\/\/arantv.az\/wp-content\/uploads\/2020\/10\/shusha-240x172.jpg",240,172,true],"advps-thumb-one":["https:\/\/arantv.az\/wp-content\/uploads\/2020\/10\/shusha.jpg",620,323,false]},"rttpg_author":{"display_name":"V\u00fcsal Rafiqo\u011flu","author_link":"https:\/\/arantv.az\/?author=2"},"rttpg_comment":0,"rttpg_category":"<a href=\"https:\/\/arantv.az\/?cat=24\" rel=\"category\">Maraql\u0131<\/a>","rttpg_excerpt":"Rusiya, AB\u015e v\u0259 Fransa prezidentl\u0259ri Da\u011fl\u0131q Qaraba\u011fla ba\u011fl\u0131 b\u0259yanat q\u0259bul edib. Bu bar\u0259d\u0259 TASS x\u0259b\u0259r yay\u0131b. B\u0259yanatda deyilir: \u201cAT\u018fT-in Minsk Qrupunun h\u0259ms\u0259dr \u00f6lk\u0259l\u0259rini t\u0259msil ed\u0259n Rusiya Federasiyas\u0131n\u0131n prezidenti Vladimir Putin, Amerika Birl\u0259\u015fmi\u015f \u015etatlar\u0131n\u0131n prezidenti Donald Tramp v\u0259 Fransa Respublikas\u0131n\u0131n prezidenti Emmanuel Makron Da\u011fl\u0131q Qaraba\u011f m\u00fcnaqi\u015f\u0259si zonas\u0131nda t\u0259mas x\u0259ttind\u0259 \u015fidd\u0259tin artmas\u0131n\u0131 \u0259n s\u0259rt \u015f\u0259kild\u0259 q\u0131nay\u0131rlar. H\u0259lak&hellip;","_links":{"self":[{"href":"https:\/\/arantv.az\/index.php?rest_route=\/wp\/v2\/posts\/228116"}],"collection":[{"href":"https:\/\/arantv.az\/index.php?rest_route=\/wp\/v2\/posts"}],"about":[{"href":"https:\/\/arantv.az\/index.php?rest_route=\/wp\/v2\/types\/post"}],"author":[{"embeddable":true,"href":"https:\/\/arantv.az\/index.php?rest_route=\/wp\/v2\/users\/2"}],"replies":[{"embeddable":true,"href":"https:\/\/arantv.az\/index.php?rest_route=%2Fwp%2Fv2%2Fcomments&post=228116"}],"version-history":[{"count":0,"href":"https:\/\/arantv.az\/index.php?rest_route=\/wp\/v2\/posts\/228116\/revisions"}],"wp:featuredmedia":[{"embeddable":true,"href":"https:\/\/arantv.az\/index.php?rest_route=\/wp\/v2\/media\/228117"}],"wp:attachment":[{"href":"https:\/\/arantv.az\/index.php?rest_route=%2Fwp%2Fv2%2Fmedia&parent=228116"}],"wp:term":[{"taxonomy":"category","embeddable":true,"href":"https:\/\/arantv.az\/index.php?rest_route=%2Fwp%2Fv2%2Fcategories&post=228116"},{"taxonomy":"post_tag","embeddable":true,"href":"https:\/\/arantv.az\/index.php?rest_route=%2Fwp%2Fv2%2Ftags&post=228116"}],"curies":[{"name":"wp","href":"https:\/\/api.w.org\/{rel}","templated":true}]}}