{"id":228124,"date":"2020-10-01T15:44:56","date_gmt":"2020-10-01T12:44:56","guid":{"rendered":"http:\/\/arantv.az\/?p=228124"},"modified":"2020-10-01T15:44:56","modified_gmt":"2020-10-01T12:44:56","slug":"turkiy%c9%99-prezidenti-bu-alcaq-oyun-pozulur","status":"publish","type":"post","link":"https:\/\/arantv.az\/?p=228124","title":{"rendered":"T\u00fcrkiy\u0259 prezidenti: \u201cBu al\u00e7aq oyun pozulur\u201d"},"content":{"rendered":"<p>T\u00fcrkiy\u0259 Prezidenti R\u0259c\u0259b Tayyib \u018frdo\u011fan T\u00fcrkiy\u0259 B\u00f6y\u00fck Mill\u0259t M\u0259clisinin (TBMM) iclas\u0131nda Az\u0259rbaycan torpaqlar\u0131na Erm\u0259nistan\u0131n t\u0259cav\u00fcz\u00fc bar\u0259d\u0259 dan\u0131\u015f\u0131b.<\/p>\n<p>Bu bar\u0259d\u0259 \u201cHaber Global\u201d m\u0259lumat yay\u0131b.<\/p>\n<div id=\"AdviadNativeVideo0\" class=\"AdviadNativeVideo\"><\/div>\n<p>Onun s\u00f6zl\u0259rin\u0259 g\u00f6r\u0259, i\u015f\u011fal\u00e7\u0131lar\u0131n \u0259m\u0259ll\u0259rin\u0259 cavab verm\u0259y\u0259nl\u0259rin s\u00f6zl\u0259rinin qiym\u0259ti yoxdur.<\/p>\n<p>\u201cBu al\u00e7aq oyun pozulur. Qal\u0131c\u0131 s\u00fclh\u00fcn yolu Erm\u0259nistan\u0131n i\u015f\u011fal etdiyi h\u0259r qar\u0131\u015f Az\u0259rbaycan torpaqlar\u0131ndan geri \u00e7\u0259kilm\u0259sind\u0259n ke\u00e7ir\u201d, &#8211; dey\u0259 T\u00fcrkiy\u0259 prezidenti bildirib.<\/p>\n","protected":false},"excerpt":{"rendered":"<p>T\u00fcrkiy\u0259 Prezidenti R\u0259c\u0259b Tayyib \u018frdo\u011fan T\u00fcrkiy\u0259 B\u00f6y\u00fck Mill\u0259t M\u0259clisinin (TBMM) iclas\u0131nda Az\u0259rbaycan torpaqlar\u0131na Erm\u0259nistan\u0131n t\u0259cav\u00fcz\u00fc bar\u0259d\u0259 dan\u0131\u015f\u0131b. Bu bar\u0259d\u0259 \u201cHaber Global\u201d m\u0259lumat yay\u0131b. Onun s\u00f6zl\u0259rin\u0259 g\u00f6r\u0259, i\u015f\u011fal\u00e7\u0131lar\u0131n \u0259m\u0259ll\u0259rin\u0259 cavab verm\u0259y\u0259nl\u0259rin s\u00f6zl\u0259rinin qiym\u0259ti yoxdur. \u201cBu al\u00e7aq oyun pozulur. Qal\u0131c\u0131 s\u00fclh\u00fcn yolu Erm\u0259nistan\u0131n i\u015f\u011fal etdiyi h\u0259r qar\u0131\u015f Az\u0259rbaycan torpaqlar\u0131ndan geri \u00e7\u0259kilm\u0259sind\u0259n ke\u00e7ir\u201d, &#8211; dey\u0259 T\u00fcrkiy\u0259 prezidenti bildirib.<\/p>\n","protected":false},"author":2,"featured_media":228125,"comment_status":"closed","ping_status":"closed","sticky":false,"template":"","format":"standard","meta":{"om_disable_all_campaigns":false,"_monsterinsights_skip_tracking":false,"_monsterinsights_sitenote_active":false,"_monsterinsights_sitenote_note":"","_monsterinsights_sitenote_category":0},"categories":[1],"tags":[],"aioseo_notices":[],"gutentor_comment":0,"rttpg_featured_image_url":{"full":["https:\/\/arantv.az\/wp-content\/uploads\/2020\/10\/5eaff39d66a97c4c9eefac99.jpg",620,350,false],"landscape":["https:\/\/arantv.az\/wp-content\/uploads\/2020\/10\/5eaff39d66a97c4c9eefac99.jpg",620,350,false],"portraits":["https:\/\/arantv.az\/wp-content\/uploads\/2020\/10\/5eaff39d66a97c4c9eefac99.jpg",620,350,false],"thumbnail":["https:\/\/arantv.az\/wp-content\/uploads\/2020\/10\/5eaff39d66a97c4c9eefac99-150x150.jpg",150,150,true],"medium":["https:\/\/arantv.az\/wp-content\/uploads\/2020\/10\/5eaff39d66a97c4c9eefac99-300x169.jpg",300,169,true],"large":["https:\/\/arantv.az\/wp-content\/uploads\/2020\/10\/5eaff39d66a97c4c9eefac99.jpg",620,350,false],"1536x1536":["https:\/\/arantv.az\/wp-content\/uploads\/2020\/10\/5eaff39d66a97c4c9eefac99.jpg",620,350,false],"2048x2048":["https:\/\/arantv.az\/wp-content\/uploads\/2020\/10\/5eaff39d66a97c4c9eefac99.jpg",620,350,false],"post-thumbnail":["https:\/\/arantv.az\/wp-content\/uploads\/2020\/10\/5eaff39d66a97c4c9eefac99-240x172.jpg",240,172,true],"advps-thumb-one":["https:\/\/arantv.az\/wp-content\/uploads\/2020\/10\/5eaff39d66a97c4c9eefac99.jpg",620,350,false]},"rttpg_author":{"display_name":"V\u00fcsal Rafiqo\u011flu","author_link":"https:\/\/arantv.az\/?author=2"},"rttpg_comment":0,"rttpg_category":"<a href=\"https:\/\/arantv.az\/?cat=1\" rel=\"category\">C\u0259miyy\u0259t<\/a>","rttpg_excerpt":"T\u00fcrkiy\u0259 Prezidenti R\u0259c\u0259b Tayyib \u018frdo\u011fan T\u00fcrkiy\u0259 B\u00f6y\u00fck Mill\u0259t M\u0259clisinin (TBMM) iclas\u0131nda Az\u0259rbaycan torpaqlar\u0131na Erm\u0259nistan\u0131n t\u0259cav\u00fcz\u00fc bar\u0259d\u0259 dan\u0131\u015f\u0131b. Bu bar\u0259d\u0259 \u201cHaber Global\u201d m\u0259lumat yay\u0131b. Onun s\u00f6zl\u0259rin\u0259 g\u00f6r\u0259, i\u015f\u011fal\u00e7\u0131lar\u0131n \u0259m\u0259ll\u0259rin\u0259 cavab verm\u0259y\u0259nl\u0259rin s\u00f6zl\u0259rinin qiym\u0259ti yoxdur. \u201cBu al\u00e7aq oyun pozulur. Qal\u0131c\u0131 s\u00fclh\u00fcn yolu Erm\u0259nistan\u0131n i\u015f\u011fal etdiyi h\u0259r qar\u0131\u015f Az\u0259rbaycan torpaqlar\u0131ndan geri \u00e7\u0259kilm\u0259sind\u0259n ke\u00e7ir\u201d, &#8211; dey\u0259 T\u00fcrkiy\u0259 prezidenti bildirib.","_links":{"self":[{"href":"https:\/\/arantv.az\/index.php?rest_route=\/wp\/v2\/posts\/228124"}],"collection":[{"href":"https:\/\/arantv.az\/index.php?rest_route=\/wp\/v2\/posts"}],"about":[{"href":"https:\/\/arantv.az\/index.php?rest_route=\/wp\/v2\/types\/post"}],"author":[{"embeddable":true,"href":"https:\/\/arantv.az\/index.php?rest_route=\/wp\/v2\/users\/2"}],"replies":[{"embeddable":true,"href":"https:\/\/arantv.az\/index.php?rest_route=%2Fwp%2Fv2%2Fcomments&post=228124"}],"version-history":[{"count":0,"href":"https:\/\/arantv.az\/index.php?rest_route=\/wp\/v2\/posts\/228124\/revisions"}],"wp:featuredmedia":[{"embeddable":true,"href":"https:\/\/arantv.az\/index.php?rest_route=\/wp\/v2\/media\/228125"}],"wp:attachment":[{"href":"https:\/\/arantv.az\/index.php?rest_route=%2Fwp%2Fv2%2Fmedia&parent=228124"}],"wp:term":[{"taxonomy":"category","embeddable":true,"href":"https:\/\/arantv.az\/index.php?rest_route=%2Fwp%2Fv2%2Fcategories&post=228124"},{"taxonomy":"post_tag","embeddable":true,"href":"https:\/\/arantv.az\/index.php?rest_route=%2Fwp%2Fv2%2Ftags&post=228124"}],"curies":[{"name":"wp","href":"https:\/\/api.w.org\/{rel}","templated":true}]}}