{"id":22821,"date":"2018-11-03T15:44:26","date_gmt":"2018-11-03T12:44:26","guid":{"rendered":"http:\/\/arantv.az\/?p=22821"},"modified":"2018-11-03T15:44:26","modified_gmt":"2018-11-03T12:44:26","slug":"prokurorluq-%c9%99m%c9%99kdaslarina-dovl%c9%99t-mukafatlari-t%c9%99qdim-edilib-foto","status":"publish","type":"post","link":"https:\/\/arantv.az\/?p=22821","title":{"rendered":"Prokurorluq \u0259m\u0259kda\u015flar\u0131na d\u00f6vl\u0259t m\u00fckafatlar\u0131 t\u0259qdim edilib \u2014 FOTO"},"content":{"rendered":"<div class=\"spot\">Ba\u015f Prokurorluqda Az\u0259rbaycan Respublikas\u0131 Prezidentinin \u201cAz\u0259rbaycan Respublikas\u0131 Prokurorlu\u011funun bir qrup \u0259m\u0259kda\u015f\u0131n\u0131n t\u0259ltif edilm\u0259si haqq\u0131nda\u201d 28 sentyabr 2018-ci il tarixli S\u0259r\u0259ncam\u0131 il\u0259 t\u0259ltif olunmu\u015f prokurorluq \u0259m\u0259kda\u015flar\u0131na d\u00f6vl\u0259t m\u00fckafatlar\u0131n\u0131n t\u0259qdim edilm\u0259si il\u0259 \u0259laq\u0259dar t\u0259dbir ke\u00e7irilib.<\/div>\n<p><strong>ARANTV.AZ<\/strong> x\u0259b\u0259r verir ki, m\u0259rasimd\u0259 \u00e7\u0131x\u0131\u015f ed\u0259n Ba\u015f prokuror Zakir Qaralov qeyd edib ki, Az\u0259rbaycan Respublikas\u0131n\u0131n Prezidenti \u0130lham \u018fliyevin m\u00fcdrik r\u0259hb\u0259rliyi alt\u0131nda h\u0259yata ke\u00e7iril\u0259n m\u00fcasir m\u0259zmunlu t\u0259dbirl\u0259r n\u0259tic\u0259sind\u0259 \u00f6lk\u0259 h\u0259yat\u0131n\u0131n b\u00fct\u00fcn sah\u0259l\u0259rind\u0259 b\u00f6y\u00fck ir\u0259lil\u0259yi\u015fl\u0259r\u0259, m\u00fcst\u0259qil d\u00f6vl\u0259t\u00e7iliyimizin daha da m\u00f6hk\u0259ml\u0259ndirilm\u0259sin\u0259, v\u0259t\u0259nimizin iqtisadi q\u00fcdr\u0259tinin art\u0131r\u0131lmas\u0131 il\u0259 n\u0259tic\u0259l\u0259n\u0259n m\u00f6ht\u0259\u015f\u0259m sosial-iqtisadi inki\u015faf g\u00f6st\u0259ricil\u0259rin\u0259 nail olunub.<\/p>\n<p>X\u00fcsusi vur\u011fulan\u0131b ki, \u00f6lk\u0259miz son 15 ild\u0259 sabit v\u0259 t\u0259hl\u00fck\u0259siz \u015f\u0259raitd\u0259 sosial-iqtisadi t\u0259r\u0259qqisini t\u0259min ed\u0259r\u0259k n\u0259h\u0259ng qlobal enerji v\u0259 n\u0259qliyyat layih\u0259l\u0259rinin bilavasit\u0259 t\u0259\u015f\u0259bb\u00fcskar\u0131 olub, d\u00fcnyadak\u0131 n\u00fcfuzunu art\u0131raraq 155 \u00f6lk\u0259nin d\u0259st\u0259yi il\u0259 BMT T\u0259hl\u00fck\u0259sizlik \u015euras\u0131na qeyri-daimi \u00fczv se\u00e7ilib, 3 peyk\u0259 malik \u00f6lk\u0259 kimi kosmik kluba daxil olmaqla yana\u015f\u0131, \u0259n m\u00f6t\u0259b\u0259r t\u0259dbirl\u0259r\u0259 &#8211; humanitar, siyasi, iqtisadi, m\u0259d\u0259ni forumlara, m\u00f6ht\u0259\u015f\u0259m idman yar\u0131\u015flar\u0131na u\u011furla ev sahibliyi ed\u0259r\u0259k bir d\u00f6vl\u0259t kimi g\u00fccl\u00fc potensiala v\u0259 m\u00f6vqey\u0259 malik oldu\u011fumuzu d\u00fcnyaya n\u00fcmayi\u015f etdirib.<\/p>\n<p>\u018fld\u0259 edil\u0259n nailiyy\u0259tl\u0259r m\u00f6t\u0259b\u0259r beyn\u0259lxalq qurumlar\u0131n, o c\u00fcml\u0259d\u0259n biznes sah\u0259sind\u0259 d\u00fcnyada \u0259n vacib v\u0259 etibarl\u0131 reytinq g\u00f6st\u0259ricisi say\u0131lan D\u00fcnya Bank\u0131n\u0131n \u201cDoing Business 2019\u201d hesabat\u0131nda Az\u0259rbaycan\u0131n 10 \u0259n islahat\u00e7\u0131 d\u00f6vl\u0259ti siyah\u0131s\u0131na daxil edil\u0259r\u0259k d\u00fcnyan\u0131n \u0259n \u00e7ox islahat aparan \u00f6lk\u0259si elan olunmaqla \u00fcmumi indikatorlar \u00fczr\u0259 190 \u00f6lk\u0259 aras\u0131nda 25-ci yerd\u0259 q\u0259rarla\u015fmas\u0131 \u00f6lk\u0259mizin dinamik sosial-iqtisadi inki\u015faf\u0131n\u0131n parlaq g\u00f6st\u0259ricisi kimi d\u0259y\u0259rl\u0259ndirilib.<\/p>\n<p>Diqq\u0259t\u0259 \u00e7atd\u0131r\u0131l\u0131b ki, respublikam\u0131z\u0131n davaml\u0131 t\u0259r\u0259qqisi dig\u0259r d\u00f6vl\u0259t t\u0259sisatlar\u0131 kimi prokurorluq orqanlar\u0131n\u0131n da ard\u0131c\u0131l v\u0259 m\u00fcnt\u0259z\u0259m inki\u015faf\u0131n\u0131 t\u0259min edib, bu m\u00fch\u00fcm d\u00f6vl\u0259t orqan\u0131 f\u0259aliyy\u0259tini m\u00fcasir d\u00f6vr\u00fcn daha y\u00fcks\u0259k t\u0259l\u0259bl\u0259ri s\u0259viyy\u0259sind\u0259 quraraq t\u0259kmill\u0259\u015fm\u0259kd\u0259 davam edib, cinay\u0259tkarl\u0131qla m\u00fcbariz\u0259d\u0259, insan h\u00fcquq v\u0259 azadl\u0131qlar\u0131n\u0131n, milli d\u00f6vl\u0259t maraqlar\u0131m\u0131z\u0131n qorunmas\u0131nda, sabitliyin v\u0259 t\u0259hl\u00fck\u0259sizliyin t\u0259min olunmas\u0131nda dig\u0259r h\u00fcquq m\u00fchafiz\u0259 orqanlar\u0131 il\u0259 qar\u015f\u0131l\u0131ql\u0131 \u0259m\u0259kda\u015fl\u0131q \u015f\u0259raitind\u0259 \u00e7al\u0131\u015faraq yeni-yeni u\u011furlar qazan\u0131b.<\/p>\n<div id=\"AdributorNativeVideo0\" class=\"AdributorNativeVideo\"><\/div>\n<p>X\u00fcsusi olaraq qeyd edilib ki, \u015f\u0259r\u0259fli bir inki\u015faf yolu ke\u00e7mi\u015f Az\u0259rbaycan Prokurorlu\u011funun d\u00f6vl\u0259t\u00e7iliyin v\u0259 xalq\u0131n maraqlar\u0131na xidm\u0259t etm\u0259kl\u0259, qanun \u00e7\u0259r\u00e7iv\u0259sind\u0259 v\u0259 beyn\u0259lxalq standartlara uy\u011fun f\u0259aliyy\u0259t g\u00f6st\u0259r\u0259n d\u00f6vl\u0259t qurumu kimi m\u00fcasir m\u0259zmunda formala\u015fmas\u0131 xalq\u0131m\u0131z\u0131n \u00fcmummilli lideri Heyd\u0259r \u018fliyevin ba\u015flad\u0131\u011f\u0131 v\u0259 Prezident c\u0259nab \u0130lham \u018fliyevin r\u0259hb\u0259rliyi alt\u0131nda yeni m\u00fcst\u0259vid\u0259 davam etdiril\u0259n m\u0259hk\u0259m\u0259 h\u00fcquq islahatlar\u0131 v\u0259 prokurorlu\u011fa olan diqq\u0259t v\u0259 qay\u011f\u0131s\u0131 n\u0259tic\u0259sind\u0259 m\u00fcmk\u00fcn olub.<\/p>\n<p>Ba\u015f prokuror d\u0259f\u0259l\u0259rl\u0259 prokurorlu\u011fa olan etimad\u0131n\u0131 vur\u011fulayan Prezident \u0130lham \u018fliyevin m\u0259hz Az\u0259rbaycan Prokurorlu\u011funun yaranmas\u0131n\u0131n 100 illik yubileyi \u0259r\u0259f\u0259sind\u0259 28 sentyabr 2018-ci il tarixli S\u0259r\u0259ncamla 43 prokurorluq \u0259m\u0259kda\u015f\u0131n\u0131 y\u00fcks\u0259k d\u00f6vl\u0259t m\u00fckafatlar\u0131 &#8211; orden v\u0259 medallarla t\u0259ltif etm\u0259sinin v\u0259 Az\u0259rbaycan Respublikas\u0131 prokurorluq orqanlar\u0131n\u0131n \u0259m\u0259kda\u015flar\u0131na v\u0259 veteranlar\u0131na \u00fcnvanlad\u0131\u011f\u0131 t\u0259brik m\u00fcraci\u0259tinin prokurorlu\u011fun kollektivi \u00fc\u00e7\u00fcn b\u00f6y\u00fck sevinc\u0259 s\u0259b\u0259b oldu\u011funu bildirib.<\/p>\n<p>\u018fminlikl\u0259 qeyd edilib ki, 100 illik tarix\u0259 malik Az\u0259rbaycan Prokurorlu\u011funun kollektivi bundan sonra da f\u0259aliyy\u0259tinin d\u00f6vl\u0259t t\u0259r\u0259find\u0259n g\u00f6st\u0259ril\u0259n etimada layiq s\u0259viyy\u0259d\u0259 qurulmas\u0131 \u00fc\u00e7\u00fcn \u00fcz\u0259rin\u0259 d\u00fc\u015f\u0259n v\u0259zif\u0259l\u0259rin layiqinc\u0259 yerin\u0259 yetirilm\u0259sini t\u0259min ed\u0259c\u0259k, ictimai-siyasi sabitliyin v\u0259 t\u0259hl\u00fck\u0259sizliyin m\u00f6hk\u0259ml\u0259ndirilm\u0259sin\u0259, xalq\u0131m\u0131z\u0131n v\u0259 d\u00f6vl\u0259timizin cinay\u0259tkar q\u0259sdl\u0259rd\u0259n qorunmas\u0131na, insan h\u00fcquq v\u0259 azadl\u0131qlar\u0131n\u0131n etibarl\u0131 m\u00fcdafi\u0259sin\u0259 y\u00f6n\u0259ltm\u0259kl\u0259 respublikam\u0131z\u0131n dinamik inki\u015faf\u0131na istiqam\u0259tl\u0259ndirilmi\u015f yeni m\u0259zmunlu d\u00f6vl\u0259t\u00e7ilik siyas\u0259tinin realla\u015fd\u0131r\u0131lmas\u0131nda \u00f6z xidm\u0259tl\u0259rini g\u00f6st\u0259r\u0259c\u0259kdir.<\/p>\n<p>T\u0259dbird\u0259 Az\u0259rbaycan Respublikas\u0131n\u0131n Prezidenti \u0130lham \u018fliyevin \u201cAz\u0259rbaycan Respublikas\u0131 Prokurorlu\u011funun bir qrup \u0259m\u0259kda\u015f\u0131n\u0131n t\u0259ltif edilm\u0259si haqq\u0131nda\u201d 28 sentyabr 2018-ci il tarixli S\u0259r\u0259ncam\u0131na m\u00fcvafiq olaraq, \u00f6lk\u0259d\u0259 qanun\u00e7ulu\u011fun t\u0259min edilm\u0259sind\u0259, a\u011f\u0131r v\u0259 x\u00fcsusil\u0259 a\u011f\u0131r cinay\u0259tl\u0259rin istintaq\u0131n\u0131n apar\u0131lmas\u0131nda, korrupsiyaya qar\u015f\u0131 m\u00fcbariz\u0259d\u0259, m\u0259hk\u0259m\u0259d\u0259 d\u00f6vl\u0259t ittiham\u0131n\u0131n m\u00fcdafi\u0259 olunmas\u0131nda y\u00fcks\u0259k pe\u015f\u0259karl\u0131q g\u00f6st\u0259rdikl\u0259rin\u0259, xidm\u0259ti v\u0259zif\u0259l\u0259rinin yerin\u0259 yetirilm\u0259sind\u0259 f\u0259rql\u0259ndikl\u0259rin\u0259 g\u00f6r\u0259 \u201cV\u0259t\u0259n\u0259 xidm\u0259t\u0259 g\u00f6r\u0259\u201d ordenl\u0259ri, \u201cT\u0259r\u0259qqi\u201d v\u0259 \u201cD\u00f6vl\u0259t qullu\u011funda f\u0259rql\u0259nm\u0259y\u0259 g\u00f6r\u0259\u201d medallar\u0131 il\u0259 t\u0259ltif edilmi\u015f prokurorluq \u0259m\u0259kda\u015flar\u0131na d\u00f6vl\u0259t m\u00fckafatlar\u0131 t\u0259qdim olunub.<\/p>\n<p>Prokurorluq \u0259m\u0259kda\u015flar\u0131n\u0131n d\u00f6vl\u0259t m\u00fckafatlar\u0131na layiq g\u00f6r\u00fclm\u0259si Az\u0259rbaycan Prokurorlu\u011funa D\u00f6vl\u0259t ba\u015f\u00e7\u0131s\u0131 t\u0259r\u0259find\u0259n g\u00f6st\u0259ril\u0259n y\u00fcks\u0259k etimad v\u0259 inam\u0131n ifad\u0259si, d\u00f6vl\u0259t\u00e7iliyimizin maraqlar\u0131n\u0131n qorunmas\u0131 i\u015find\u0259 prokurorlu\u011fun f\u0259aliyy\u0259tin\u0259 veril\u0259n y\u00fcks\u0259k qiym\u0259t kimi d\u0259y\u0259rl\u0259ndirilmi\u015f v\u0259 prokurorlu\u011fun kollektivi \u00fc\u00e7\u00fcn b\u00f6y\u00fck m\u0259suliyy\u0259t yaratd\u0131\u011f\u0131 qeyd edilib.<\/p>\n<p>D\u00f6vl\u0259t t\u0259ltifin\u0259 layiq g\u00f6r\u00fclm\u00fc\u015f \u0259m\u0259kda\u015flar \u00e7\u0131x\u0131\u015f ed\u0259r\u0259k onlar\u0131n f\u0259aliyy\u0259tin\u0259 verilmi\u015f y\u00fcks\u0259k qiym\u0259t\u0259 g\u00f6r\u0259 Az\u0259rbaycan Respublikas\u0131n\u0131n Prezidentin\u0259 d\u0259rin minn\u0259tdarl\u0131qlar\u0131n\u0131 ifad\u0259 edib v\u0259 f\u0259aliyy\u0259tl\u0259rini bu etimada layiq s\u0259viyy\u0259d\u0259 qurulmas\u0131 \u00fc\u00e7\u00fcn m\u00fcmk\u00fcn t\u0259dbirl\u0259r g\u00f6r\u0259c\u0259kl\u0259rini bildiribl\u0259r.<\/p>\n<p>T\u0259dbirin yekununda Az\u0259rbaycan Respublikas\u0131 Prokurorlu\u011funun kollektivi ad\u0131ndan Prezident \u0130lham \u018fliyevin \u00fcnvan\u0131na yekdillikl\u0259 m\u00fcraci\u0259t q\u0259bul edilib.<\/p>\n<p><em>\u00d6lk\u0259.Az<\/em><\/p>\n<div class=\"carousel initialized\" data-namespace=\"DIVcarousel0\"><a class=\"carousel-item active\" href=\"http:\/\/olke.az\/news\/detail\/prokurorluq-emekdaslarina-dovlet-mukafatlari-teqdim-edilib-foto-140802#!\"><img src=\"http:\/\/olke.az\/uploads\/1541244265\/proku-1541241901.jpg\" alt=\"\" width=\"100%\" data-desc=\"\" data-author=\"olke.az\" \/><\/a><a class=\"carousel-item\" href=\"http:\/\/olke.az\/news\/detail\/prokurorluq-emekdaslarina-dovlet-mukafatlari-teqdim-edilib-foto-140802#!\"><img src=\"http:\/\/olke.az\/uploads\/1541244265\/proku-1541241908.jpg\" alt=\"\" width=\"100%\" data-desc=\"\" data-author=\"olke.az\" \/><\/a><\/div>\n","protected":false},"excerpt":{"rendered":"<p>Ba\u015f Prokurorluqda Az\u0259rbaycan Respublikas\u0131 Prezidentinin \u201cAz\u0259rbaycan Respublikas\u0131 Prokurorlu\u011funun bir qrup \u0259m\u0259kda\u015f\u0131n\u0131n t\u0259ltif edilm\u0259si haqq\u0131nda\u201d 28 sentyabr 2018-ci il tarixli S\u0259r\u0259ncam\u0131 il\u0259 t\u0259ltif olunmu\u015f prokurorluq \u0259m\u0259kda\u015flar\u0131na d\u00f6vl\u0259t m\u00fckafatlar\u0131n\u0131n t\u0259qdim edilm\u0259si il\u0259 \u0259laq\u0259dar t\u0259dbir ke\u00e7irilib. ARANTV.AZ x\u0259b\u0259r verir ki, m\u0259rasimd\u0259 \u00e7\u0131x\u0131\u015f ed\u0259n Ba\u015f prokuror Zakir Qaralov qeyd edib ki, Az\u0259rbaycan Respublikas\u0131n\u0131n Prezidenti \u0130lham \u018fliyevin m\u00fcdrik r\u0259hb\u0259rliyi alt\u0131nda h\u0259yata ke\u00e7iril\u0259n m\u00fcasir m\u0259zmunlu t\u0259dbirl\u0259r n\u0259tic\u0259sind\u0259 \u00f6lk\u0259 h\u0259yat\u0131n\u0131n b\u00fct\u00fcn sah\u0259l\u0259rind\u0259 b\u00f6y\u00fck ir\u0259lil\u0259yi\u015fl\u0259r\u0259, m\u00fcst\u0259qil d\u00f6vl\u0259t\u00e7iliyimizin daha da m\u00f6hk\u0259ml\u0259ndirilm\u0259sin\u0259, v\u0259t\u0259nimizin iqtisadi q\u00fcdr\u0259tinin art\u0131r\u0131lmas\u0131 il\u0259 n\u0259tic\u0259l\u0259n\u0259n m\u00f6ht\u0259\u015f\u0259m sosial-iqtisadi inki\u015faf g\u00f6st\u0259ricil\u0259rin\u0259 nail olunub. X\u00fcsusi vur\u011fulan\u0131b ki, \u00f6lk\u0259miz son 15&hellip;<\/p>\n","protected":false},"author":2,"featured_media":22822,"comment_status":"closed","ping_status":"closed","sticky":false,"template":"","format":"standard","meta":{"om_disable_all_campaigns":false,"_monsterinsights_skip_tracking":false,"_monsterinsights_sitenote_active":false,"_monsterinsights_sitenote_note":"","_monsterinsights_sitenote_category":0},"categories":[19],"tags":[],"aioseo_notices":[],"gutentor_comment":0,"rttpg_featured_image_url":{"full":["https:\/\/arantv.az\/wp-content\/uploads\/2018\/11\/proku-1541241877.jpg",620,375,false],"landscape":["https:\/\/arantv.az\/wp-content\/uploads\/2018\/11\/proku-1541241877.jpg",620,375,false],"portraits":["https:\/\/arantv.az\/wp-content\/uploads\/2018\/11\/proku-1541241877.jpg",620,375,false],"thumbnail":["https:\/\/arantv.az\/wp-content\/uploads\/2018\/11\/proku-1541241877-150x150.jpg",150,150,true],"medium":["https:\/\/arantv.az\/wp-content\/uploads\/2018\/11\/proku-1541241877-300x181.jpg",300,181,true],"large":["https:\/\/arantv.az\/wp-content\/uploads\/2018\/11\/proku-1541241877.jpg",620,375,false],"1536x1536":["https:\/\/arantv.az\/wp-content\/uploads\/2018\/11\/proku-1541241877.jpg",620,375,false],"2048x2048":["https:\/\/arantv.az\/wp-content\/uploads\/2018\/11\/proku-1541241877.jpg",620,375,false],"post-thumbnail":["https:\/\/arantv.az\/wp-content\/uploads\/2018\/11\/proku-1541241877-240x172.jpg",240,172,true],"advps-thumb-one":["https:\/\/arantv.az\/wp-content\/uploads\/2018\/11\/proku-1541241877.jpg",620,375,false]},"rttpg_author":{"display_name":"V\u00fcsal Rafiqo\u011flu","author_link":"https:\/\/arantv.az\/?author=2"},"rttpg_comment":0,"rttpg_category":"<a href=\"https:\/\/arantv.az\/?cat=19\" rel=\"category\">G\u00fcnd\u0259m<\/a>","rttpg_excerpt":"Ba\u015f Prokurorluqda Az\u0259rbaycan Respublikas\u0131 Prezidentinin \u201cAz\u0259rbaycan Respublikas\u0131 Prokurorlu\u011funun bir qrup \u0259m\u0259kda\u015f\u0131n\u0131n t\u0259ltif edilm\u0259si haqq\u0131nda\u201d 28 sentyabr 2018-ci il tarixli S\u0259r\u0259ncam\u0131 il\u0259 t\u0259ltif olunmu\u015f prokurorluq \u0259m\u0259kda\u015flar\u0131na d\u00f6vl\u0259t m\u00fckafatlar\u0131n\u0131n t\u0259qdim edilm\u0259si il\u0259 \u0259laq\u0259dar t\u0259dbir ke\u00e7irilib. ARANTV.AZ x\u0259b\u0259r verir ki, m\u0259rasimd\u0259 \u00e7\u0131x\u0131\u015f ed\u0259n Ba\u015f prokuror Zakir Qaralov qeyd edib ki, Az\u0259rbaycan Respublikas\u0131n\u0131n Prezidenti \u0130lham \u018fliyevin m\u00fcdrik r\u0259hb\u0259rliyi alt\u0131nda&hellip;","_links":{"self":[{"href":"https:\/\/arantv.az\/index.php?rest_route=\/wp\/v2\/posts\/22821"}],"collection":[{"href":"https:\/\/arantv.az\/index.php?rest_route=\/wp\/v2\/posts"}],"about":[{"href":"https:\/\/arantv.az\/index.php?rest_route=\/wp\/v2\/types\/post"}],"author":[{"embeddable":true,"href":"https:\/\/arantv.az\/index.php?rest_route=\/wp\/v2\/users\/2"}],"replies":[{"embeddable":true,"href":"https:\/\/arantv.az\/index.php?rest_route=%2Fwp%2Fv2%2Fcomments&post=22821"}],"version-history":[{"count":0,"href":"https:\/\/arantv.az\/index.php?rest_route=\/wp\/v2\/posts\/22821\/revisions"}],"wp:featuredmedia":[{"embeddable":true,"href":"https:\/\/arantv.az\/index.php?rest_route=\/wp\/v2\/media\/22822"}],"wp:attachment":[{"href":"https:\/\/arantv.az\/index.php?rest_route=%2Fwp%2Fv2%2Fmedia&parent=22821"}],"wp:term":[{"taxonomy":"category","embeddable":true,"href":"https:\/\/arantv.az\/index.php?rest_route=%2Fwp%2Fv2%2Fcategories&post=22821"},{"taxonomy":"post_tag","embeddable":true,"href":"https:\/\/arantv.az\/index.php?rest_route=%2Fwp%2Fv2%2Ftags&post=22821"}],"curies":[{"name":"wp","href":"https:\/\/api.w.org\/{rel}","templated":true}]}}