{"id":22830,"date":"2018-11-03T15:55:30","date_gmt":"2018-11-03T12:55:30","guid":{"rendered":"http:\/\/arantv.az\/?p=22830"},"modified":"2018-11-03T15:55:30","modified_gmt":"2018-11-03T12:55:30","slug":"bakida-21-yasi-g%c9%99nc-itkin-dusub","status":"publish","type":"post","link":"https:\/\/arantv.az\/?p=22830","title":{"rendered":"Bak\u0131da 21 ya\u015f\u0131 g\u0259nc itkin d\u00fc\u015f\u00fcb"},"content":{"rendered":"<p>\u015e\u0259kid\u0259 \u00f6vladl\u0131\u011fa g\u00f6t\u00fcr\u00fcl\u0259n u\u015faq m\u00fc\u0259mmal\u0131 yoxa \u00e7\u0131x\u0131b.<\/p>\n<p><strong>ARANTV.AZ<\/strong>-\u0131n m\u0259lumat\u0131na g\u00f6r\u0259, \u015e\u0259ki rayonu Orta Z\u0259yzid k\u0259ndind\u0259 ya\u015fayan\u00a0<strong>Abbasov Rafiq Musa o\u011flu<\/strong>nun \u00f6vladl\u0131\u011fa g\u00f6t\u00fcrd\u00fcy\u00fc 1997-ci il t\u0259v\u0259ll\u00fcdl\u00fc\u00a0<strong>Abbasov \u00c7ingiz Rafiq o\u011flu\u00a0<\/strong>itkin d\u00fc\u015f\u00fcb.<\/p>\n<p>Abbasov \u00c7ingiz Balak\u0259n rayonunda anadan olsa da, \u015e\u0259ki rayon Orta Z\u0259yzid k\u0259ndind\u0259 qeydiyyatda olub.<\/p>\n<div id=\"AdributorNativeVideo0\" class=\"AdributorNativeVideo\"><\/div>\n<p>5-6 ay \u0259vv\u0259l Bak\u0131 \u015f\u0259h\u0259ri, Bin\u0259q\u0259di rayonuna gedib. Orada ya\u015fama\u011fa ba\u015flayan Abbasov \u00c7ingiz ail\u0259si il\u0259 \u0259laq\u0259 saxlamay\u0131b.<\/p>\n<p>Atas\u0131 Abbasov Rafiq oktyabr\u0131n 29-dan bu g\u00fcn\u0259 q\u0259d\u0259r o\u011flunun telefonuna z\u0259ng \u00e7atmad\u0131\u011f\u0131na v\u0259 o\u011flundan he\u00e7 bir x\u0259b\u0259r almad\u0131\u011f\u0131na dair \u015e\u0259ki rayon Polis B\u00f6lm\u0259sin\u0259 m\u0259lumat verib.<\/p>\n<p>Faktla ba\u011fl\u0131 \u015e\u0259ki \u015eRP\u015e-nin T\u0259hqiqat B\u00f6lm\u0259sin\u0259 ara\u015fd\u0131rma ba\u015flad\u0131l\u0131b.<\/p>\n<p>oxu.az<\/p>\n","protected":false},"excerpt":{"rendered":"<p>\u015e\u0259kid\u0259 \u00f6vladl\u0131\u011fa g\u00f6t\u00fcr\u00fcl\u0259n u\u015faq m\u00fc\u0259mmal\u0131 yoxa \u00e7\u0131x\u0131b. ARANTV.AZ-\u0131n m\u0259lumat\u0131na g\u00f6r\u0259, \u015e\u0259ki rayonu Orta Z\u0259yzid k\u0259ndind\u0259 ya\u015fayan\u00a0Abbasov Rafiq Musa o\u011flunun \u00f6vladl\u0131\u011fa g\u00f6t\u00fcrd\u00fcy\u00fc 1997-ci il t\u0259v\u0259ll\u00fcdl\u00fc\u00a0Abbasov \u00c7ingiz Rafiq o\u011flu\u00a0itkin d\u00fc\u015f\u00fcb. Abbasov \u00c7ingiz Balak\u0259n rayonunda anadan olsa da, \u015e\u0259ki rayon Orta Z\u0259yzid k\u0259ndind\u0259 qeydiyyatda olub. 5-6 ay \u0259vv\u0259l Bak\u0131 \u015f\u0259h\u0259ri, Bin\u0259q\u0259di rayonuna gedib. Orada ya\u015fama\u011fa ba\u015flayan Abbasov \u00c7ingiz ail\u0259si il\u0259 \u0259laq\u0259 saxlamay\u0131b. Atas\u0131 Abbasov Rafiq oktyabr\u0131n 29-dan bu g\u00fcn\u0259 q\u0259d\u0259r o\u011flunun telefonuna z\u0259ng \u00e7atmad\u0131\u011f\u0131na v\u0259 o\u011flundan he\u00e7 bir x\u0259b\u0259r almad\u0131\u011f\u0131na dair \u015e\u0259ki rayon Polis B\u00f6lm\u0259sin\u0259 m\u0259lumat verib. Faktla ba\u011fl\u0131 \u015e\u0259ki \u015eRP\u015e-nin T\u0259hqiqat B\u00f6lm\u0259sin\u0259&hellip;<\/p>\n","protected":false},"author":2,"featured_media":22831,"comment_status":"closed","ping_status":"closed","sticky":false,"template":"","format":"standard","meta":{"om_disable_all_campaigns":false,"_monsterinsights_skip_tracking":false,"_monsterinsights_sitenote_active":false,"_monsterinsights_sitenote_note":"","_monsterinsights_sitenote_category":0},"categories":[1],"tags":[],"aioseo_notices":[],"gutentor_comment":0,"rttpg_featured_image_url":{"full":["https:\/\/arantv.az\/wp-content\/uploads\/2018\/11\/1442315185_itkin.jpg",590,400,false],"landscape":["https:\/\/arantv.az\/wp-content\/uploads\/2018\/11\/1442315185_itkin.jpg",590,400,false],"portraits":["https:\/\/arantv.az\/wp-content\/uploads\/2018\/11\/1442315185_itkin.jpg",590,400,false],"thumbnail":["https:\/\/arantv.az\/wp-content\/uploads\/2018\/11\/1442315185_itkin-150x150.jpg",150,150,true],"medium":["https:\/\/arantv.az\/wp-content\/uploads\/2018\/11\/1442315185_itkin-300x203.jpg",300,203,true],"large":["https:\/\/arantv.az\/wp-content\/uploads\/2018\/11\/1442315185_itkin.jpg",590,400,false],"1536x1536":["https:\/\/arantv.az\/wp-content\/uploads\/2018\/11\/1442315185_itkin.jpg",590,400,false],"2048x2048":["https:\/\/arantv.az\/wp-content\/uploads\/2018\/11\/1442315185_itkin.jpg",590,400,false],"post-thumbnail":["https:\/\/arantv.az\/wp-content\/uploads\/2018\/11\/1442315185_itkin-240x172.jpg",240,172,true],"advps-thumb-one":["https:\/\/arantv.az\/wp-content\/uploads\/2018\/11\/1442315185_itkin.jpg",590,400,false]},"rttpg_author":{"display_name":"V\u00fcsal Rafiqo\u011flu","author_link":"https:\/\/arantv.az\/?author=2"},"rttpg_comment":0,"rttpg_category":"<a href=\"https:\/\/arantv.az\/?cat=1\" rel=\"category\">C\u0259miyy\u0259t<\/a>","rttpg_excerpt":"\u015e\u0259kid\u0259 \u00f6vladl\u0131\u011fa g\u00f6t\u00fcr\u00fcl\u0259n u\u015faq m\u00fc\u0259mmal\u0131 yoxa \u00e7\u0131x\u0131b. ARANTV.AZ-\u0131n m\u0259lumat\u0131na g\u00f6r\u0259, \u015e\u0259ki rayonu Orta Z\u0259yzid k\u0259ndind\u0259 ya\u015fayan\u00a0Abbasov Rafiq Musa o\u011flunun \u00f6vladl\u0131\u011fa g\u00f6t\u00fcrd\u00fcy\u00fc 1997-ci il t\u0259v\u0259ll\u00fcdl\u00fc\u00a0Abbasov \u00c7ingiz Rafiq o\u011flu\u00a0itkin d\u00fc\u015f\u00fcb. Abbasov \u00c7ingiz Balak\u0259n rayonunda anadan olsa da, \u015e\u0259ki rayon Orta Z\u0259yzid k\u0259ndind\u0259 qeydiyyatda olub. 5-6 ay \u0259vv\u0259l Bak\u0131 \u015f\u0259h\u0259ri, Bin\u0259q\u0259di rayonuna gedib. Orada ya\u015fama\u011fa ba\u015flayan Abbasov \u00c7ingiz&hellip;","_links":{"self":[{"href":"https:\/\/arantv.az\/index.php?rest_route=\/wp\/v2\/posts\/22830"}],"collection":[{"href":"https:\/\/arantv.az\/index.php?rest_route=\/wp\/v2\/posts"}],"about":[{"href":"https:\/\/arantv.az\/index.php?rest_route=\/wp\/v2\/types\/post"}],"author":[{"embeddable":true,"href":"https:\/\/arantv.az\/index.php?rest_route=\/wp\/v2\/users\/2"}],"replies":[{"embeddable":true,"href":"https:\/\/arantv.az\/index.php?rest_route=%2Fwp%2Fv2%2Fcomments&post=22830"}],"version-history":[{"count":0,"href":"https:\/\/arantv.az\/index.php?rest_route=\/wp\/v2\/posts\/22830\/revisions"}],"wp:featuredmedia":[{"embeddable":true,"href":"https:\/\/arantv.az\/index.php?rest_route=\/wp\/v2\/media\/22831"}],"wp:attachment":[{"href":"https:\/\/arantv.az\/index.php?rest_route=%2Fwp%2Fv2%2Fmedia&parent=22830"}],"wp:term":[{"taxonomy":"category","embeddable":true,"href":"https:\/\/arantv.az\/index.php?rest_route=%2Fwp%2Fv2%2Fcategories&post=22830"},{"taxonomy":"post_tag","embeddable":true,"href":"https:\/\/arantv.az\/index.php?rest_route=%2Fwp%2Fv2%2Ftags&post=22830"}],"curies":[{"name":"wp","href":"https:\/\/api.w.org\/{rel}","templated":true}]}}