{"id":22840,"date":"2018-11-03T16:05:56","date_gmt":"2018-11-03T13:05:56","guid":{"rendered":"http:\/\/arantv.az\/?p=22840"},"modified":"2018-11-03T16:05:56","modified_gmt":"2018-11-03T13:05:56","slug":"belcika-sirk%c9%99ti-rus-t%c9%99yyar%c9%99l%c9%99rind%c9%99n-imtina-etdi","status":"publish","type":"post","link":"https:\/\/arantv.az\/?p=22840","title":{"rendered":"Bel\u00e7ika \u015firk\u0259ti rus t\u0259yyar\u0259l\u0259rind\u0259n imtina etdi"},"content":{"rendered":"<p><strong>Bel\u00e7ikan\u0131n &#8220;Br\u00fcssels Ey\u0259layns&#8221; avia\u015firk\u0259ti Rusiyan\u0131n Suxoy Superjet 100 s\u0259rni\u015fin t\u0259yyar\u0259l\u0259rind\u0259n istifad\u0259d\u0259n imtina edib.<\/strong><\/p>\n<p><strong>ARANTV.AZ<\/strong> Axar.az-a istinad\u0259n x\u0259b\u0259r verir ki, bu bar\u0259d\u0259 Bel\u00e7ikan\u0131n &#8220;Lecho&#8221; q\u0259zeti m\u0259lumat yay\u0131b. Bu t\u0259yyar\u0259l\u0259rin 1 mart 2019-cu ild\u0259n etibar\u0259n Kanadan\u0131n &#8220;Bombardier&#8221; t\u0259yyar\u0259l\u0259ri il\u0259 \u0259v\u0259z edil\u0259c\u0259yi bildirilib.<\/p>\n<p>Qeyd ed\u0259k ki, Bel\u00e7ika avia\u015firk\u0259ti 2017-ci ild\u0259 4 rus t\u0259yyar\u0259sini \u0130ranlandiyan\u0131n &#8220;Sitijet&#8221; avia\u015firk\u0259tind\u0259n lizinql\u0259 al\u0131b. Bel\u00e7ika \u015firk\u0259ti m\u0259hz bu t\u0259yyar\u0259l\u0259rd\u0259ki nasazl\u0131q ucbat\u0131ndan cari ild\u0259 d\u0259f\u0259l\u0259rl\u0259 reysl\u0259rini l\u0259\u011fv etm\u0259li olub.<\/p>\n","protected":false},"excerpt":{"rendered":"<p>Bel\u00e7ikan\u0131n &#8220;Br\u00fcssels Ey\u0259layns&#8221; avia\u015firk\u0259ti Rusiyan\u0131n Suxoy Superjet 100 s\u0259rni\u015fin t\u0259yyar\u0259l\u0259rind\u0259n istifad\u0259d\u0259n imtina edib. ARANTV.AZ Axar.az-a istinad\u0259n x\u0259b\u0259r verir ki, bu bar\u0259d\u0259 Bel\u00e7ikan\u0131n &#8220;Lecho&#8221; q\u0259zeti m\u0259lumat yay\u0131b. Bu t\u0259yyar\u0259l\u0259rin 1 mart 2019-cu ild\u0259n etibar\u0259n Kanadan\u0131n &#8220;Bombardier&#8221; t\u0259yyar\u0259l\u0259ri il\u0259 \u0259v\u0259z edil\u0259c\u0259yi bildirilib. Qeyd ed\u0259k ki, Bel\u00e7ika avia\u015firk\u0259ti 2017-ci ild\u0259 4 rus t\u0259yyar\u0259sini \u0130ranlandiyan\u0131n &#8220;Sitijet&#8221; avia\u015firk\u0259tind\u0259n lizinql\u0259 al\u0131b. Bel\u00e7ika \u015firk\u0259ti m\u0259hz bu t\u0259yyar\u0259l\u0259rd\u0259ki nasazl\u0131q ucbat\u0131ndan cari ild\u0259 d\u0259f\u0259l\u0259rl\u0259 reysl\u0259rini l\u0259\u011fv etm\u0259li olub.<\/p>\n","protected":false},"author":2,"featured_media":22841,"comment_status":"closed","ping_status":"closed","sticky":false,"template":"","format":"standard","meta":{"om_disable_all_campaigns":false,"_monsterinsights_skip_tracking":false,"_monsterinsights_sitenote_active":false,"_monsterinsights_sitenote_note":"","_monsterinsights_sitenote_category":0},"categories":[7],"tags":[],"aioseo_notices":[],"gutentor_comment":0,"rttpg_featured_image_url":{"full":["https:\/\/arantv.az\/wp-content\/uploads\/2018\/11\/700541.jpg",800,600,false],"landscape":["https:\/\/arantv.az\/wp-content\/uploads\/2018\/11\/700541.jpg",800,600,false],"portraits":["https:\/\/arantv.az\/wp-content\/uploads\/2018\/11\/700541.jpg",800,600,false],"thumbnail":["https:\/\/arantv.az\/wp-content\/uploads\/2018\/11\/700541-150x150.jpg",150,150,true],"medium":["https:\/\/arantv.az\/wp-content\/uploads\/2018\/11\/700541-300x225.jpg",300,225,true],"large":["https:\/\/arantv.az\/wp-content\/uploads\/2018\/11\/700541.jpg",640,480,false],"1536x1536":["https:\/\/arantv.az\/wp-content\/uploads\/2018\/11\/700541.jpg",800,600,false],"2048x2048":["https:\/\/arantv.az\/wp-content\/uploads\/2018\/11\/700541.jpg",800,600,false],"post-thumbnail":["https:\/\/arantv.az\/wp-content\/uploads\/2018\/11\/700541-240x172.jpg",240,172,true],"advps-thumb-one":["https:\/\/arantv.az\/wp-content\/uploads\/2018\/11\/700541.jpg",800,600,false]},"rttpg_author":{"display_name":"V\u00fcsal Rafiqo\u011flu","author_link":"https:\/\/arantv.az\/?author=2"},"rttpg_comment":0,"rttpg_category":"<a href=\"https:\/\/arantv.az\/?cat=7\" rel=\"category\">D\u00fcnya<\/a>","rttpg_excerpt":"Bel\u00e7ikan\u0131n &#8220;Br\u00fcssels Ey\u0259layns&#8221; avia\u015firk\u0259ti Rusiyan\u0131n Suxoy Superjet 100 s\u0259rni\u015fin t\u0259yyar\u0259l\u0259rind\u0259n istifad\u0259d\u0259n imtina edib. ARANTV.AZ Axar.az-a istinad\u0259n x\u0259b\u0259r verir ki, bu bar\u0259d\u0259 Bel\u00e7ikan\u0131n &#8220;Lecho&#8221; q\u0259zeti m\u0259lumat yay\u0131b. Bu t\u0259yyar\u0259l\u0259rin 1 mart 2019-cu ild\u0259n etibar\u0259n Kanadan\u0131n &#8220;Bombardier&#8221; t\u0259yyar\u0259l\u0259ri il\u0259 \u0259v\u0259z edil\u0259c\u0259yi bildirilib. Qeyd ed\u0259k ki, Bel\u00e7ika avia\u015firk\u0259ti 2017-ci ild\u0259 4 rus t\u0259yyar\u0259sini \u0130ranlandiyan\u0131n &#8220;Sitijet&#8221; avia\u015firk\u0259tind\u0259n lizinql\u0259 al\u0131b.&hellip;","_links":{"self":[{"href":"https:\/\/arantv.az\/index.php?rest_route=\/wp\/v2\/posts\/22840"}],"collection":[{"href":"https:\/\/arantv.az\/index.php?rest_route=\/wp\/v2\/posts"}],"about":[{"href":"https:\/\/arantv.az\/index.php?rest_route=\/wp\/v2\/types\/post"}],"author":[{"embeddable":true,"href":"https:\/\/arantv.az\/index.php?rest_route=\/wp\/v2\/users\/2"}],"replies":[{"embeddable":true,"href":"https:\/\/arantv.az\/index.php?rest_route=%2Fwp%2Fv2%2Fcomments&post=22840"}],"version-history":[{"count":0,"href":"https:\/\/arantv.az\/index.php?rest_route=\/wp\/v2\/posts\/22840\/revisions"}],"wp:featuredmedia":[{"embeddable":true,"href":"https:\/\/arantv.az\/index.php?rest_route=\/wp\/v2\/media\/22841"}],"wp:attachment":[{"href":"https:\/\/arantv.az\/index.php?rest_route=%2Fwp%2Fv2%2Fmedia&parent=22840"}],"wp:term":[{"taxonomy":"category","embeddable":true,"href":"https:\/\/arantv.az\/index.php?rest_route=%2Fwp%2Fv2%2Fcategories&post=22840"},{"taxonomy":"post_tag","embeddable":true,"href":"https:\/\/arantv.az\/index.php?rest_route=%2Fwp%2Fv2%2Ftags&post=22840"}],"curies":[{"name":"wp","href":"https:\/\/api.w.org\/{rel}","templated":true}]}}