{"id":228500,"date":"2020-10-14T14:44:26","date_gmt":"2020-10-14T11:44:26","guid":{"rendered":"http:\/\/arantv.az\/?p=228500"},"modified":"2020-10-14T14:44:26","modified_gmt":"2020-10-14T11:44:26","slug":"pasinyan-az%c9%99rbaycan-sulh-ucun-%c9%99razil%c9%99rin-qaytarilmasini-t%c9%99l%c9%99b-etdi","status":"publish","type":"post","link":"https:\/\/arantv.az\/?p=228500","title":{"rendered":"Pa\u015finyan: \u201cAz\u0259rbaycan s\u00fclh \u00fc\u00e7\u00fcn \u0259razil\u0259rin qaytar\u0131lmas\u0131n\u0131 t\u0259l\u0259b etdi\u201d"},"content":{"rendered":"<p>\u201cBak\u0131 bizd\u0259n 7 rayondan 5-ni qaytarma\u011f\u0131, qalan rayonlar\u0131n qaytar\u0131lmas\u0131 qrafikini t\u0259qdim etm\u0259yi v\u0259 Qaraba\u011f\u0131n ist\u0259nil\u0259n statusunun Az\u0259rbaycan\u0131n t\u0259rkibind\u0259 qeyd\u0259 al\u0131nmas\u0131n\u0131 t\u0259l\u0259b etdi\u201d.<\/p>\n<p>\u201cSputnik-Erm\u0259nistan\u201d\u0131n m\u0259lumat\u0131na g\u00f6r\u0259, bu s\u00f6zl\u0259ri Erm\u0259nistan\u0131n Ba\u015f naziri Nikol Pa\u015finyan xalqa m\u00fcraci\u0259ti zaman\u0131 deyib.<\/p>\n<div id=\"AdviadNativeVideo0\" class=\"AdviadNativeVideo\">\n<div class=\"adviad-inboard\">\n<div>\n<div id=\"teads0\" class=\"adviad-player\"><\/div>\n<\/div>\n<\/div>\n<\/div>\n<p>O, Az\u0259rbaycan\u0131n s\u00fclh \u00fc\u00e7\u00fcn \u0259razil\u0259rin qaytar\u0131lmas\u0131n\u0131 t\u0259l\u0259b etdiyini qeyd edib.<\/p>\n<p>\u201cBizim hakimiyy\u0259t m\u0259s\u0259l\u0259nin bu \u015f\u0259kild\u0259 m\u00fczakir\u0259sind\u0259n imtina etdi\u201d, &#8211; dey\u0259 N.Pa\u015finyan bildirib.<\/p>\n","protected":false},"excerpt":{"rendered":"<p>\u201cBak\u0131 bizd\u0259n 7 rayondan 5-ni qaytarma\u011f\u0131, qalan rayonlar\u0131n qaytar\u0131lmas\u0131 qrafikini t\u0259qdim etm\u0259yi v\u0259 Qaraba\u011f\u0131n ist\u0259nil\u0259n statusunun Az\u0259rbaycan\u0131n t\u0259rkibind\u0259 qeyd\u0259 al\u0131nmas\u0131n\u0131 t\u0259l\u0259b etdi\u201d. \u201cSputnik-Erm\u0259nistan\u201d\u0131n m\u0259lumat\u0131na g\u00f6r\u0259, bu s\u00f6zl\u0259ri Erm\u0259nistan\u0131n Ba\u015f naziri Nikol Pa\u015finyan xalqa m\u00fcraci\u0259ti zaman\u0131 deyib. O, Az\u0259rbaycan\u0131n s\u00fclh \u00fc\u00e7\u00fcn \u0259razil\u0259rin qaytar\u0131lmas\u0131n\u0131 t\u0259l\u0259b etdiyini qeyd edib. \u201cBizim hakimiyy\u0259t m\u0259s\u0259l\u0259nin bu \u015f\u0259kild\u0259 m\u00fczakir\u0259sind\u0259n imtina etdi\u201d, &#8211; dey\u0259 N.Pa\u015finyan bildirib.<\/p>\n","protected":false},"author":2,"featured_media":228501,"comment_status":"closed","ping_status":"closed","sticky":false,"template":"","format":"standard","meta":{"om_disable_all_campaigns":false,"_monsterinsights_skip_tracking":false,"_monsterinsights_sitenote_active":false,"_monsterinsights_sitenote_note":"","_monsterinsights_sitenote_category":0},"categories":[4],"tags":[],"aioseo_notices":[],"gutentor_comment":0,"rttpg_featured_image_url":{"full":["https:\/\/arantv.az\/wp-content\/uploads\/2020\/10\/2020-09-27-19-14-52iOzof4QNDyKXQCZrkajl_file.jpg",620,417,false],"landscape":["https:\/\/arantv.az\/wp-content\/uploads\/2020\/10\/2020-09-27-19-14-52iOzof4QNDyKXQCZrkajl_file.jpg",620,417,false],"portraits":["https:\/\/arantv.az\/wp-content\/uploads\/2020\/10\/2020-09-27-19-14-52iOzof4QNDyKXQCZrkajl_file.jpg",620,417,false],"thumbnail":["https:\/\/arantv.az\/wp-content\/uploads\/2020\/10\/2020-09-27-19-14-52iOzof4QNDyKXQCZrkajl_file-150x150.jpg",150,150,true],"medium":["https:\/\/arantv.az\/wp-content\/uploads\/2020\/10\/2020-09-27-19-14-52iOzof4QNDyKXQCZrkajl_file-300x202.jpg",300,202,true],"large":["https:\/\/arantv.az\/wp-content\/uploads\/2020\/10\/2020-09-27-19-14-52iOzof4QNDyKXQCZrkajl_file.jpg",620,417,false],"1536x1536":["https:\/\/arantv.az\/wp-content\/uploads\/2020\/10\/2020-09-27-19-14-52iOzof4QNDyKXQCZrkajl_file.jpg",620,417,false],"2048x2048":["https:\/\/arantv.az\/wp-content\/uploads\/2020\/10\/2020-09-27-19-14-52iOzof4QNDyKXQCZrkajl_file.jpg",620,417,false],"post-thumbnail":["https:\/\/arantv.az\/wp-content\/uploads\/2020\/10\/2020-09-27-19-14-52iOzof4QNDyKXQCZrkajl_file-240x172.jpg",240,172,true],"advps-thumb-one":["https:\/\/arantv.az\/wp-content\/uploads\/2020\/10\/2020-09-27-19-14-52iOzof4QNDyKXQCZrkajl_file.jpg",620,417,false]},"rttpg_author":{"display_name":"V\u00fcsal Rafiqo\u011flu","author_link":"https:\/\/arantv.az\/?author=2"},"rttpg_comment":0,"rttpg_category":"<a href=\"https:\/\/arantv.az\/?cat=4\" rel=\"category\">Siyas\u0259t<\/a>","rttpg_excerpt":"\u201cBak\u0131 bizd\u0259n 7 rayondan 5-ni qaytarma\u011f\u0131, qalan rayonlar\u0131n qaytar\u0131lmas\u0131 qrafikini t\u0259qdim etm\u0259yi v\u0259 Qaraba\u011f\u0131n ist\u0259nil\u0259n statusunun Az\u0259rbaycan\u0131n t\u0259rkibind\u0259 qeyd\u0259 al\u0131nmas\u0131n\u0131 t\u0259l\u0259b etdi\u201d. \u201cSputnik-Erm\u0259nistan\u201d\u0131n m\u0259lumat\u0131na g\u00f6r\u0259, bu s\u00f6zl\u0259ri Erm\u0259nistan\u0131n Ba\u015f naziri Nikol Pa\u015finyan xalqa m\u00fcraci\u0259ti zaman\u0131 deyib. O, Az\u0259rbaycan\u0131n s\u00fclh \u00fc\u00e7\u00fcn \u0259razil\u0259rin qaytar\u0131lmas\u0131n\u0131 t\u0259l\u0259b etdiyini qeyd edib. \u201cBizim hakimiyy\u0259t m\u0259s\u0259l\u0259nin bu \u015f\u0259kild\u0259 m\u00fczakir\u0259sind\u0259n imtina etdi\u201d, &#8211;&hellip;","_links":{"self":[{"href":"https:\/\/arantv.az\/index.php?rest_route=\/wp\/v2\/posts\/228500"}],"collection":[{"href":"https:\/\/arantv.az\/index.php?rest_route=\/wp\/v2\/posts"}],"about":[{"href":"https:\/\/arantv.az\/index.php?rest_route=\/wp\/v2\/types\/post"}],"author":[{"embeddable":true,"href":"https:\/\/arantv.az\/index.php?rest_route=\/wp\/v2\/users\/2"}],"replies":[{"embeddable":true,"href":"https:\/\/arantv.az\/index.php?rest_route=%2Fwp%2Fv2%2Fcomments&post=228500"}],"version-history":[{"count":0,"href":"https:\/\/arantv.az\/index.php?rest_route=\/wp\/v2\/posts\/228500\/revisions"}],"wp:featuredmedia":[{"embeddable":true,"href":"https:\/\/arantv.az\/index.php?rest_route=\/wp\/v2\/media\/228501"}],"wp:attachment":[{"href":"https:\/\/arantv.az\/index.php?rest_route=%2Fwp%2Fv2%2Fmedia&parent=228500"}],"wp:term":[{"taxonomy":"category","embeddable":true,"href":"https:\/\/arantv.az\/index.php?rest_route=%2Fwp%2Fv2%2Fcategories&post=228500"},{"taxonomy":"post_tag","embeddable":true,"href":"https:\/\/arantv.az\/index.php?rest_route=%2Fwp%2Fv2%2Ftags&post=228500"}],"curies":[{"name":"wp","href":"https:\/\/api.w.org\/{rel}","templated":true}]}}