{"id":228504,"date":"2020-10-14T14:45:43","date_gmt":"2020-10-14T11:45:43","guid":{"rendered":"http:\/\/arantv.az\/?p=228504"},"modified":"2020-10-14T14:45:43","modified_gmt":"2020-10-14T11:45:43","slug":"separatcilarin-r%c9%99hb%c9%99rind%c9%99n-etiraf-az%c9%99rbaycan-qarabagda-c%c9%99bh%c9%99-x%c9%99ttini-yarib","status":"publish","type":"post","link":"https:\/\/arantv.az\/?p=228504","title":{"rendered":"Separat\u00e7\u0131lar\u0131n r\u0259hb\u0259rind\u0259n etiraf: \u201cAz\u0259rbaycan Qaraba\u011fda c\u0259bh\u0259 x\u0259ttini yar\u0131b\u201d"},"content":{"rendered":"<p>\u201cAz\u0259rbaycan Da\u011fl\u0131q Qaraba\u011fda c\u0259bh\u0259 x\u0259ttini yar\u0131b\u201d.<\/p>\n<p>\u201cSputnik\u201d Erm\u0259nistan\u0131n m\u0259lumat\u0131na g\u00f6r\u0259, bu s\u00f6zl\u0259ri quldur separat\u00e7\u0131 rejimin \u201cr\u0259hb\u0259ri\u201d Arayik Arutyunyan deyib.<\/p>\n<div id=\"AdviadNativeVideo0\" class=\"AdviadNativeVideo\"><\/div>\n<p>A.Arutyunyan Az\u0259rbaycan ordusunun onlara daha a\u011f\u0131r z\u0259rb\u0259l\u0259r endirdiyini etiraf edib.<\/p>\n<p>\u201cHans\u0131sa m\u0259nt\u0259q\u0259l\u0259rd\u0259 d\u00fc\u015fm\u0259n c\u0259bh\u0259 x\u0259ttini yar\u0131b v\u0259 d\u0259rinliy\u0259 ir\u0259lil\u0259yib\u201d, &#8211; dey\u0259 A.Arutyunyan bildirib.<\/p>\n<p>\u00c7ar\u0259siz v\u0259ziyy\u0259td\u0259 qalan A.Arutyunyan h\u0259m\u00e7inin xaricd\u0259 ya\u015fayan erm\u0259ni diasporunu\u00a0da orduya qo\u015fulma\u011fa \u00e7a\u011f\u0131r\u0131b<\/p>\n","protected":false},"excerpt":{"rendered":"<p>\u201cAz\u0259rbaycan Da\u011fl\u0131q Qaraba\u011fda c\u0259bh\u0259 x\u0259ttini yar\u0131b\u201d. \u201cSputnik\u201d Erm\u0259nistan\u0131n m\u0259lumat\u0131na g\u00f6r\u0259, bu s\u00f6zl\u0259ri quldur separat\u00e7\u0131 rejimin \u201cr\u0259hb\u0259ri\u201d Arayik Arutyunyan deyib. A.Arutyunyan Az\u0259rbaycan ordusunun onlara daha a\u011f\u0131r z\u0259rb\u0259l\u0259r endirdiyini etiraf edib. \u201cHans\u0131sa m\u0259nt\u0259q\u0259l\u0259rd\u0259 d\u00fc\u015fm\u0259n c\u0259bh\u0259 x\u0259ttini yar\u0131b v\u0259 d\u0259rinliy\u0259 ir\u0259lil\u0259yib\u201d, &#8211; dey\u0259 A.Arutyunyan bildirib. \u00c7ar\u0259siz v\u0259ziyy\u0259td\u0259 qalan A.Arutyunyan h\u0259m\u00e7inin xaricd\u0259 ya\u015fayan erm\u0259ni diasporunu\u00a0da orduya qo\u015fulma\u011fa \u00e7a\u011f\u0131r\u0131b<\/p>\n","protected":false},"author":2,"featured_media":228505,"comment_status":"closed","ping_status":"closed","sticky":false,"template":"","format":"standard","meta":{"om_disable_all_campaigns":false,"_monsterinsights_skip_tracking":false,"_monsterinsights_sitenote_active":false,"_monsterinsights_sitenote_note":"","_monsterinsights_sitenote_category":0},"categories":[3],"tags":[],"aioseo_notices":[],"gutentor_comment":0,"rttpg_featured_image_url":{"full":["https:\/\/arantv.az\/wp-content\/uploads\/2020\/10\/h\u00c3\u00bcerhtsdhesrhyh.jpg",620,414,false],"landscape":["https:\/\/arantv.az\/wp-content\/uploads\/2020\/10\/h\u00c3\u00bcerhtsdhesrhyh.jpg",620,414,false],"portraits":["https:\/\/arantv.az\/wp-content\/uploads\/2020\/10\/h\u00c3\u00bcerhtsdhesrhyh.jpg",620,414,false],"thumbnail":["https:\/\/arantv.az\/wp-content\/uploads\/2020\/10\/h\u00c3\u00bcerhtsdhesrhyh-150x150.jpg",150,150,true],"medium":["https:\/\/arantv.az\/wp-content\/uploads\/2020\/10\/h\u00c3\u00bcerhtsdhesrhyh-300x200.jpg",300,200,true],"large":["https:\/\/arantv.az\/wp-content\/uploads\/2020\/10\/h\u00c3\u00bcerhtsdhesrhyh.jpg",620,414,false],"1536x1536":["https:\/\/arantv.az\/wp-content\/uploads\/2020\/10\/h\u00c3\u00bcerhtsdhesrhyh.jpg",620,414,false],"2048x2048":["https:\/\/arantv.az\/wp-content\/uploads\/2020\/10\/h\u00c3\u00bcerhtsdhesrhyh.jpg",620,414,false],"post-thumbnail":["https:\/\/arantv.az\/wp-content\/uploads\/2020\/10\/h\u00c3\u00bcerhtsdhesrhyh-240x172.jpg",240,172,true],"advps-thumb-one":["https:\/\/arantv.az\/wp-content\/uploads\/2020\/10\/h\u00c3\u00bcerhtsdhesrhyh.jpg",620,414,false]},"rttpg_author":{"display_name":"V\u00fcsal Rafiqo\u011flu","author_link":"https:\/\/arantv.az\/?author=2"},"rttpg_comment":0,"rttpg_category":"<a href=\"https:\/\/arantv.az\/?cat=3\" rel=\"category\">Kriminal<\/a>","rttpg_excerpt":"\u201cAz\u0259rbaycan Da\u011fl\u0131q Qaraba\u011fda c\u0259bh\u0259 x\u0259ttini yar\u0131b\u201d. \u201cSputnik\u201d Erm\u0259nistan\u0131n m\u0259lumat\u0131na g\u00f6r\u0259, bu s\u00f6zl\u0259ri quldur separat\u00e7\u0131 rejimin \u201cr\u0259hb\u0259ri\u201d Arayik Arutyunyan deyib. A.Arutyunyan Az\u0259rbaycan ordusunun onlara daha a\u011f\u0131r z\u0259rb\u0259l\u0259r endirdiyini etiraf edib. \u201cHans\u0131sa m\u0259nt\u0259q\u0259l\u0259rd\u0259 d\u00fc\u015fm\u0259n c\u0259bh\u0259 x\u0259ttini yar\u0131b v\u0259 d\u0259rinliy\u0259 ir\u0259lil\u0259yib\u201d, &#8211; dey\u0259 A.Arutyunyan bildirib. \u00c7ar\u0259siz v\u0259ziyy\u0259td\u0259 qalan A.Arutyunyan h\u0259m\u00e7inin xaricd\u0259 ya\u015fayan erm\u0259ni diasporunu\u00a0da orduya qo\u015fulma\u011fa \u00e7a\u011f\u0131r\u0131b","_links":{"self":[{"href":"https:\/\/arantv.az\/index.php?rest_route=\/wp\/v2\/posts\/228504"}],"collection":[{"href":"https:\/\/arantv.az\/index.php?rest_route=\/wp\/v2\/posts"}],"about":[{"href":"https:\/\/arantv.az\/index.php?rest_route=\/wp\/v2\/types\/post"}],"author":[{"embeddable":true,"href":"https:\/\/arantv.az\/index.php?rest_route=\/wp\/v2\/users\/2"}],"replies":[{"embeddable":true,"href":"https:\/\/arantv.az\/index.php?rest_route=%2Fwp%2Fv2%2Fcomments&post=228504"}],"version-history":[{"count":0,"href":"https:\/\/arantv.az\/index.php?rest_route=\/wp\/v2\/posts\/228504\/revisions"}],"wp:featuredmedia":[{"embeddable":true,"href":"https:\/\/arantv.az\/index.php?rest_route=\/wp\/v2\/media\/228505"}],"wp:attachment":[{"href":"https:\/\/arantv.az\/index.php?rest_route=%2Fwp%2Fv2%2Fmedia&parent=228504"}],"wp:term":[{"taxonomy":"category","embeddable":true,"href":"https:\/\/arantv.az\/index.php?rest_route=%2Fwp%2Fv2%2Fcategories&post=228504"},{"taxonomy":"post_tag","embeddable":true,"href":"https:\/\/arantv.az\/index.php?rest_route=%2Fwp%2Fv2%2Ftags&post=228504"}],"curies":[{"name":"wp","href":"https:\/\/api.w.org\/{rel}","templated":true}]}}