{"id":228508,"date":"2020-10-14T14:47:50","date_gmt":"2020-10-14T11:47:50","guid":{"rendered":"http:\/\/arantv.az\/?p=228508"},"modified":"2020-10-14T14:47:50","modified_gmt":"2020-10-14T11:47:50","slug":"nazirlik-g%c9%99nc%c9%99-terrorunda-h%c9%99r-iki-valideynini-itirmis-qardas-bacinin-x%c9%99rcl%c9%99rini-oz-uz%c9%99rin%c9%99-goturdu","status":"publish","type":"post","link":"https:\/\/arantv.az\/?p=228508","title":{"rendered":"Nazirlik G\u0259nc\u0259 terrorunda h\u0259r iki valideynini itirmi\u015f qarda\u015f-bac\u0131n\u0131n x\u0259rcl\u0259rini \u00f6z \u00fcz\u0259rin\u0259 g\u00f6t\u00fcrd\u00fc"},"content":{"rendered":"<p>G\u0259ncl\u0259r v\u0259 \u0130dman Nazirliyi G\u0259nc\u0259d\u0259 erm\u0259ni terroru n\u0259tic\u0259sind\u0259 h\u0259r iki valideynini itirmi\u015f bac\u0131-qarda\u015fa k\u00f6m\u0259k ed\u0259c\u0259k.<\/p>\n<p>Nazirliyin\u00a0M\u0259tbuat katibi S\u0259may\u0259 M\u0259mm\u0259dova\u00a0Oxu.Az-\u0131n sor\u011fusuna cavab olaraq bildirib ki, qurumun kollektivi 10 oktyabrdan 11 oktyabr tarixin\u0259 ke\u00e7\u0259n gec\u0259d\u0259 erm\u0259ni terror\u00e7ular\u0131 t\u0259r\u0259find\u0259n G\u0259nc\u0259y\u0259 at\u0131lan raket h\u00fccumu n\u0259tic\u0259sind\u0259 valideynl\u0259ri Anar \u018fliyev v\u0259 Nur\u00e7in \u018fliyevan\u0131 itirmi\u015f 16 ya\u015fl\u0131 Sevil v\u0259 qarda\u015f\u0131 s\u0259kkiz\u00a0ya\u015fl\u0131 H\u00fcseynin yetkinlik ya\u015flar\u0131na (18 ya\u015f) \u00e7atana q\u0259d\u0259r ayl\u0131q c\u0259mi 500 manat t\u0259minat x\u0259rcl\u0259rini \u00f6z \u00fcz\u0259rin\u0259 g\u00f6t\u00fcr\u00fcr.<\/p>\n<div id=\"AdviadNativeVideo0\" class=\"AdviadNativeVideo\"><\/div>\n<p>Qeyd ed\u0259k ki, erm\u0259nil\u0259rin G\u0259nc\u0259ni at\u0259\u015f\u0259 tutmas\u0131 n\u0259tic\u0259sind\u0259 10 m\u00fclki \u015f\u0259xs h\u0259lak olub, 34 n\u0259f\u0259r m\u00fcxt\u0259lif d\u0259r\u0259c\u0259li x\u0259sar\u0259tl\u0259r al\u0131b.<\/p>\n","protected":false},"excerpt":{"rendered":"<p>G\u0259ncl\u0259r v\u0259 \u0130dman Nazirliyi G\u0259nc\u0259d\u0259 erm\u0259ni terroru n\u0259tic\u0259sind\u0259 h\u0259r iki valideynini itirmi\u015f bac\u0131-qarda\u015fa k\u00f6m\u0259k ed\u0259c\u0259k. Nazirliyin\u00a0M\u0259tbuat katibi S\u0259may\u0259 M\u0259mm\u0259dova\u00a0Oxu.Az-\u0131n sor\u011fusuna cavab olaraq bildirib ki, qurumun kollektivi 10 oktyabrdan 11 oktyabr tarixin\u0259 ke\u00e7\u0259n gec\u0259d\u0259 erm\u0259ni terror\u00e7ular\u0131 t\u0259r\u0259find\u0259n G\u0259nc\u0259y\u0259 at\u0131lan raket h\u00fccumu n\u0259tic\u0259sind\u0259 valideynl\u0259ri Anar \u018fliyev v\u0259 Nur\u00e7in \u018fliyevan\u0131 itirmi\u015f 16 ya\u015fl\u0131 Sevil v\u0259 qarda\u015f\u0131 s\u0259kkiz\u00a0ya\u015fl\u0131 H\u00fcseynin yetkinlik ya\u015flar\u0131na (18 ya\u015f) \u00e7atana q\u0259d\u0259r ayl\u0131q c\u0259mi 500 manat t\u0259minat x\u0259rcl\u0259rini \u00f6z \u00fcz\u0259rin\u0259 g\u00f6t\u00fcr\u00fcr. Qeyd ed\u0259k ki, erm\u0259nil\u0259rin G\u0259nc\u0259ni at\u0259\u015f\u0259 tutmas\u0131 n\u0259tic\u0259sind\u0259 10 m\u00fclki \u015f\u0259xs h\u0259lak olub, 34 n\u0259f\u0259r m\u00fcxt\u0259lif d\u0259r\u0259c\u0259li x\u0259sar\u0259tl\u0259r al\u0131b.<\/p>\n","protected":false},"author":2,"featured_media":228509,"comment_status":"closed","ping_status":"closed","sticky":false,"template":"","format":"standard","meta":{"om_disable_all_campaigns":false,"_monsterinsights_skip_tracking":false,"_monsterinsights_sitenote_active":false,"_monsterinsights_sitenote_note":"","_monsterinsights_sitenote_category":0},"categories":[26],"tags":[],"aioseo_notices":[],"gutentor_comment":0,"rttpg_featured_image_url":{"full":["https:\/\/arantv.az\/wp-content\/uploads\/2020\/10\/WhatsApp-Image-2020-10-14-at-14.00.19.jpg",620,463,false],"landscape":["https:\/\/arantv.az\/wp-content\/uploads\/2020\/10\/WhatsApp-Image-2020-10-14-at-14.00.19.jpg",620,463,false],"portraits":["https:\/\/arantv.az\/wp-content\/uploads\/2020\/10\/WhatsApp-Image-2020-10-14-at-14.00.19.jpg",620,463,false],"thumbnail":["https:\/\/arantv.az\/wp-content\/uploads\/2020\/10\/WhatsApp-Image-2020-10-14-at-14.00.19-150x150.jpg",150,150,true],"medium":["https:\/\/arantv.az\/wp-content\/uploads\/2020\/10\/WhatsApp-Image-2020-10-14-at-14.00.19-300x224.jpg",300,224,true],"large":["https:\/\/arantv.az\/wp-content\/uploads\/2020\/10\/WhatsApp-Image-2020-10-14-at-14.00.19.jpg",620,463,false],"1536x1536":["https:\/\/arantv.az\/wp-content\/uploads\/2020\/10\/WhatsApp-Image-2020-10-14-at-14.00.19.jpg",620,463,false],"2048x2048":["https:\/\/arantv.az\/wp-content\/uploads\/2020\/10\/WhatsApp-Image-2020-10-14-at-14.00.19.jpg",620,463,false],"post-thumbnail":["https:\/\/arantv.az\/wp-content\/uploads\/2020\/10\/WhatsApp-Image-2020-10-14-at-14.00.19-240x172.jpg",240,172,true],"advps-thumb-one":["https:\/\/arantv.az\/wp-content\/uploads\/2020\/10\/WhatsApp-Image-2020-10-14-at-14.00.19.jpg",620,463,false]},"rttpg_author":{"display_name":"V\u00fcsal Rafiqo\u011flu","author_link":"https:\/\/arantv.az\/?author=2"},"rttpg_comment":0,"rttpg_category":"<a href=\"https:\/\/arantv.az\/?cat=26\" rel=\"category\">Sosial<\/a>","rttpg_excerpt":"G\u0259ncl\u0259r v\u0259 \u0130dman Nazirliyi G\u0259nc\u0259d\u0259 erm\u0259ni terroru n\u0259tic\u0259sind\u0259 h\u0259r iki valideynini itirmi\u015f bac\u0131-qarda\u015fa k\u00f6m\u0259k ed\u0259c\u0259k. Nazirliyin\u00a0M\u0259tbuat katibi S\u0259may\u0259 M\u0259mm\u0259dova\u00a0Oxu.Az-\u0131n sor\u011fusuna cavab olaraq bildirib ki, qurumun kollektivi 10 oktyabrdan 11 oktyabr tarixin\u0259 ke\u00e7\u0259n gec\u0259d\u0259 erm\u0259ni terror\u00e7ular\u0131 t\u0259r\u0259find\u0259n G\u0259nc\u0259y\u0259 at\u0131lan raket h\u00fccumu n\u0259tic\u0259sind\u0259 valideynl\u0259ri Anar \u018fliyev v\u0259 Nur\u00e7in \u018fliyevan\u0131 itirmi\u015f 16 ya\u015fl\u0131 Sevil v\u0259 qarda\u015f\u0131 s\u0259kkiz\u00a0ya\u015fl\u0131 H\u00fcseynin&hellip;","_links":{"self":[{"href":"https:\/\/arantv.az\/index.php?rest_route=\/wp\/v2\/posts\/228508"}],"collection":[{"href":"https:\/\/arantv.az\/index.php?rest_route=\/wp\/v2\/posts"}],"about":[{"href":"https:\/\/arantv.az\/index.php?rest_route=\/wp\/v2\/types\/post"}],"author":[{"embeddable":true,"href":"https:\/\/arantv.az\/index.php?rest_route=\/wp\/v2\/users\/2"}],"replies":[{"embeddable":true,"href":"https:\/\/arantv.az\/index.php?rest_route=%2Fwp%2Fv2%2Fcomments&post=228508"}],"version-history":[{"count":0,"href":"https:\/\/arantv.az\/index.php?rest_route=\/wp\/v2\/posts\/228508\/revisions"}],"wp:featuredmedia":[{"embeddable":true,"href":"https:\/\/arantv.az\/index.php?rest_route=\/wp\/v2\/media\/228509"}],"wp:attachment":[{"href":"https:\/\/arantv.az\/index.php?rest_route=%2Fwp%2Fv2%2Fmedia&parent=228508"}],"wp:term":[{"taxonomy":"category","embeddable":true,"href":"https:\/\/arantv.az\/index.php?rest_route=%2Fwp%2Fv2%2Fcategories&post=228508"},{"taxonomy":"post_tag","embeddable":true,"href":"https:\/\/arantv.az\/index.php?rest_route=%2Fwp%2Fv2%2Ftags&post=228508"}],"curies":[{"name":"wp","href":"https:\/\/api.w.org\/{rel}","templated":true}]}}