{"id":228512,"date":"2020-10-14T14:50:07","date_gmt":"2020-10-14T11:50:07","guid":{"rendered":"http:\/\/arantv.az\/?p=228512"},"modified":"2020-10-14T14:50:07","modified_gmt":"2020-10-14T11:50:07","slug":"ilham-%c9%99liyev-turkiy%c9%99nin-haber-turk-telekanalina-musahib%c9%99-verib-yenil%c9%99nib-video","status":"publish","type":"post","link":"https:\/\/arantv.az\/?p=228512","title":{"rendered":"\u0130lham \u018fliyev T\u00fcrkiy\u0259nin \u201cHaber T\u00fcrk\u201d telekanal\u0131na m\u00fcsahib\u0259 verib &#8211; YEN\u0130L\u018fN\u0130B + V\u0130DEO"},"content":{"rendered":"<article class=\"news\">\n<div class=\"news-inner\">\n<p>X\u0259b\u0259r verdiyimiz kimi, Az\u0259rbaycan Respublikas\u0131n\u0131n Prezidenti \u0130lham \u018fliyev oktyabr\u0131n 13-d\u0259 T\u00fcrkiy\u0259nin \u201cHaber T\u00fcrk\u201d televiziya kanal\u0131na m\u00fcsahib\u0259 verib. Oktyabr\u0131n 14-d\u0259 h\u0259min televiziya kanal\u0131nda d\u00f6vl\u0259timizin ba\u015f\u00e7\u0131s\u0131n\u0131n m\u00fcsahib\u0259si yay\u0131mlan\u0131b.<\/p>\n<p><a href=\"https:\/\/azertag.az\/xeber\/Prezident_Ilham_Aliyev_Turkiyenin_Haber_Turk_televiziya_kanalina_musahibe_verib__YENILANIB-1612137\" target=\"_blank\" rel=\"noopener\">AZ\u018fRTAC<\/a>\u00a0m\u00fcsahib\u0259ni t\u0259qdim edir.<\/p>\n<p><strong>&#8211; Az\u0259rbaycan Prezidenti c\u0259nab \u0130lham \u018fliyev il\u0259 birlikd\u0259yik. C\u0259nab Prezident, bir yandan c\u0259bh\u0259d\u0259, bir yandan diplomatiyada s\u0131x qrafikiniz var. \u201cHaber T\u00fcrk\u201d\u0259 vaxt ay\u0131rd\u0131\u011f\u0131n\u0131z \u00fc\u00e7\u00fcn Siz\u0259 \u00e7ox t\u0259\u015f\u0259kk\u00fcr edir\u0259m.<\/strong><\/p>\n<div id=\"AdviadNativeVideo0\" class=\"AdviadNativeVideo\"><\/div>\n<p>&#8211; Sa\u011f olun.<\/p>\n<p><strong>&#8211; C\u0259nab Prezident, Erm\u0259nistan il\u0259 Az\u0259rbaycan aras\u0131nda Moskvada 11 saat yar\u0131m davam ed\u0259n bir g\u00f6r\u00fc\u015f ke\u00e7irildi. Ancaq bu g\u00f6r\u00fc\u015fd\u0259n sonra Erm\u0259nistan x\u00fcsusi q\u0259ddarl\u0131qla G\u0259nc\u0259 \u015f\u0259h\u0259rini at\u0259\u015f\u0259 tutma\u011fa, m\u00fclki \u015f\u0259xsl\u0259ri h\u0259d\u0259f\u0259 alma\u011fa ba\u015flad\u0131. Burada diqq\u0259t \u00e7\u0259k\u0259n m\u0259qam Erm\u0259nistan\u0131n \u00f6z \u0259razisind\u0259n Az\u0259rbaycan\u0131 h\u0259d\u0259f\u0259 almas\u0131d\u0131r. Erm\u0259nistan diplomatiya sah\u0259sind\u0259 bel\u0259 bir g\u00f6r\u00fc\u015f ke\u00e7iril\u0259rk\u0259n bu c\u00fcr h\u00fccuma niy\u0259 ehtiyac hiss etdi? D\u00fcnya ictimaiyy\u0259tind\u0259n bu m\u0259s\u0259l\u0259d\u0259 ist\u0259diyiniz d\u0259st\u0259yi g\u00f6rd\u00fcn\u00fczm\u00fc, Siz\u0259 g\u0259l\u0259n mesajlar oldumu?<\/strong><\/p>\n<p>&#8211; Erm\u0259nistan\u0131n bu \u00e7irkin siyas\u0259ti anla\u015f\u0131land\u0131r. \u00c7\u00fcnki onlar h\u0259r zaman d\u00f6y\u00fc\u015f meydan\u0131nda m\u0259\u011flubiyy\u0259t\u0259 u\u011frayanda bel\u0259 \u00e7irkin \u0259m\u0259ll\u0259r\u0259 \u0259l at\u0131rlar. M\u00fclki \u015f\u0259xsl\u0259r\u0259, \u0259liyal\u0131n insanlara qar\u015f\u0131 q\u0259ddarl\u0131q g\u00f6st\u0259rm\u0259k onlar \u00fc\u00e7\u00fcn adi bir \u015feydir. Az\u0259rbaycan xalq\u0131 bunu Xocal\u0131 soyq\u0131r\u0131m\u0131n\u0131n timsal\u0131nda g\u00f6rm\u00fc\u015fd\u00fcr. Bu d\u0259f\u0259 d\u0259 b\u00fct\u00fcn c\u0259bh\u0259boyu Az\u0259rbaycan Ordusu u\u011furlu \u0259m\u0259liyyat ke\u00e7ir\u0259r\u0259k bir ne\u00e7\u0259 \u015f\u0259h\u0259r v\u0259 k\u0259ndimizi i\u015f\u011faldan azad etmi\u015fdir v\u0259 i\u015f\u011faldan azadetm\u0259 \u0259m\u0259liyyat\u0131m\u0131z u\u011furla davam edir. Bu g\u00fcn s\u0259h\u0259r m\u0259n\u0259 veril\u0259n m\u0259lumata g\u00f6r\u0259, Az\u0259rbaycan Ordusu bu istiqam\u0259td\u0259 daha b\u00f6y\u00fck u\u011furlara imza atd\u0131. Bu m\u0259s\u0259l\u0259 il\u0259 ba\u011fl\u0131 laz\u0131m olan vaxtda a\u00e7\u0131qlama veril\u0259c\u0259k.<\/p>\n<p>Erm\u0259nistan\u0131n bu xain h\u00fccumunun s\u0259b\u0259bi odur ki, onlar bu m\u00fcnaqi\u015f\u0259nin co\u011frafiyas\u0131n\u0131 geni\u015fl\u0259ndirm\u0259k, \u00fczv oldu\u011fu Kollektiv T\u0259hl\u00fck\u0259sizlik M\u00fcqavil\u0259si T\u0259\u015fkilat\u0131n\u0131 m\u00fcnaqi\u015f\u0259y\u0259 c\u0259lb etm\u0259k ist\u0259yirl\u0259r. M\u0259hz buna g\u00f6r\u0259 Erm\u0259nistan \u0259razisind\u0259n Az\u0259rbaycan torpaqlar\u0131n\u0131, m\u00fclki \u015f\u0259xsl\u0259ri at\u0259\u015f\u0259 tuturlar v\u0259 bizi cavab at\u0259\u015fin\u0259 t\u0259hrik edirl\u0259r. F\u0259q\u0259t m\u0259n demi\u015fdim ki, bizim qisas\u0131m\u0131z d\u00f6y\u00fc\u015f meydan\u0131nda olacaq. Biz he\u00e7 zaman m\u00fclki \u015f\u0259xsl\u0259r\u0259 qar\u015f\u0131 he\u00e7 bir add\u0131m atm\u0131r\u0131q v\u0259 bizim b\u00fct\u00fcn h\u0259d\u0259fl\u0259rimiz h\u0259rbi h\u0259d\u0259fl\u0259rdir. \u018fm\u0259liyyat\u0131n ilk g\u00fcnl\u0259rind\u0259n b\u00fct\u00fcn h\u0259rbi h\u0259d\u0259fl\u0259r bir daha n\u0259z\u0259rd\u0259n ke\u00e7irildi v\u0259 bizim d\u0259qiq, s\u0259rrast at\u0131\u015flar\u0131m\u0131z bu h\u0259d\u0259fl\u0259ri m\u0259hv etdi. Erm\u0259ni ordusuna \u00e7ox b\u00f6y\u00fck z\u0259r\u0259r vuruldu, 200-d\u0259n \u00e7ox tank, 2 \u201cS-300\u201d hava h\u00fccumuna qar\u015f\u0131 qur\u011fu, bir \u00e7ox ba\u015fqa texnika m\u0259hv edildi, 33 tank v\u0259 dig\u0259r texnika q\u0259nim\u0259t kimi g\u00f6t\u00fcr\u00fcld\u00fc.<\/p>\n<p>Bu, Erm\u0259nistan\u0131n n\u00f6vb\u0259ti terror akt\u0131d\u0131r. Ancaq bu terror akt\u0131 Az\u0259rbaycan xalq\u0131n\u0131n irad\u0259sini q\u0131ra bilm\u0259z. Biz d\u00fc\u015fm\u0259n\u0259 qar\u015f\u0131 daha b\u00f6y\u00fck \u0259zml\u0259, irad\u0259 il\u0259 vuru\u015faca\u011f\u0131q, daha \u0259zml\u0259, irad\u0259 il\u0259 \u00f6z torpaqlar\u0131m\u0131z\u0131 azad ed\u0259c\u0259yik v\u0259 Az\u0259rbaycan bayra\u011f\u0131n\u0131 i\u015f\u011fal edilmi\u015f b\u00fct\u00fcn torpaqlarda qald\u0131raca\u011f\u0131q.<\/p>\n<p>O ki qald\u0131, beyn\u0259lxalq t\u0259\u015fkilatlar\u0131n v\u0259 beyn\u0259lxalq ictimaiyy\u0259tin buna reaksiyas\u0131na, T\u00fcrkiy\u0259 h\u0259r zaman oldu\u011fu kimi, bizi bir daha bu m\u0259s\u0259l\u0259 il\u0259 ba\u011fl\u0131 a\u00e7\u0131q v\u0259 birm\u0259nal\u0131 d\u0259st\u0259kl\u0259di. \u018fziz qarda\u015f\u0131m R\u0259c\u0259b Tayyib \u018frdo\u011fan\u0131n a\u00e7\u0131qlamalar\u0131, dig\u0259r y\u00fcks\u0259k s\u0259viyy\u0259li v\u0259zif\u0259lil\u0259rin a\u00e7\u0131qlamalar\u0131 bir daha qarda\u015fl\u0131q m\u00f6vqeyinin t\u0259zah\u00fcr\u00fc idi. Pakistan v\u0259 onun Ba\u015f Naziri \u00e7ox b\u00f6y\u00fck h\u0259mr\u0259ylik g\u00f6st\u0259r\u0259r\u0259k \u00e7ox m\u00fcsb\u0259t a\u00e7\u0131qlama vermi\u015fdir, dig\u0259r \u00f6lk\u0259l\u0259r d\u0259 vermi\u015fdir. Ancaq dey\u0259 bilm\u0259r\u0259m ki, bu, d\u00fcnya miqyas\u0131nda geni\u015f v\u00fcs\u0259t alm\u0131\u015fd\u0131r. Halbuki h\u0259r k\u0259s \u00fc\u00e7\u00fcn bu, g\u00fcn kimi ayd\u0131nd\u0131r. At\u0259\u015fk\u0259s rejimi haqq\u0131nda a\u00e7\u0131qlama verilir, ondan bir g\u00fcn ke\u00e7m\u0259mi\u015f bel\u0259 nam\u0259rd h\u00fccum t\u0259\u015fkil edilir. Bu, bir daha onu g\u00f6st\u0259rir ki, at\u0259\u015fk\u0259si kim ist\u0259mir.<\/p>\n<p>M\u0259n demi\u015fdim, bizim h\u0259d\u0259fimiz, bizim m\u0259qs\u0259dimiz i\u015f\u011fal edilmi\u015f b\u00fct\u00fcn torpaqlara Az\u0259rbaycan v\u0259t\u0259nda\u015flar\u0131n\u0131 qaytarmaqd\u0131r. Bildirmi\u015fdim, at\u0259\u015fk\u0259s imkan ver\u0259c\u0259k ki, bu m\u0259s\u0259l\u0259 art\u0131q h\u0259rbi m\u00fcst\u0259vid\u0259n siyasi m\u00fcst\u0259viy\u0259, diplomatik m\u00fcst\u0259viy\u0259 ke\u00e7sin. Bu m\u0259s\u0259l\u0259 diplomatik m\u00fcst\u0259vid\u0259 dan\u0131\u015f\u0131qlar masas\u0131 arxas\u0131nda h\u0259ll olunsun v\u0259 Erm\u0259nistan h\u0259l\u0259 d\u0259 i\u015f\u011fal alt\u0131nda olan dig\u0259r torpaqlardan \u00e7\u0259kilsin, Az\u0259rbaycan v\u0259t\u0259nda\u015flar\u0131 oraya qay\u0131ts\u0131n v\u0259 s\u00fclh yarans\u0131n. Ancaq g\u00f6r\u00fcn\u00fcr ki, Erm\u0259nistan\u0131n planlar\u0131 tam ba\u015fqa imi\u015f. Onlar hesab edirmi\u015fl\u0259r ki, bu at\u0259\u015fk\u0259sd\u0259n istifad\u0259 ed\u0259r\u0259k, bunu istismar ed\u0259r\u0259k \u00f6z h\u0259rbi m\u0259\u011flubiyy\u0259tl\u0259rini bir q\u0259d\u0259r azalda bil\u0259rl\u0259r, vaxt qazana bil\u0259rl\u0259r, yeni q\u00fcvv\u0259l\u0259r s\u0259f\u0259rb\u0259r ed\u0259 bil\u0259rl\u0259r v\u0259 bel\u0259likl\u0259, Az\u0259rbaycana qar\u015f\u0131 h\u00fccumlar\u0131 davam etdir\u0259 bil\u0259rl\u0259r. Amma onlar yan\u0131ld\u0131lar. M\u0259n demi\u015fdim ki, \u0259g\u0259r Erm\u0259nistan m\u00fcsb\u0259t davran\u0131\u015f g\u00f6st\u0259rm\u0259s\u0259 pe\u015fman olacaq v\u0259 haql\u0131 idim.<\/p>\n<p><strong>&#8211; C\u0259nab Prezident, Sizin Xarici \u0130\u015fl\u0259r naziri Ceyhun Bayramov v\u0259 Erm\u0259nistan xarici i\u015fl\u0259r naziri 11 saat yar\u0131m davam ed\u0259n bir g\u00f6r\u00fc\u015f ke\u00e7irdil\u0259r. Siz, bu g\u00f6r\u00fc\u015f davam ed\u0259rk\u0259n a\u00e7\u0131qlama verdiniz, bir \u015f\u0259rtiniz var idi, biz\u0259 bir t\u0259qvim versinl\u0259r. Y\u0259ni, Erm\u0259nistan\u0131n Qaraba\u011fdan \u00e7\u0259kilm\u0259si \u00fc\u00e7\u00fcn bir t\u0259qvim verilsin. Moskvadak\u0131 g\u00f6r\u00fc\u015fd\u0259 bir t\u0259qvim, ya da Qaraba\u011f\u0131n g\u0259l\u0259c\u0259yin\u0259 dair Moskvan\u0131n ortaya qoydu\u011fu bir layih\u0259, bir plan oldumu?<\/strong><\/p>\n<p>&#8211; Xeyr, t\u0259qvim verilm\u0259di, biz d\u0259 \u00e7ox israr etm\u0259dik. \u00c7\u00fcnki Moskva anla\u015fmas\u0131nda, a\u00e7\u0131qlamas\u0131nda bizi qane ed\u0259n, bizim maraqlar\u0131m\u0131za cavab ver\u0259n madd\u0259l\u0259r bizi t\u0259min etdi. Onu da bildirm\u0259liy\u0259m ki, Moskva m\u00fczakir\u0259l\u0259rinin uzun \u00e7\u0259km\u0259sinin s\u0259b\u0259bi o idi ki, bizim \u00fc\u00e7\u00fcn m\u0259qbul olmayan b\u0259zi madd\u0259l\u0259r o a\u00e7\u0131qlamaya sal\u0131nmal\u0131 idi. Bizim bundan x\u0259b\u0259rimiz yox idi. Bizim Xarici \u0130\u015fl\u0259r nazirimiz Moskvaya g\u0259l\u0259nd\u0259 v\u0259 art\u0131q m\u00fczakir\u0259 masas\u0131na \u0259yl\u0259\u015f\u0259nd\u0259 h\u0259r iki nazir\u0259 t\u0259klifl\u0259r verildi. T\u0259bii ki, m\u0259niml\u0259 \u0259laq\u0259 saxlan\u0131ld\u0131 v\u0259 biz m\u00fcnt\u0259z\u0259m olaraq \u0259laq\u0259d\u0259 idik. M\u0259n bizim \u015f\u0259rtl\u0259rimizi demi\u015fdim v\u0259 o \u015f\u0259rtl\u0259rd\u0259n k\u0259narda h\u0259r hans\u0131 bir raz\u0131la\u015fma m\u00fcmk\u00fcn deyildi.<\/p>\n<p>Ona g\u00f6r\u0259 biz v\u0259ziyy\u0259ti n\u0259z\u0259r\u0259 alaraq, t\u0259qviml\u0259 \u0259laq\u0259dar m\u00f6vqeyimizi bir q\u0259d\u0259r yum\u015faltd\u0131q. Ancaq bu, o dem\u0259k deyil ki, bu t\u0259qvim olmayacaq, bu, olacaq. Ancaq n\u0259 zaman? Art\u0131q m\u00fczakir\u0259 prosesi \u00e7\u0259r\u00e7iv\u0259sind\u0259. O a\u00e7\u0131qlamada g\u00f6st\u0259rildi ki, m\u00fczakir\u0259l\u0259r baza prinsipl\u0259ri, y\u0259ni Madrid prinsipl\u0259ri \u0259sas\u0131nda b\u0259rpa edilir ki, o da i\u015f\u011fal alt\u0131ndak\u0131 torpaqlar\u0131m\u0131z\u0131n Az\u0259rbaycana qaytar\u0131lmas\u0131n\u0131 t\u0259sbit edir. Eyni zamanda, dan\u0131\u015f\u0131qlar format\u0131 d\u0259yi\u015fm\u0259z olaraq qal\u0131r. Y\u0259ni, dan\u0131\u015f\u0131qlar Erm\u0259nistan v\u0259 Az\u0259rbaycan aras\u0131nda apar\u0131lacaq. Qondarma \u201cDa\u011fl\u0131q Qaraba\u011f respublikas\u0131\u201dn\u0131n h\u0259r hans\u0131 bir n\u00fcmay\u0259nd\u0259sinin bu dan\u0131\u015f\u0131qlarda i\u015ftirak\u0131 m\u00fczakir\u0259 m\u00f6vzusu deyil. Bunlar bizi qane etdi. Bizim t\u0259xminimiz ondan ibar\u0259t idi ki, art\u0131q d\u0259rhal dan\u0131\u015f\u0131qlar ba\u015flas\u0131n v\u0259 t\u0259qvim m\u0259hz bu dan\u0131\u015f\u0131qlar \u00e7\u0259r\u00e7iv\u0259sind\u0259 biz\u0259 t\u0259qdim edilsin. Bu t\u0259qvim bizi qane etm\u0259lidir. Y\u0259ni, bu, \u00e7ox uzunm\u00fcdd\u0259tli proses ola bilm\u0259z. Biz otuz il g\u00f6zl\u0259mi\u015fik. Art\u0131q Az\u0259rbaycan xalq\u0131n\u0131n s\u0259bri t\u00fck\u0259nibdir. \u018fg\u0259r dan\u0131\u015f\u0131qlar b\u0259rpa edil\u0259rs\u0259, \u0259min\u0259m ki, bu t\u0259qvim biz\u0259 veril\u0259c\u0259k. Ancaq Erm\u0259nistan\u0131n bu anla\u015fman\u0131, bu a\u00e7\u0131qlaman\u0131 pozmas\u0131 g\u00f6st\u0259rir ki, onlar\u0131n niyy\u0259ti, sad\u0259c\u0259 olaraq, vaxt qazanmaq v\u0259 Az\u0259rbaycana \u00f6z h\u00fccumunu davam etdirm\u0259kdir.<\/p>\n<p><strong>&#8211; C\u0259nab Prezident, Da\u011fl\u0131q Qaraba\u011f\u0131n m\u00fcst\u0259qilliyi il\u0259 ba\u011fl\u0131 Erm\u0259nistan\u0131n c\u0259hdl\u0259ri var. Erm\u0259nistan Fransada, Rusiyada, h\u0259tta erm\u0259ni diasporunun g\u00fccl\u00fc oldu\u011fu dig\u0259r \u00f6lk\u0259l\u0259rd\u0259 siyasi t\u0259zyiq formala\u015fd\u0131rma\u011fa \u00e7al\u0131\u015f\u0131r. Qaraba\u011f\u0131n i\u015f\u011faldan azad edilm\u0259si m\u0259s\u0259l\u0259sind\u0259 Siz q\u0259tiyy\u0259tlisiniz. Qaraba\u011f i\u015f\u011faldan azad edildikd\u0259n sonra Sizin nec\u0259 bir modeliniz var? Bir muxtar b\u00f6lg\u0259, m\u00fcst\u0259qil bir struktur, nec\u0259 bir proses olacaq Qaraba\u011fla ba\u011fl\u0131?<\/strong><\/p>\n<p>&#8211; Birincisi, onu dem\u0259liy\u0259m ki, Erm\u0259nistan\u0131n haz\u0131rda g\u00f6st\u0259rdiyi c\u0259hdl\u0259r yersizdir v\u0259 onlar\u0131n \u00f6zl\u0259ri \u00fc\u00e7\u00fcn z\u0259r\u0259rlidir. \u00c7\u00fcnki birinci n\u00f6vb\u0259d\u0259 he\u00e7 bir \u00f6lk\u0259 Az\u0259rbaycan\u0131n ayr\u0131lmaz hiss\u0259si olan v\u0259 beyn\u0259lxalq h\u00fcquq bax\u0131m\u0131ndan Az\u0259rbaycana m\u0259nsub olan Da\u011fl\u0131q Qaraba\u011fa m\u00fcst\u0259qillik verm\u0259y\u0259c\u0259k, onu tan\u0131mayacaq. Bel\u0259 olan halda bu c\u0259hdl\u0259r s\u0259m\u0259r\u0259siz qalacaq. Az\u0259rbaycan\u0131n \u0259razi b\u00fct\u00f6vl\u00fcy\u00fc b\u00fct\u00fcn d\u00fcnya t\u0259r\u0259find\u0259n tan\u0131n\u0131b. Bax\u0131n, Minsk qrupuna h\u0259ms\u0259drlik ed\u0259n \u00f6lk\u0259l\u0259r, onlar bizim \u0259razi b\u00fct\u00f6vl\u00fcy\u00fcm\u00fcz\u00fc tan\u0131y\u0131r. Avropa \u0130ttifaq\u0131 il\u0259 bizim \u201cT\u0259r\u0259fda\u015fl\u0131q prioritetl\u0259ri\u201d adl\u0131 s\u0259n\u0259d paraflanm\u0131\u015fd\u0131r. Orada Az\u0259rbaycan\u0131n \u0259razi b\u00fct\u00f6vl\u00fcy\u00fcn\u0259, suverenliyin\u0259, s\u0259rh\u0259dl\u0259rimizin toxunulmazl\u0131\u011f\u0131na d\u0259st\u0259k g\u00f6st\u0259rilir. Y\u0259ni, m\u0259n inanm\u0131ram ki, h\u0259r hans\u0131 bir \u00f6lk\u0259 Da\u011fl\u0131q Qaraba\u011f\u0131n m\u00fcst\u0259qilliyini tan\u0131s\u0131n. \u00c7\u00fcnki bundan he\u00e7 bir saat ke\u00e7m\u0259mi\u015f bu \u00f6lk\u0259 il\u0259 biz b\u00fct\u00fcn diplomatik \u0259laq\u0259l\u0259rimizi k\u0259s\u0259rik. Bu, m\u00fctl\u0259qdir. Ona g\u00f6r\u0259 Erm\u0259nistan\u0131n bu c\u0259hdl\u0259ri, sad\u0259c\u0259 olaraq, daxil\u0259, y\u0259ni, \u00f6z ictimaiyy\u0259tin\u0259 hesablan\u0131b ki, sanki bunlar da h\u0259r hans\u0131 bir diplomatik f\u0259aliyy\u0259td\u0259dirl\u0259r.<\/p>\n<p>O ki qald\u0131, s\u00fclhd\u0259n sonrak\u0131 d\u00f6n\u0259m\u0259, bizim m\u00f6vqeyimizd\u0259 h\u0259r hansi bir d\u0259yi\u015fiklik yoxdur. Bizim m\u00f6vqeyimiz h\u0259m tarixi \u0259dal\u0259t\u0259, beyn\u0259lxalq h\u00fcquqa v\u0259 d\u00fcnyada m\u00f6vcud olan m\u00fcsb\u0259t t\u0259cr\u00fcb\u0259y\u0259 \u0259saslan\u0131r. Y\u0259ni, birinci m\u0259rh\u0259l\u0259d\u0259 i\u015f\u011fal olunmu\u015f rayonlardan erm\u0259ni silahl\u0131 q\u00fcvv\u0259l\u0259ri \u00e7\u0131xar\u0131l\u0131r. Prinsip etibaril\u0259 bu m\u0259s\u0259l\u0259 art\u0131q Minsk qrupu \u00e7\u0259r\u00e7iv\u0259sind\u0259 t\u0259sbit edilib, &#8211; be\u015f rayon, ondan sonra iki rayon, ondan sonra Da\u011fl\u0131q Qaraba\u011f\u0131n \u00f6z\u00fcnd\u0259n, \u015eu\u015fadan, Xank\u0259ndid\u0259n, &#8211; orada bir \u00e7ox k\u0259ndl\u0259rd\u0259 az\u0259rbaycanl\u0131lar ya\u015fay\u0131b, &#8211; Az\u0259rbaycan v\u0259t\u0259nda\u015flar\u0131 oraya qay\u0131d\u0131r v\u0259 Da\u011fl\u0131q Qaraba\u011f\u0131n g\u0259l\u0259c\u0259yi il\u0259 \u0259laq\u0259dar m\u00fczakir\u0259l\u0259r davam edir. Ancaq yeni bir \u015f\u0259raitd\u0259, yeni bir iqlim \u00e7\u0259r\u00e7iv\u0259sind\u0259. Art\u0131q biz s\u00fclh\u0259 daha da yax\u0131nla\u015faca\u011f\u0131q. Ona g\u00f6r\u0259 orada ya\u015fayan erm\u0259nil\u0259rl\u0259 \u0259laq\u0259dar bizim m\u00f6vqeyimizd\u0259 d\u0259yi\u015fiklik yoxdur. Az\u0259rbaycan \u00e7oxmill\u0259tli d\u00f6vl\u0259tdir. Az\u0259rbaycan\u0131n m\u00fcxt\u0259lif yerl\u0259rind\u0259, ilk n\u00f6vb\u0259d\u0259, Bak\u0131 \u015f\u0259h\u0259rind\u0259 minl\u0259rl\u0259 erm\u0259ni ya\u015fay\u0131r v\u0259 onlar bizim v\u0259t\u0259nda\u015f\u0131m\u0131zd\u0131r. Bizim \u00f6lk\u0259mizd\u0259 bir \u00e7ox mill\u0259tl\u0259r ya\u015fay\u0131r v\u0259 bu, \u00f6lk\u0259mizin g\u00fcc\u00fcn\u00fc art\u0131r\u0131r. Ona g\u00f6r\u0259 Da\u011fl\u0131q Qaraba\u011fda ya\u015fayan erm\u0259nil\u0259r narahat olmas\u0131nlar. Biz onlar\u0131n can\u0131n\u0131 o kriminal xunta rejimind\u0259n qurtarandan sonra onlar daha yax\u015f\u0131 ya\u015fayacaq, daha g\u00fcv\u0259nli, daha t\u0259hl\u00fck\u0259siz \u015f\u0259raitd\u0259 ya\u015fayacaq v\u0259 onlar\u0131n rifah\u0131 daha da artacaq. \u00c7\u00fcnki orada indi s\u0259fal\u0259t h\u00f6km s\u00fcr\u00fcr. Biz oraya s\u0259rmay\u0259 d\u0259 yat\u0131rar\u0131q, biz orada sosial proqramlar da icra ed\u0259rik, i\u015f yerl\u0259rinin yarad\u0131lmas\u0131 il\u0259 \u0259laq\u0259dar proqramlar\u0131m\u0131z olacaqd\u0131r. B\u00fct\u00fcn bunlar orada ya\u015fayan erm\u0259nil\u0259r v\u0259 oraya qay\u0131dacaq az\u0259rbaycanl\u0131lar \u00fc\u00e7\u00fcn yeni bir m\u0259rh\u0259l\u0259 olacaq. Bizim m\u00f6vqeyimiz bundan ibar\u0259tdir. Erm\u0259nistan\u0131n m\u00f6vqeyi is\u0259 az\u0259rbaycanl\u0131lar\u0131 oradan qovmaq, etnik t\u0259mizl\u0259m\u0259 aparmaq, Az\u0259rbaycan\u0131n tarixi-dini abid\u0259l\u0259rini yerl\u0259-yeksan etm\u0259k v\u0259 ondan sonra elan etm\u0259k ki, bu, q\u0259dim Erm\u0259nistan torpa\u011f\u0131d\u0131r. Halbuki erm\u0259nil\u0259r oraya \u00e7ar Rusiyas\u0131 t\u0259r\u0259find\u0259n XIX \u0259srin \u0259vv\u0259lind\u0259 k\u00f6\u00e7\u00fcr\u00fcl\u00fcb. Bu, tarixdir. Bu tarixi biz bilirik. Ona g\u00f6r\u0259 bizim m\u00f6vqeyimiz bundan ibar\u0259tdir. Az\u0259rbaycan xalq\u0131 bu m\u00f6vqeyi bilir v\u0259 bunu d\u0259st\u0259kl\u0259yir.<\/p>\n<p><strong>&#8211; C\u0259nab Prezident, bu fikirl\u0259rinizd\u0259n ba\u015fa d\u00fc\u015fd\u00fcy\u00fcm q\u0259d\u0259r, Siz, t\u0259kc\u0259 \u0259m\u0259liyyat\u0131 deyil, \u0259m\u0259liyyat sonras\u0131n\u0131 da izah etdiniz, m\u0259rh\u0259l\u0259-m\u0259rh\u0259l\u0259 konsepsiyas\u0131ndan b\u0259hs etdiniz. Ancaq bilirik ki, m\u00fcnaqi\u015f\u0259 d\u00f6vr\u00fcnd\u0259 \u00e7ox b\u00f6y\u00fck k\u0259d\u0259r ya\u015fand\u0131, Qaraba\u011fda 30 min Az\u0259rbaycan t\u00fcrk\u00fc h\u0259lak oldu, \u015f\u0259hid oldu. Yenid\u0259n o co\u011frafiyada xalqlar birlikd\u0259 ya\u015faya bil\u0259c\u0259kmi? Yaxud, erm\u0259nil\u0259r v\u0259 Az\u0259rbaycan t\u00fcrkl\u0259ri ayr\u0131-ayr\u0131 rayonlarda ya\u015fayacaqlar? Nec\u0259 bir planla\u015fd\u0131rma olacaq?<\/strong><\/p>\n<p>&#8211; Bilirsiniz, Az\u0259rbaycan xalq\u0131 \u00e7ox xeyirxah xalqd\u0131r. M\u0259hz ona g\u00f6r\u0259 Az\u0259rbaycanda onlarla dig\u0259r xalqlar\u0131n n\u00fcmay\u0259nd\u0259l\u0259ri ya\u015fay\u0131rlar, s\u00fclh, l\u0259yaq\u0259t i\u00e7ind\u0259 ya\u015fay\u0131rlar. Odur ki, m\u0259n tam \u0259min\u0259m, erm\u0259nil\u0259r v\u0259 az\u0259rbaycanl\u0131lar o b\u00f6lg\u0259l\u0259rd\u0259 bir yerd\u0259 ya\u015faya bil\u0259rl\u0259r. Nec\u0259 ki, bu g\u00fcn Az\u0259rbaycan\u0131n dig\u0259r yerl\u0259rind\u0259, nec\u0259 ki, m\u0259s\u0259l\u0259n G\u00fcrc\u00fcstanda. G\u00fcrc\u00fcstanda 300 mind\u0259n \u00e7ox az\u0259rbaycanl\u0131 v\u0259 t\u0259qrib\u0259n 200 min\u0259 yax\u0131n erm\u0259ni \u0259hali var. B\u0259zi k\u0259ndl\u0259rd\u0259 onlar bir yerd\u0259 ya\u015fay\u0131rlar, bir k\u0259ndd\u0259. Onlar\u0131n aras\u0131nda h\u0259r hans\u0131 bir problem yoxdur. Onlar normal qon\u015fu kimi ya\u015fay\u0131rlar, Rusiyada da, Ukraynada da, dig\u0259r \u00f6lk\u0259l\u0259rd\u0259 d\u0259. Niy\u0259 d\u0259 bunu burada ed\u0259 bilm\u0259rik?<\/p>\n<p>M\u0259n hesab edir\u0259m ki, biz buna haz\u0131r olmal\u0131y\u0131q. Biz xalqlar\u0131m\u0131z\u0131 buna haz\u0131rlamal\u0131y\u0131q. M\u0259nim bu g\u00fcn siz\u0259 dediyim s\u00f6zl\u0259r Az\u0259rbaycan xalq\u0131 t\u0259r\u0259find\u0259n q\u0259bul edilir v\u0259 d\u0259st\u0259kl\u0259nir. Bu, eyni zamanda, bu g\u00fcn Da\u011fl\u0131q Qaraba\u011fda ya\u015fayan erm\u0259nil\u0259r\u0259 d\u0259 m\u0259nim m\u00fcraci\u0259timdir. Onlar bilsinl\u0259r ki, Az\u0259rbaycan xalq\u0131 onlar\u0131n d\u00fc\u015fm\u0259ni deyil. Sad\u0259c\u0259 olaraq, Az\u0259rbaycan xalq\u0131 \u00f6z d\u0259d\u0259-baba torpaqlar\u0131nda ya\u015famaq ist\u0259yir. Buna Az\u0259rbaycan xalq\u0131n\u0131n haqq\u0131 var. Onlar da ya\u015fas\u0131nlar, biz d\u0259 ya\u015fayaq. Amma bizi qovsunlar, onlar ya\u015fas\u0131nlar, bu, \u0259dal\u0259tli deyil. Biz buna he\u00e7 vaxt raz\u0131 ola bilm\u0259rik.<\/p>\n<p>\u018flb\u0259tt\u0259 ki, h\u0259r bir m\u00fcharib\u0259 s\u00fclh il\u0259 n\u0259tic\u0259l\u0259nir. Ona g\u00f6r\u0259, indi biz m\u00fcharib\u0259d\u0259n sonrak\u0131 m\u0259rh\u0259l\u0259y\u0259 d\u0259 baxmal\u0131y\u0131q. \u018fg\u0259r h\u0259r iki t\u0259r\u0259fd\u0259 g\u00fccl\u00fc siyasi irad\u0259 olarsa v\u0259 beyn\u0259lxalq t\u0259\u015fkilatlar bu m\u0259s\u0259l\u0259d\u0259 biz\u0259 k\u00f6m\u0259k ed\u0259rs\u0259, hesab edir\u0259m ki, buna nail olmaq m\u00fcmk\u00fcn olacaq. O q\u0259d\u0259r d\u0259 asan olmayacaq. Ancaq biz \u00e7al\u0131\u015fmal\u0131y\u0131q ki, buna nail olaq.<\/p>\n<p><strong>&#8211; C\u0259nab Prezident, haz\u0131rda Erm\u0259nistan Az\u0259rbaycan\u0131n ya\u015fay\u0131\u015f m\u0259nt\u0259q\u0259l\u0259rini at\u0259\u015f\u0259 tutur. Az\u0259rbaycan is\u0259 \u0259m\u0259liyyat zaman\u0131 yaln\u0131z h\u0259rbi obyektl\u0259ri h\u0259d\u0259f\u0259 al\u0131r, ancaq Qaraba\u011f b\u00f6lg\u0259sind\u0259ki \u0259razil\u0259rd\u0259 \u0259m\u0259liyyat h\u0259yata ke\u00e7irir. Amma Erm\u0259nistan G\u0259nc\u0259ni, Ming\u0259\u00e7eviri, B\u0259rd\u0259ni, m\u00fclki \u0259halinin ya\u015fad\u0131\u011f\u0131 dig\u0259r yerl\u0259ri h\u0259d\u0259f\u0259 al\u0131r. Bundan m\u0259qs\u0259d panika, xaos v\u0259 qorxu yaratmaqd\u0131rm\u0131? Siz haz\u0131rda Az\u0259rbaycan xalq\u0131n\u0131n bu psixologiyas\u0131n\u0131 nec\u0259 g\u00f6r\u00fcrs\u00fcn\u00fcz?<\/strong><\/p>\n<p>&#8211; Siz haql\u0131s\u0131n\u0131z, m\u0259qs\u0259d budur, panika yaratmaq, xaos yaratmaq, qorxu yaratmaq. Bu g\u00fcn Az\u0259rbaycan tam ba\u015fqa bir \u00f6lk\u0259dir. Bu g\u00fcn yeni n\u0259sil yeti\u015fib. M\u00fcst\u0259qillik \u015f\u0259raitind\u0259 yeni v\u0259t\u0259np\u0259rv\u0259r, h\u0259m m\u0259n\u0259vi, h\u0259m d\u0259 fiziki c\u0259h\u0259td\u0259n g\u00fccl\u00fc insanlar yeti\u015fibdir. Eyni zamanda, ya\u015fl\u0131 n\u0259sil d\u0259 bu g\u00fcn tam ba\u015fqa bir d\u00fcnyag\u00f6r\u00fc\u015f\u00fcn\u0259 malikdir. D\u00f6vl\u0259timizin g\u00fccl\u00fc irad\u0259si var, g\u00fccl\u00fc ordumuz var. M\u0259hz buna g\u00f6r\u0259 bu xain h\u00fccumlar bizim irad\u0259mizi q\u0131ra bilm\u0259di. Erm\u0259ni v\u0259h\u015filiyind\u0259n \u0259n \u00e7ox z\u0259r\u0259r \u00e7\u0259k\u0259n T\u0259rt\u0259r \u015f\u0259h\u0259ridir. T\u0259rt\u0259r \u015f\u0259h\u0259rin\u0259 minl\u0259rl\u0259 m\u0259rmi d\u00fc\u015f\u00fcb. T\u0259rt\u0259r balaca bir \u015f\u0259h\u0259rdir, G\u0259nc\u0259 kimi b\u00f6y\u00fck \u015f\u0259h\u0259r deyil. Bu g\u00fcn s\u0259h\u0259r m\u0259n\u0259 veril\u0259n m\u0259lumata g\u00f6r\u0259, 100-d\u0259n \u00e7ox m\u0259rmi s\u0259h\u0259r saat 7-d\u0259n indi saat 10-un yar\u0131s\u0131d\u0131r, 2 saat yar\u0131m \u0259rzind\u0259 mind\u0259n \u00e7ox m\u0259rmi T\u0259rt\u0259r \u015f\u0259h\u0259rin\u0259 d\u00fc\u015f\u00fcb. Amma t\u0259rt\u0259rlil\u0259r bir da\u011f kimi, bir yumruq kimi dayan\u0131blar, he\u00e7 bir yer\u0259 getmirl\u0259r v\u0259 deyirl\u0259r, \u00f6ld\u00fc var, d\u00f6nd\u00fc yoxdur. H\u0259m\u00e7inin A\u011fdamda da, Goranboyda da, A\u011fcab\u0259did\u0259 d\u0259, c\u0259bh\u0259 x\u0259ttin\u0259 yax\u0131n olan b\u00fct\u00fcn ba\u015fqa b\u00f6lg\u0259l\u0259rd\u0259 d\u0259 bel\u0259dir. Onlar d\u00fc\u015fm\u0259nl\u0259 \u00fcz-\u00fcz\u0259 ya\u015fama\u011fa \u00f6yr\u0259\u015fibl\u0259r. 2016-c\u0131 ild\u0259, m\u0259\u015fhur Aprel d\u00f6y\u00fc\u015fl\u0259rind\u0259n sonra m\u0259n erm\u0259ni v\u0259h\u015filiyind\u0259n z\u0259r\u0259r \u00e7\u0259kmi\u015f b\u00f6lg\u0259l\u0259r\u0259 getdim v\u0259 bir k\u0259ndd\u0259 oldum. O k\u0259ndd\u0259n erm\u0259ni m\u00f6vqel\u0259rin\u0259 m\u0259saf\u0259 100-150 metr idi. Bizim h\u0259rb\u00e7il\u0259r m\u0259n\u0259 dedil\u0259r ki, oraya getm\u0259yin. Getm\u0259yin, ora t\u0259hl\u00fck\u0259lidir. Dedim, orada bizim insanlar ya\u015fay\u0131r, onlar \u00fc\u00e7\u00fcn t\u0259hl\u00fck\u0259li deyilmi? Onlar n\u0259 q\u0259d\u0259r c\u0259sar\u0259tli, n\u0259 q\u0259d\u0259r q\u00fcrurlu insanlard\u0131r ki, orada d\u00fc\u015fm\u0259nin at\u0259\u015fi alt\u0131nda ya\u015fay\u0131r, qurur, \u00f6vladlar\u0131n\u0131 b\u00f6y\u00fcd\u00fcr. Az\u0259rbaycan xalq\u0131, bax, bu xalqd\u0131r!<\/p>\n<p>Ona g\u00f6r\u0259 bu xain h\u00fccumlar bizi z\u0259rr\u0259 q\u0259d\u0259r d\u0259 yolumuzdan d\u00f6nd\u0259r\u0259 bilm\u0259z. Erm\u0259nistan\u0131n dig\u0259r bir m\u0259qs\u0259di bizi dayand\u0131rmaqd\u0131r. Onlar z\u0259nn edirl\u0259r ki, bu xain z\u0259rb\u0259l\u0259r bizi dayand\u0131racaq. Bizi he\u00e7 kim dayand\u0131ra bilm\u0259z. \u00c7\u00fcnki biz haqq yolunday\u0131q, bu yolu davam edirik v\u0259 u\u011furla davam edirik. Bayra\u011f\u0131m\u0131z\u0131 qald\u0131r\u0131r\u0131q, torpaqlar\u0131m\u0131z\u0131 azad edirik v\u0259 sona q\u0259d\u0259r bu yolu ged\u0259c\u0259yik!<\/p>\n<p><strong>&#8211; C\u0259nab Prezident, Minsk qrupu il\u0259 ba\u011fl\u0131. M\u00fcnaqi\u015f\u0259nin 30 ildir davam etm\u0259sin\u0259 baxmayaraq, bir h\u0259ll yolu tap\u0131lmad\u0131. D\u00fcn\u0259n bir media qurumuna m\u00fcsahib\u0259nizd\u0259 format\u0131n yenid\u0259n n\u0259z\u0259rd\u0259n ke\u00e7iril\u0259 bil\u0259c\u0259yini, daha do\u011frusu, t\u0259rkibin d\u0259yi\u015f\u0259 bil\u0259c\u0259yini dediniz. Bu t\u0259rkib nec\u0259 olmal\u0131d\u0131r? T\u00fcrkiy\u0259 masada rol almal\u0131d\u0131rm\u0131? \u00c7\u00fcnki s\u0259h\u0259r saatlar\u0131nda Rusiyadan bir a\u00e7\u0131qlama g\u0259ldi, T\u00fcrkiy\u0259nin o masada olmas\u0131 \u00e7ox da arzu edilmir. Bu m\u0259s\u0259l\u0259y\u0259 nec\u0259 bax\u0131rs\u0131n\u0131z? Bir d\u0259 bununla ba\u011fl\u0131 daha bir sual verm\u0259k ist\u0259yir\u0259m. C\u0259nab Prezident, Rusiya bu prosesd\u0259 Qaraba\u011fa s\u00fclhm\u0259raml\u0131lar g\u00f6nd\u0259rm\u0259k ist\u0259y\u0259rs\u0259, Sizin buna m\u00fcnasib\u0259tiniz nec\u0259 olar? S\u0259hv etmir\u0259ms\u0259 bir media qurumunda bel\u0259 bir sual il\u0259 qar\u015f\u0131la\u015fm\u0131\u015fd\u0131n\u0131z?<\/strong><\/p>\n<p>&#8211; \u0130lk n\u00f6vb\u0259d\u0259, onu bildirm\u0259liy\u0259m ki, s\u00fclhm\u0259raml\u0131lar\u0131n b\u00f6lg\u0259y\u0259 g\u00f6nd\u0259rilm\u0259si h\u0259r iki \u00f6lk\u0259nin &#8211; Erm\u0259nistan\u0131n v\u0259 Az\u0259rbaycan\u0131n raz\u0131l\u0131\u011f\u0131 \u0259sas\u0131nda olmal\u0131d\u0131r. H\u0259m\u00e7inin s\u00fclhm\u0259raml\u0131lar\u0131n g\u00f6nd\u0259rilm\u0259si v\u0259 s\u00fclhm\u0259raml\u0131lar\u0131n t\u0259rkibi. Y\u0259ni orada kim olacaq, hans\u0131 \u00f6lk\u0259l\u0259r olacaq? \u018fg\u0259r h\u0259r hans\u0131 bir \u00f6lk\u0259 veto qoyarsa, t\u0259bii ki, bu, olmayacaq. \u0130kinci m\u0259s\u0259l\u0259 ondan ibar\u0259tdir ki, h\u0259r k\u0259s anlamal\u0131d\u0131r bu g\u00fcn s\u00fclhm\u0259raml\u0131lar\u0131n g\u00f6nd\u0259rilm\u0259si dey\u0259nd\u0259 Az\u0259rbaycan torpaqlar\u0131ndan, suveren Az\u0259rbaycan \u0259razisind\u0259n s\u00f6hb\u0259t gedir. Bizim icaz\u0259miz olmadan h\u0259r hans\u0131 \u00f6lk\u0259 s\u00fclhm\u0259raml\u0131lar\u0131n\u0131 bizim torpa\u011f\u0131m\u0131za g\u00f6nd\u0259r\u0259 bilm\u0259z. Bu, qanuna ziddir. Bu, beyn\u0259lxalq h\u00fcquqa ziddir. Bu, q\u0259buledilm\u0259zdir.<\/p>\n<p>Ona g\u00f6r\u0259 bizd\u0259 bel\u0259 bir narahatl\u0131q yoxdur. Bel\u0259 s\u0259yl\u0259r, bel\u0259 ist\u0259kl\u0259r ola bil\u0259r. M\u0259n bunu istisna etmir\u0259m. Ancaq b\u00fct\u00fcn m\u0259s\u0259l\u0259l\u0259r masa \u00fcz\u0259rind\u0259 olmal\u0131d\u0131r. Onu da bildirm\u0259liy\u0259m ki, m\u00fczakir\u0259 m\u00f6vzusu olan baza prinsipl\u0259rind\u0259 s\u00fclhm\u0259raml\u0131lar\u0131n g\u00f6nd\u0259rilm\u0259si \u0259n son m\u0259rh\u0259l\u0259d\u0259 n\u0259z\u0259rd\u0259 tutulur. Y\u0259ni, ilk n\u00f6vb\u0259d\u0259, bayaq qeyd etdiyim m\u0259s\u0259l\u0259l\u0259r h\u0259ll edilm\u0259lidir &#8211; torpaqlar\u0131n bo\u015fald\u0131lmas\u0131, m\u0259cburi k\u00f6\u00e7k\u00fcnl\u0259rin qaytar\u0131lmas\u0131, s\u0259rh\u0259dl\u0259rin a\u00e7\u0131lmas\u0131, n\u0259qliyyat v\u0259 ticar\u0259t \u0259laq\u0259l\u0259rinin qurulmas\u0131. Ondan sonra s\u00fclhm\u0259raml\u0131lar\u0131n g\u0259tirilm\u0259si d\u0259 istisna deyil. Ancaq n\u0259z\u0259r\u0259 alsaq ki, bu 30 illik m\u00fczakir\u0259 m\u00fcdd\u0259tind\u0259 biz m\u00fcsb\u0259t n\u0259tic\u0259y\u0259 yax\u0131nla\u015fmad\u0131q v\u0259 bu m\u0259s\u0259l\u0259 he\u00e7 m\u00fczakir\u0259 d\u0259 olunmay\u0131b. Ona g\u00f6r\u0259 bu m\u0259s\u0259l\u0259 il\u0259 ba\u011fl\u0131 h\u0259r hans\u0131 bir f\u0259rziyy\u0259, ist\u0259k ola bil\u0259r. Ancaq Az\u0259rbaycan\u0131n raz\u0131l\u0131\u011f\u0131 olmadan bu, m\u00fcmk\u00fcn deyil.<\/p>\n<p>O ki qald\u0131, Minsk qrupunun f\u0259aliyy\u0259ti il\u0259 \u0259laq\u0259dar m\u0259s\u0259l\u0259y\u0259, m\u0259n art\u0131q bir ne\u00e7\u0259 d\u0259f\u0259 demi\u015f\u0259m ki, Minsk qrupu 1992-ci ild\u0259 yarad\u0131ld\u0131. O zaman hans\u0131 \u0259saslar buna s\u0259b\u0259b oldu biz bilmirik. O qrupda el\u0259 \u00f6lk\u0259l\u0259r var ki, he\u00e7 bu b\u00f6lg\u0259 il\u0259 maraqlanm\u0131rlar. He\u00e7 bu b\u00f6lg\u0259d\u0259 onlar\u0131n h\u0259r hans\u0131 maraqlar\u0131 da yoxdur, t\u0259siri d\u0259 yoxdur. Ona g\u00f6r\u0259 \u0259g\u0259r bu m\u00fcnaqi\u015f\u0259nin h\u0259ll edilm\u0259sini ist\u0259yirl\u0259rs\u0259, &#8211; biz bunu ist\u0259yirik, &#8211; el\u0259 \u00f6lk\u0259l\u0259r olmal\u0131d\u0131r ki, onlar real h\u0259yatda s\u00fclh\u00fcn t\u0259min olunmas\u0131na xidm\u0259t ed\u0259 bilsinl\u0259r.<\/p>\n<p>T\u0259bii ki, biz qarda\u015f T\u00fcrkiy\u0259ni bu prosesd\u0259 g\u00f6r\u00fcr\u00fck. Biz bunu alq\u0131\u015flay\u0131r\u0131q. Biz bilirik ki, Minsk qrupu AT\u018fT t\u0259r\u0259find\u0259n qurulmu\u015fdur v\u0259 AT\u018fT-in \u00f6z qaydalar\u0131 var. O qrupun t\u0259rkibinin d\u0259yi\u015fdirilm\u0259sinin y\u0259qin ki, h\u00fcquqi prosedurlar\u0131 var. Biz o d\u0259rinliy\u0259 getm\u0259k ist\u0259mirik. Ona g\u00f6r\u0259 m\u0259n demi\u015f\u0259m ki, de-yure, ya da de-fakto, f\u0259rq etm\u0259z. \u018fsas odur ki, T\u00fcrkiy\u0259 bu masada olsun. Onsuz da var. \u00c7\u00fcnki \u0259ziz qarda\u015f\u0131m, h\u00f6rm\u0259tli R\u0259c\u0259b Tayyib \u018frdo\u011fan Qaraba\u011f m\u0259s\u0259l\u0259si il\u0259 ba\u011fl\u0131 h\u00f6rm\u0259tli Putinl\u0259 d\u0259f\u0259l\u0259rl\u0259 g\u00f6r\u00fc\u015fm\u00fc\u015fd\u00fcr, d\u0259f\u0259l\u0259rl\u0259 dan\u0131\u015fm\u0131\u015fd\u0131r. Art\u0131q uzun ill\u0259rdir, y\u0259ni, on ild\u0259n \u00e7oxdur ki, bu m\u0259s\u0259l\u0259 T\u00fcrkiy\u0259-Rusiya g\u00fcnd\u0259liyind\u0259 duran bir m\u0259s\u0259l\u0259dir. M\u0259nim bundan x\u0259b\u0259rim var. H\u0259m T\u00fcrkiy\u0259 Prezidenti, h\u0259m Rusiya Prezidenti bu haqda m\u0259n\u0259 demi\u015fdil\u0259r. Onsuz da T\u00fcrkiy\u0259 var. \u0130ndi daha \u00e7ox, daha b\u00f6y\u00fck h\u0259cmd\u0259, daha b\u00f6y\u00fck miqyasda var.<\/p>\n<p>Bilirsiniz ki, T\u00fcrkiy\u0259nin Xarici \u0130\u015fl\u0259r naziri c\u0259nab M\u00f6vlud \u00c7avu\u015fo\u011flu c\u0259nab Lavrovla, T\u00fcrkiy\u0259nin M\u00fcdafi\u0259 naziri c\u0259nab Hulusi Akar c\u0259nab \u015eoyqu il\u0259 telefonla dan\u0131\u015f\u0131rlar. Kim dey\u0259 bil\u0259r ki, T\u00fcrkiy\u0259 prosesd\u0259 yoxdur. T\u00fcrkiy\u0259 yoxdursa, n\u0259 \u00fc\u00e7\u00fcn dan\u0131\u015f\u0131rs\u0131n\u0131z? T\u00fcrkiy\u0259 var. Biz d\u0259 \u0259limizd\u0259n g\u0259l\u0259ni ed\u0259c\u0259yik ki, bundan sonra da olsun. \u00c7\u00fcnki T\u00fcrkiy\u0259nin burada i\u015ftirak\u0131 olmasa, bu m\u0259s\u0259l\u0259 h\u0259ll edil\u0259 bilm\u0259z. Bunu h\u0259r k\u0259s anlamal\u0131d\u0131r. O ki qald\u0131, yen\u0259 d\u0259 deyir\u0259m, bu m\u0259s\u0259l\u0259nin formal t\u0259r\u0259fin\u0259, bu formal t\u0259r\u0259f qala bil\u0259r, Minsk qrupu da qala bil\u0259r, onsuz da 30 il \u0259rzind\u0259 bir n\u0259tic\u0259 hasil etm\u0259di. Ancaq bu m\u0259s\u0259l\u0259 n\u0259 q\u0259d\u0259r tez h\u0259ll olunarsa, o q\u0259d\u0259r d\u0259 tez Minsk qrupuna ehtiyac qalmayacaq.<\/p>\n<p><strong>&#8211; C\u0259nab Prezident, bir t\u0259r\u0259fd\u0259n Erm\u0259nistan\u0131n ba\u015f naziri Pa\u015finyan \u0259m\u0259liyyatdan \u0259vv\u0259l \u015eu\u015fada r\u0259qs etdi, xalq\u0131n\u0131 co\u015fdurma\u011fa \u00e7al\u0131\u015fd\u0131. Bir t\u0259r\u0259fd\u0259n d\u0259 m\u00fcharib\u0259d\u0259 m\u0259\u011flub olduqca T\u00fcrkiy\u0259ni ittiham etm\u0259y\u0259 ba\u015flad\u0131. T\u00fcrkiy\u0259ni buraya \u0259cn\u0259bi d\u00f6y\u00fc\u015f\u00e7\u00fcl\u0259ri g\u0259tirm\u0259kd\u0259 g\u00fcnahland\u0131rd\u0131. Eyni zamanda, beyn\u0259lxalq median\u0131n da bu m\u00f6vzuya \u00e7ox yer ay\u0131rd\u0131\u011f\u0131n\u0131 g\u00f6rd\u00fck. H\u0259m\u00e7inin Amerikadak\u0131 bir q\u0259zetd\u0259 \u0259cn\u0259bi d\u00f6y\u00fc\u015f\u00e7\u00fcl\u0259rin, T\u00fcrkiy\u0259 t\u0259yyar\u0259l\u0259rinin Az\u0259rbaycanda oldu\u011fu x\u0259b\u0259rl\u0259ri yay\u0131mland\u0131. Siz Pa\u015finyan\u0131n o r\u0259qsini nec\u0259 d\u0259y\u0259rl\u0259ndirirsiniz, bu g\u00fcn haz\u0131rk\u0131 durum ortadad\u0131r. \u0130kincisi, T\u00fcrkiy\u0259nin m\u00f6vqeyi v\u0259 bu t\u0259yyar\u0259l\u0259r m\u00f6vzusu il\u0259 ba\u011fl\u0131 fikirl\u0259rinizi bilm\u0259k ist\u0259rdim.<\/strong><\/p>\n<p>&#8211; Pa\u015finyan\u0131n s\u0259rxo\u015f v\u0259ziyy\u0259td\u0259 r\u0259qsi v\u0259 dig\u0259r t\u0259hqirl\u0259ri, h\u0259qar\u0259ti Az\u0259rbaycan xalq\u0131n\u0131 haql\u0131 olaraq hidd\u0259tl\u0259ndirdi. Biz onun bu h\u0259r\u0259k\u0259tl\u0259rinin heyfini bu g\u00fcn d\u00f6y\u00fc\u015f meydan\u0131nda al\u0131r\u0131q, \u0259v\u0259zini \u00e7\u0131x\u0131r\u0131q. Az\u0259rbaycan \u0259sg\u0259ri d\u00f6y\u00fc\u015f meydan\u0131nda g\u00f6st\u0259rir ki, kim haql\u0131d\u0131r, kim haqs\u0131zd\u0131r. Biz g\u00fcc\u00fcm\u00fcz\u00fc, xalq\u0131m\u0131z\u0131n irad\u0259sini d\u00f6y\u00fc\u015f meydan\u0131nda g\u00f6st\u0259ririk. Pa\u015finyan\u0131n dig\u0259r t\u0259xribatlar\u0131 da cavabs\u0131z qalm\u0131r v\u0259 qalmayacaq. Az\u0259rbaycan xalq\u0131n\u0131n l\u0259yaq\u0259ti b\u0259rpa olunur. \u015e\u0259hidl\u0259rimizin qan\u0131 yerd\u0259 qalm\u0131r v\u0259 qalmamal\u0131d\u0131r. Bu g\u00fcn azad etdiyimiz \u015f\u0259h\u0259rl\u0259r, k\u0259ndl\u0259r Pa\u015finyana v\u0259 onun kiml\u0259r\u0259 bizim \u0259n g\u00f6z\u0259l cavab\u0131m\u0131zd\u0131r. O, art\u0131q anlad\u0131 ki, kim kimdir. M\u0259n ona x\u0259b\u0259rdarl\u0131q etmi\u015fdim. M\u0259n ona demi\u015fdim ki, bu yol sizi f\u0259lak\u0259t\u0259 aparacaq. M\u0259n demi\u015fdim ki, Az\u0259rbaycan xalq\u0131n\u0131n l\u0259yaq\u0259ti il\u0259 oynamas\u0131n, diqq\u0259tli olsun, ehtiyatl\u0131 olsun. O z\u0259nn edirdi ki, d\u00fcnya erm\u0259niliyi onu m\u00fcdafi\u0259 ed\u0259c\u0259k, o z\u0259nn edirdi ki, b\u00f6y\u00fck d\u00f6vl\u0259tl\u0259r g\u0259lib onun yerin\u0259 vuru\u015facaq, bu g\u00fcn d\u0259 bunu ist\u0259yir. O, Rusiyan\u0131n Prezidenti h\u00f6rm\u0259tli Vladimir Putin\u0259 bir g\u00fcnd\u0259 telefonla d\u0259f\u0259l\u0259rl\u0259 z\u0259ng etmi\u015fdir. O, telefon z\u0259ngl\u0259rinin bir hiss\u0259si m\u0259tbuata verildi, bir hiss\u0259si is\u0259 verilm\u0259di. Bizd\u0259 m\u0259lumat var ki, bu son at\u0259\u015fk\u0259sd\u0259n sonra da Pa\u015finyan Putin\u0259 telefonla z\u0259ng etmi\u015fdir. Onun bu h\u0259r\u0259k\u0259tl\u0259ri, \u0259lb\u0259tt\u0259, g\u00f6st\u0259rir ki, bu adam panikaya qap\u0131l\u0131b, t\u0259\u015fvi\u015f i\u00e7ind\u0259dir, \u00f6z\u00fcn\u00fc itirib. Az\u0259rbaycan Ordusu d\u00f6y\u00fc\u015f meydan\u0131nda d\u00fc\u015fm\u0259n\u0259 el\u0259 sars\u0131d\u0131c\u0131 z\u0259rb\u0259l\u0259r endirir ki, art\u0131q onlar qeyri-adekvat duruma d\u00fc\u015f\u00fcbl\u0259r. Bu, m\u0259s\u0259l\u0259nin bir t\u0259r\u0259fi.<\/p>\n<p>O ki qald\u0131, T\u00fcrkiy\u0259nin burada i\u015ftirak\u0131, yaxud da ki, hans\u0131sa xarici g\u00fccl\u0259rin buraya g\u0259tirilm\u0259si, bu, tamamil\u0259 yaland\u0131r. T\u00fcrkiy\u0259 F-16-lar\u0131 il\u0259 \u0259laq\u0259dar m\u0259s\u0259l\u0259y\u0259 m\u0259n art\u0131q m\u00fcnasib\u0259t bildirdim. T\u00fcrkiy\u0259 F-16-lar\u0131 buradad\u0131r. Onlar t\u0259lim zaman\u0131 g\u0259lmi\u015fdil\u0259r, t\u0259limd\u0259n v\u0259 erm\u0259ni h\u00fccumlar\u0131ndan sonra burada qald\u0131lar. Amma onlar yerd\u0259dir, havada deyil. Onlardan he\u00e7 biri bu sava\u015fda i\u015ftirak etm\u0259yib. T\u00fcrkiy\u0259d\u0259n he\u00e7 bir insan bu sava\u015fda i\u015ftirak etmir. O ki qald\u0131, \u0259cn\u0259bi insanlara, o da yaland\u0131r. O, biz\u0259 at\u0131lan iftirad\u0131r, b\u00f6htand\u0131r. Biz\u0259 bir d\u0259n\u0259 d\u0259 s\u00fcbut g\u0259tirilm\u0259di. Sad\u0259c\u0259 olaraq, Fransadan v\u0259 Rusiyadan bel\u0259 a\u00e7\u0131qlamalar verildi, v\u0259ssalam.<\/p>\n<p><strong>&#8211; Konkret s\u00fcbut ortaya qoyuldumu?<\/strong><\/p>\n<p>&#8211; S\u00fcbut, d\u0259lil yoxdur. He\u00e7 bir a\u00e7\u0131qlama verilmir. Bizim k\u0259\u015ffiyyata he\u00e7 bir m\u0259lumat verilmir.<\/p>\n<p>M\u0259n siz\u0259 indi dey\u0259 bil\u0259r\u0259m ki, k\u0259\u015ffiyyat orqanlar\u0131m\u0131z biz\u0259 b\u00f6htan atan \u00f6lk\u0259l\u0259rl\u0259 \u0259laq\u0259d\u0259 olublar, deyibl\u0259r ki, biz\u0259 d\u0259lil, s\u00fcbut verin. Vermirl\u0259r. S\u00f6zd\u00fcr. \u0130ndi m\u0259tbuatda kim yaz\u0131rsa yazs\u0131n, o bizi maraqland\u0131rm\u0131r. Onsuz da Q\u0259rb medias\u0131 h\u0259r zaman Erm\u0259nistan\u0131n t\u0259r\u0259fini tutub v\u0259 biz\u0259 bundan \u0259vv\u0259lki d\u00f6vrd\u0259 d\u0259 h\u0259r zaman \u00e7ox m\u0259nfi m\u00fcnasib\u0259t b\u0259sl\u0259yib. Ona g\u00f6r\u0259 bu iftiralara biz \u00f6yr\u0259\u015fmi\u015fik. Ancaq r\u0259smi \u015f\u0259xsl\u0259rin a\u00e7\u0131qlamalar\u0131 q\u0259buledilm\u0259zdir. Ya bunu s\u00fcbut et, ya da ki, \u00f6z s\u00f6zl\u0259rini geri g\u00f6t\u00fcr. Bel\u0259 bir \u015fey yoxdur. Buna ehtiyac yoxdur. Az\u0259rbaycan kifay\u0259t q\u0259d\u0259r g\u00fccl\u00fc orduya malikdir ki, bu m\u0259s\u0259l\u0259l\u0259ri \u00f6z\u00fc h\u0259ll etsin.<\/p>\n<p>Bir d\u0259 ki, \u0259cn\u0259bi v\u0259t\u0259nda\u015flar\u0131n i\u015ftirak\u0131na g\u0259ldikd\u0259, baxs\u0131nlar Erm\u0259nistana, orada n\u0259 q\u0259d\u0259r \u0259cn\u0259bi terror\u00e7ular var. PKK-n\u0131n d\u00fc\u015f\u0259rg\u0259l\u0259ri var orada. O c\u00fcml\u0259d\u0259n Da\u011fl\u0131q Qaraba\u011fda PKK-n\u0131n d\u00fc\u015f\u0259rg\u0259l\u0259ri var. Biz bu b\u00f6lg\u0259ni i\u015f\u011fal\u00e7\u0131lardan t\u0259mizl\u0259y\u0259nd\u0259n sonra o d\u00fc\u015f\u0259rg\u0259l\u0259ri d\u0259 m\u0259hv ed\u0259c\u0259yik. N\u0259 q\u0259d\u0259r \u0259cn\u0259bi bu g\u00fcn biz\u0259 qar\u015f\u0131 bu d\u00f6y\u00fc\u015fl\u0259rd\u0259 i\u015ftirak edir. Orada \u00f6ld\u00fcr\u00fcl\u0259n terror\u00e7ular\u0131n \u00fcz\u0259rind\u0259n Kanada pasportlar\u0131, Livan pasportlar\u0131 \u00e7\u0131x\u0131b. Onlar erm\u0259ni \u0259sillidir, ya da ki, erm\u0259ni \u0259silli deyil, bu, ba\u015fqa m\u0259s\u0259l\u0259dir. Ba\u015fqa \u00f6lk\u0259nin v\u0259t\u0259nda\u015f\u0131 g\u0259lib biz\u0259 qar\u015f\u0131 m\u00fcharib\u0259 apar\u0131r. Bunlar muzdlulard\u0131r.<\/p>\n<p>Bir d\u0259 deyirl\u0259r ki, T\u00fcrkiy\u0259 Az\u0259rbaycana h\u0259rbi yard\u0131m edir. Bilirsiniz, T\u00fcrkiy\u0259 bizim qarda\u015f\u0131m\u0131zd\u0131r. Bizim qarda\u015fl\u0131q m\u00fcnasib\u0259tl\u0259rimiz art\u0131q b\u00f6y\u00fck s\u0131naqlardan \u00e7\u0131x\u0131bd\u0131r. Biz T\u00fcrkiy\u0259d\u0259n h\u0259rbi texnika al\u0131r\u0131q, ancaq biz ba\u015fqa \u00f6lk\u0259l\u0259rd\u0259n d\u0259 al\u0131r\u0131q. Biz Rusiyadan, \u0130sraild\u0259n, Belarusdan, \u0130randan, Ukraynadan, \u015e\u0259rqi Avropa \u00f6lk\u0259l\u0259rind\u0259n, o c\u00fcml\u0259d\u0259n T\u00fcrkiy\u0259d\u0259n al\u0131r\u0131q. T\u00fcrkiy\u0259nin indi inki\u015faf etmi\u015f h\u0259rbi s\u0259naye kompleksi var. Niy\u0259 almayaq? \u0130ndi bax\u0131n, Erm\u0259nistan n\u0259 edir? Biz pulla al\u0131r\u0131q. M\u0259nd\u0259 tam siyah\u0131 var, o, sonra d\u0259rc edil\u0259c\u0259k. Amma bir ne\u00e7\u0259 m\u0259s\u0259l\u0259y\u0259 diqq\u0259tinizi \u00e7\u0259km\u0259k ist\u0259yir\u0259m. Bu iki h\u0259ft\u0259 \u0259rzind\u0259 Erm\u0259nistan\u0131n 200-d\u0259n \u00e7ox tank\u0131 m\u0259hv edildi, 33 tank q\u0259nim\u0259t g\u00f6t\u00fcr\u00fcld\u00fc. Y\u0259ni, 233 erm\u0259ni tank\u0131 bizd\u0259dir. Ondan sonra iki S-300 qur\u011fusu m\u0259hv edildi. H\u0259r birinin qiym\u0259tini h\u0259r k\u0259s bilir. Ondan sonra hava h\u00fccumundan m\u00fcdafi\u0259 sisteml\u0259ri \u2013 OSA-35 m\u0259hv edildi. TOR, KUB, KRUQ, karqo avtoma\u015f\u0131nlar\u0131, tank \u0259leyhin\u0259 silahlar. \u018fg\u0259r ham\u0131s\u0131n\u0131 hesablasan, ancaq m\u0259hv edil\u0259n v\u0259 q\u0259nim\u0259t g\u00f6t\u00fcr\u00fcl\u0259n texnika 1-2 milyard dollar d\u0259y\u0259rind\u0259dir. Sual olunur, kas\u0131b Erm\u0259nistan, s\u0259n bu pulu haradan tapd\u0131n? S\u0259n bunu pulla ald\u0131nm\u0131? Xeyr. S\u0259n\u0259 verdil\u0259r. Kim verdi, onu h\u0259r k\u0259s bilir. Verirl\u0259r v\u0259 davam edir. Tovuz b\u00f6lg\u0259sind\u0259 toqqu\u015fmadan sonra, iyulun 16-da m\u00fcnaqi\u015f\u0259 dayand\u0131, iyulun 17-d\u0259n ba\u015flayaraq h\u0259r g\u00fcn karqo t\u0259yyar\u0259l\u0259ri Erm\u0259nistana silah da\u015f\u0131d\u0131. Bax\u0131n, Erm\u0259nistan\u0131n d\u00f6vl\u0259t b\u00fcdc\u0259sind\u0259 bu madd\u0259l\u0259r var? Yoxdur. Erm\u0259nistan\u0131n valyuta ehtiyat\u0131 1,5 milyard dollard\u0131r. V\u0259ssalam. Onun ba\u015fqa pulu yoxdur. Xarici d\u00f6vl\u0259t borcu t\u0259qrib\u0259n 8 milyard dollard\u0131r. Y\u0259ni, bu \u00f6lk\u0259 iflasa u\u011fray\u0131b. Haradand\u0131r bu q\u0259d\u0259r ancaq m\u0259hv edilmi\u015f, h\u0259l\u0259 n\u0259 q\u0259d\u0259r m\u0259hv edil\u0259c\u0259k texnika? \u018fg\u0259r m\u00fcharib\u0259 davam ed\u0259rs\u0259, biz onlar\u0131n b\u00fct\u00fcn ordusunu m\u0259hv ed\u0259c\u0259yik, b\u00fct\u00fcn ordusunu! Ona g\u00f6r\u0259 onlar m\u00fcharib\u0259ni n\u0259 q\u0259d\u0259r tez dayand\u0131rsalar, o q\u0259d\u0259r d\u0259 tanklar\u0131, toplar\u0131 qoruya bil\u0259rl\u0259r. H\u0259l\u0259 Erm\u0259nistan \u0259razisind\u0259 n\u0259 q\u0259d\u0259r var. Rusiyan\u0131n Erm\u0259nistanda h\u0259rbi bazas\u0131 var, 5 min \u0259sg\u0259r var orada. T\u00fcrkiy\u0259nin Az\u0259rbaycanda h\u0259rbi bazas\u0131 var? Yoxdur. Erm\u0259nistan\u0131n \u0130ranla v\u0259 T\u00fcrkiy\u0259 il\u0259 s\u0259rh\u0259dini Rusiya s\u0259rh\u0259d\u00e7il\u0259ri m\u00fchafiz\u0259 edir. Az\u0259rbaycan s\u0259rh\u0259dind\u0259 T\u00fcrkiy\u0259 s\u0259rh\u0259d\u00e7il\u0259ri var? Yoxdur. Ona g\u00f6r\u0259 bizi he\u00e7 kim ittiham etm\u0259sin. Yoxsa biz, nec\u0259 dey\u0259rl\u0259r, a\u00e7ar\u0131q sand\u0131\u011f\u0131, t\u00f6k\u0259rik pamb\u0131\u011f\u0131, bel\u0259 bir atalar s\u00f6z\u00fc var.<\/p>\n<p><strong>&#8211; C\u0259nab Prezident, PKK-n\u0131n Qaraba\u011fda d\u00fc\u015f\u0259rg\u0259l\u0259rind\u0259n b\u0259hs etdiniz. D\u00fc\u015f\u0259rg\u0259l\u0259rin hans\u0131 b\u00f6lg\u0259l\u0259rd\u0259 oldu\u011fu b\u0259llidirmi?<\/strong><\/p>\n<p>&#8211; Bizd\u0259 bu bar\u0259d\u0259 k\u0259\u015ffiyyat m\u0259lumat\u0131 var. Bu bar\u0259d\u0259 m\u0259n daha \u0259trafl\u0131 a\u00e7\u0131qlama verm\u0259k ist\u0259mir\u0259m. Daha \u00e7ox da\u011fl\u0131q b\u00f6lg\u0259sind\u0259dir. \u00c7\u00fcnki i\u015f\u011fal edilmi\u015f torpaqlar\u0131n bir hiss\u0259si da\u011fl\u0131q \u0259razidir, bir hiss\u0259si is\u0259 d\u00fcz\u0259nlikdir. Onlar daha \u00e7ox me\u015f\u0259l\u0259rd\u0259 v\u0259 da\u011fl\u0131q \u0259razil\u0259rind\u0259 yerl\u0259\u015fibl\u0259r. Bu m\u0259s\u0259l\u0259 il\u0259 ba\u011fl\u0131 biz d\u0259f\u0259l\u0259rl\u0259 beyn\u0259lxalq t\u0259\u015fkilatlarda \u00f6z s\u00f6z\u00fcm\u00fcz\u00fc demi\u015fik. H\u0259tta m\u0259n \u0259vv\u0259lki v\u0259zif\u0259md\u0259 olark\u0259n, &#8211; deputat kimi Avropa \u015euras\u0131 Parlament Assambleyas\u0131n\u0131n Az\u0259rbaycan n\u00fcmay\u0259nd\u0259 hey\u0259tinin r\u0259hb\u0259ri idim, &#8211; orada da m\u0259s\u0259l\u0259 qald\u0131rm\u0131\u015fd\u0131m. Avropa deputatlar\u0131n\u0131n diqq\u0259tini c\u0259lb etmi\u015fdim bu i\u015fl\u0259r\u0259 ki, onlar Erm\u0259nistana sanksiya t\u0259tbiq etsinl\u0259r. Y\u0259ni, Erm\u0259nistan terror\u00e7u \u00f6lk\u0259dir, terroru t\u0259\u015fviq ed\u0259n \u00f6lk\u0259dir. Ona g\u00f6r\u0259 bel\u0259 k\u0259\u015ffiyyat m\u0259lumatlar\u0131 var. Eyni zamanda, Rusiyan\u0131n xarici k\u0259\u015ffiyyat idar\u0259sinin a\u00e7\u0131qlamas\u0131nda da bu, deyilmi\u015fdi. Amma n\u0259d\u0259ns\u0259 o a\u00e7\u0131qlama he\u00e7 bir m\u0259tbuatda yer almad\u0131. H\u0259min a\u00e7\u0131qlamada deyildi ki, Az\u0259rbaycanda \u0259cn\u0259bi adamlar vuru\u015fur. Eyni a\u00e7\u0131qlamada Erm\u0259nistan\u0131n ad\u0131 \u00e7\u0259kilm\u0259s\u0259 d\u0259, PKK-n\u0131n da d\u00f6y\u00fc\u015fd\u00fcy\u00fc bildirilib. Ayd\u0131nd\u0131r ki, PKK Az\u0259rbaycanda ola bilm\u0259z. Amma niy\u0259 Q\u0259rb m\u0259tbuat\u0131nda bu bar\u0259d\u0259 bir k\u0259lm\u0259 d\u0259 yoxdur? \u00d6rt-basd\u0131r etm\u0259k ist\u0259yirl\u0259r, diqq\u0259td\u0259n k\u0259narda saxlamaq ist\u0259yirl\u0259r. Amma b\u00fct\u00fcn bu torpaqlarda Az\u0259rbaycan bayra\u011f\u0131 dal\u011falanandan sonra orada bir d\u0259n\u0259 d\u0259 terror\u00e7u sa\u011f-salamat qala bilm\u0259z.<\/p>\n<p><strong>&#8211; C\u0259nab Prezident, indi enerji il\u0259 ba\u011fl\u0131 t\u0259hl\u00fck\u0259sizlik m\u0259s\u0259l\u0259si m\u00fczakir\u0259 olunur. Erm\u0259nistan TANAP, ya da T\u00fcrkiy\u0259y\u0259 ged\u0259n boru x\u0259tl\u0259rini h\u0259d\u0259f\u0259 alan h\u00fccumlar etdi. Bunun t\u0259hl\u00fck\u0259sizliyini nec\u0259 t\u0259min ed\u0259c\u0259ksiniz? Avropada enerjiy\u0259 ehtiyac var, avropal\u0131 dostlar buna nec\u0259 bax\u0131rlar?<\/strong><\/p>\n<p>&#8211; Onlar bir q\u0259d\u0259r narahatd\u0131r. Amma biz t\u0259bii ki, bunu n\u0259z\u0259r\u0259 al\u0131r\u0131q. \u00c7\u00fcnki Erm\u0259nistandan h\u0259r \u015fey g\u00f6zl\u0259m\u0259k olar. El\u0259 Tovuz b\u00f6lg\u0259sind\u0259 iyul ay\u0131nda ba\u015f vermi\u015f toqqu\u015fmalar\u0131n s\u0259b\u0259bl\u0259rind\u0259n biri d\u0259 o idi. O boru x\u0259ttin\u0259 yax\u0131nla\u015fmaq, ya da ki, onu n\u0259zar\u0259t alt\u0131na almaq. M\u0259hz el\u0259 ona g\u00f6r\u0259 onlar bizim \u0259razimiz\u0259 girib yeni torpaqlar i\u015f\u011fal etm\u0259k ist\u0259yirdil\u0259r. Ancaq bunun ac\u0131 n\u0259tic\u0259sini ya\u015fad\u0131lar. 2006-c\u0131 ild\u0259 Bak\u0131-Tbilisi-Ceyhan istismara veril\u0259nd\u0259n bu g\u00fcn\u0259 q\u0259d\u0259r boru x\u0259tl\u0259rinin t\u0259hl\u00fck\u0259sizliyi il\u0259 ba\u011fl\u0131 Az\u0259rbaycan \u0259razisind\u0259 bir d\u0259n\u0259 d\u0259 problem olmam\u0131\u015fd\u0131r, bir d\u0259n\u0259 d\u0259, n\u0259 texniki problem, n\u0259 d\u0259 ki, hans\u0131sa bir t\u0259xribat. \u00c7\u00fcnki Az\u0259rbaycan \u0259razisind\u0259 bizim kifay\u0259t q\u0259d\u0259r inki\u015faf etmi\u015f m\u00fcdafi\u0259 sistemimiz var. Monitorinq apar\u0131l\u0131r, fiziki m\u00fcdafi\u0259 v\u0259 elektron vasit\u0259l\u0259rl\u0259. Boru x\u0259ttinin yerin alt\u0131nda, d\u0259rind\u0259 yerl\u0259\u015fm\u0259si t\u0259bii ki, bunu havadan da m\u00fc\u0259yy\u0259n d\u0259r\u0259c\u0259d\u0259 m\u00fchafiz\u0259 edir. Ancaq \u0259g\u0259r Erm\u0259nistan bu \u00e7irkin planlar\u0131, y\u0259ni, boru x\u0259tl\u0259rinin s\u0131radan \u00e7\u0131xar\u0131lmas\u0131 planlar\u0131n\u0131 h\u0259yata ke\u00e7ir\u0259rs\u0259, onlar \u00fc\u00e7\u00fcn cavab \u00e7ox a\u011f\u0131r olacaq. Biz bu bar\u0259d\u0259 art\u0131q x\u0259b\u0259rdarl\u0131q etmi\u015fik. Hesab edir\u0259m ki, g\u0259l\u0259n il TANAP-dan qaz alacaq Avropa \u00f6lk\u0259l\u0259ri d\u0259 onlar\u0131 x\u0259b\u0259rdar etm\u0259lidir. \u00c7\u00fcnki TANAP t\u0259kc\u0259 bizim layih\u0259miz deyil. TANAP-\u0131n ba\u015fqa s\u0259hmdarlar\u0131 var, TAP-\u0131n Avropa s\u0259hmdarlar\u0131 var. Bu, Avropan\u0131n enerji t\u0259hl\u00fck\u0259sizliyi \u00fc\u00e7\u00fcn m\u00fcst\u0259sna \u0259h\u0259miyy\u0259t da\u015f\u0131yan bir layih\u0259dir. Ona g\u00f6r\u0259 ham\u0131m\u0131z maraql\u0131 olmal\u0131y\u0131q ki, bu layih\u0259y\u0259 h\u0259r hans\u0131 bir ziyan d\u0259ym\u0259sin.<\/p>\n<p><strong>&#8211; C\u0259nab Prezidentim, daha bir sual verm\u0259k ist\u0259yir\u0259m. \u0130ndi Pa\u015finyan \u00f6z\u00fcn\u00fc itirib, t\u0259kc\u0259 \u00f6z\u00fcn\u00fc deyil, eyni zamanda, Erm\u0259nistan xalq\u0131n\u0131 da t\u0259hl\u00fck\u0259y\u0259 at\u0131b. Erm\u0259nistanda ya\u015fayan 3 milyon insan t\u0259hl\u00fck\u0259 alt\u0131ndad\u0131r. Avropadak\u0131 erm\u0259nil\u0259rd\u0259n, ya da oradak\u0131 i\u015f adamlar\u0131ndan vasit\u0259\u00e7i olan, dey\u0259n ki, erm\u0259ni xalq\u0131n\u0131n g\u00fcnah\u0131 yoxdur, bu, d\u0259lidir, bununla ba\u011fl\u0131 bir telefon z\u0259ngi, dan\u0131\u015fmaq ist\u0259y\u0259n olubmu?<\/strong><\/p>\n<p>&#8211; Xeyr, bununla ba\u011fl\u0131 biz\u0259 he\u00e7 bir telefon z\u0259ngi olmam\u0131\u015fd\u0131r, he\u00e7 bir mesaj g\u00f6nd\u0259rilm\u0259mi\u015fdir. Ancaq bu, g\u00f6zl\u0259nil\u0259n idi. Bilirsiniz, h\u0259r bir r\u0259hb\u0259r, h\u0259r bir idar\u0259\u00e7i t\u0259cr\u00fcb\u0259y\u0259 malik olmal\u0131d\u0131r. Bilikl\u0259r \u00f6z yerind\u0259, t\u0259cr\u00fcb\u0259, idar\u0259etm\u0259 t\u0259cr\u00fcb\u0259si. \u0130ndi b\u0259zi \u00f6lk\u0259l\u0259rd\u0259 hakimiyy\u0259t\u0259 g\u0259lmi\u015f insanlar\u0131n he\u00e7 bir t\u0259cr\u00fcb\u0259si yoxdur. O, he\u00e7 ki\u00e7ik bir kolxoza da ba\u015f\u00e7\u0131l\u0131q etm\u0259mi\u015fdir. He\u00e7 ki\u00e7ik bir firmaya, d\u00fckana da ba\u015f\u00e7\u0131l\u0131q etm\u0259mi\u015fdir. Onun tabeliyind\u0259 b\u0259lk\u0259 he\u00e7 be\u015f n\u0259f\u0259r d\u0259 olmay\u0131b. S\u0259n \u00f6lk\u0259ni nec\u0259 idar\u0259 ed\u0259 bil\u0259rs\u0259n? \u00d6lk\u0259ni idar\u0259 etm\u0259k \u00e7\u0259tin m\u0259s\u0259l\u0259dir, x\u00fcsusil\u0259 bizim b\u00f6lg\u0259mizd\u0259. Oturu\u015fmu\u015f Avropa \u00f6lk\u0259l\u0259rind\u0259 bu, o q\u0259d\u0259r d\u0259 \u00e7\u0259tin m\u0259s\u0259l\u0259 deyil. \u00c7\u00fcnki \u00f6lk\u0259l\u0259r var ki, he\u00e7 bilmirl\u0259r onun ba\u015f\u00e7\u0131s\u0131 kimdir. He\u00e7 insanlar\u0131 maraqland\u0131rm\u0131r, onlar \u00f6z h\u0259yat\u0131n\u0131 ya\u015fay\u0131r, sistem oturu\u015fub, h\u0259r \u015fey art\u0131q sistem alt\u0131ndad\u0131r. Amma bizim b\u00f6lg\u0259mizd\u0259 \u00f6lk\u0259ni idar\u0259 ed\u0259n insandan \u00e7ox \u015fey as\u0131l\u0131d\u0131r &#8211; insanlar\u0131n h\u0259yat\u0131, t\u0259hl\u00fck\u0259sizliyi, rifah\u0131, beyn\u0259lxalq imici. Pa\u015finyan k\u00fc\u00e7\u0259d\u0259n g\u0259l\u0259n bir adamd\u0131r. Kim idi o? He\u00e7 kim. Bir yazar idi, he\u00e7 yazar da deyil, bir q\u0259zetin m\u00fcxbiri idi. K\u00fc\u00e7\u0259d\u0259n g\u0259ldi r\u0259hb\u0259r oldu. N\u0259 etdi ondan sonra? Erm\u0259nistan\u0131 f\u0259lak\u0259t\u0259 apar\u0131r. Bax\u0131n, Erm\u0259nistanda bu g\u00fcn diktatura tam h\u00f6km s\u00fcr\u00fcr. \u0130ki ke\u00e7mi\u015f prezidentin h\u0259r birin\u0259 cinay\u0259t i\u015fi a\u00e7\u0131ld\u0131. Biri iki il\u0259 yax\u0131n h\u0259bsd\u0259 oturdu, sonra onu buraxd\u0131, amma cinay\u0259t i\u015fi qal\u0131r. O birisin\u0259 d\u0259 \u00f6lk\u0259 xaricin\u0259 \u00e7\u0131xma qada\u011fas\u0131 qoyulub. Bu toqqu\u015fmalardan iki g\u00fcn \u00f6nc\u0259 \u0259sas m\u00fcxalif\u0259t partiyas\u0131n\u0131n s\u0259drini h\u0259bs\u0259 atd\u0131. Ondan sonra Konstitusiya M\u0259hk\u0259m\u0259sini darmada\u011f\u0131n etdi, qovdu. Konstitusiya M\u0259hk\u0259m\u0259sinin s\u0259drini \u015fantaj etdi, h\u0259bsl\u0259 h\u0259d\u0259l\u0259di v\u0259 zorla \u00f6z adamlar\u0131n\u0131 oraya yerl\u0259\u015fdirdi. Jurnalistl\u0259ri, media n\u00fcmay\u0259nd\u0259l\u0259rini h\u0259bsl\u0259rd\u0259 \u00e7\u00fcr\u00fcd\u00fcr. Biri acl\u0131q elan etdi v\u0259 orada \u00f6ld\u00fc. Beyn\u0259lxalq m\u00fcst\u0259vid\u0259, \u0259n\u0259n\u0259vi m\u00fctt\u0259fiql\u0259rl\u0259 problem ya\u015fand\u0131. Rusiya il\u0259, Belarus il\u0259, dig\u0259r \u0259n\u0259n\u0259vi m\u00fctt\u0259fiql\u0259rl\u0259 problem yaratd\u0131. \u0130ndi Pa\u015finyan\u0131n \u0259n \u00e7ox \u00fcmid b\u0259sl\u0259diyi Kollektiv T\u0259hl\u00fck\u0259sizlik M\u00fcqavil\u0259si T\u0259\u015fkilat\u0131d\u0131r. Rusca buna ODKB deyirl\u0259r. ODKB-nin Nizamnam\u0259sind\u0259 yaz\u0131l\u0131b ki, \u0259g\u0259r h\u0259r hans\u0131 bir \u00f6lk\u0259y\u0259 xaricd\u0259n h\u00fccum olarsa dig\u0259r \u00f6lk\u0259l\u0259r bunun g\u0259r\u0259k can\u0131n\u0131 qurtars\u0131n. Amma ODKB-nin ba\u015f katibi erm\u0259ni idi, ke\u00e7mi\u015f rejimin adam\u0131 idi. Onu h\u0259bs\u0259 atd\u0131. Y\u0259ni, o t\u0259\u015fkilat\u0131 da t\u0259hqir etdi. N\u0259 q\u0259d\u0259r bel\u0259 \u015feyl\u0259r etdi. Art\u0131q h\u0259r k\u0259s bilir ki, Pa\u015finyan Sorosun bir m\u0259hsuludur. Bu, Soros t\u0259r\u0259find\u0259n idar\u0259 olunan bir adamd\u0131r. Postsovet m\u0259kan\u0131nda ba\u015f vermi\u015f \u00e7evrili\u015fl\u0259r, \u201cinqilablar\u201d bir m\u0259nb\u0259d\u0259n qaynaqlan\u0131r. Soros art\u0131q \u00fcmumi bir anlay\u0131\u015f oldu. M\u0259n t\u0259k onu n\u0259z\u0259rd\u0259 tutmuram. Budur, Pa\u015finyan\u0131n da Sorosla \u015f\u0259klini internetd\u0259 axtar\u0131n. Durublar qol-qola, b\u0259d\u0259nl\u0259ri d\u0259 bir-birin\u0259 yap\u0131\u015f\u0131b. \u00c7ox eyb\u0259c\u0259r bir foto\u015f\u0259kildir. Odur onun atas\u0131. Ona g\u00f6r\u0259 Soros onu idar\u0259 edir. Erm\u0259nistanda ba\u015f vermi\u015f bu hadis\u0259l\u0259r Sorosun n\u00f6vb\u0259ti m\u0259\u011flubiyy\u0259tidir.<\/p>\n<p>2005-ci ild\u0259 onlar Az\u0259rbaycanda bunu etm\u0259k ist\u0259dil\u0259r &#8211; nar\u0131nc\u0131 inqilab. Amma m\u0259n durdum onlar\u0131n qaba\u011f\u0131nda, \u0259zdim onlar\u0131, qovdum buradan, sonra Soros fondlar\u0131n\u0131 da ba\u011flatd\u0131m. Dig\u0259r qeyri-h\u00f6kum\u0259t t\u0259\u015fkilatlar\u0131n\u0131 da buradan r\u0259dd etdim. Dedim ki, biz \u00f6z\u00fcm\u00fcz bil\u0259rik. Gedin, ba\u015fqa yerd\u0259 inqilab edin. Amma onlar Erm\u0259nistanda oturu\u015fdu, qeyri-h\u00f6kum\u0259t t\u0259\u015fkilatlar\u0131 vasit\u0259sil\u0259 oraya pullar g\u0259tirildi, insanlar yeti\u015fdirildi. Bu g\u00fcn Pa\u015finyan komandas\u0131n\u0131n 90 faizi Soros, \u201cTransparency International\u201d, \u201cAmnesty International\u201d, \u201cHuman Rights Watch\u201d v\u0259 bu kimi \u00e7irkin t\u0259\u015fkilatlar\u0131n n\u00fcmay\u0259nd\u0259l\u0259ridir. Ona g\u00f6r\u0259 m\u0259n bu yax\u0131nlarda rus kanallar\u0131n\u0131n birin\u0259 m\u00fcsahib\u0259 ver\u0259nd\u0259 dedim ki, bu g\u00fcn bizim m\u0259qs\u0259dimiz Pa\u015finyana problem yaratmaq deyil. O, n\u0259 q\u0259d\u0259r \u00e7ox qalsa, bizim \u00fc\u00e7\u00fcn o q\u0259d\u0259r d\u0259 yax\u015f\u0131d\u0131r. Y\u0259ni, ba\u015fa d\u00fc\u015f\u00fcrs\u00fcn\u00fcz n\u0259y\u0259 g\u00f6r\u0259.<\/p>\n<p><strong>&#8211; C\u0259nab Prezident, sonuncu sual. \u018fslind\u0259, plan\u0131mda yox idi, amma bunu da soru\u015fmaq ist\u0259yir\u0259m. Bundan sonras\u0131 nec\u0259 davam ed\u0259c\u0259k? T\u00fcrkiy\u0259d\u0259n \u00e7ox ciddi ictimai d\u0259st\u0259k var, y\u0259ni, ictimaiyy\u0259t dey\u0259rk\u0259n, insanlar, h\u0259r k\u0259s Sizin \u00e7\u0131x\u0131\u015flar\u0131n\u0131z\u0131 izl\u0259yir v\u0259 d\u0259st\u0259k verir. Amma 15 g\u00fcnd\u00fcr m\u0259n Az\u0259rbaycandayam, B\u0259rd\u0259d\u0259, Ming\u0259\u00e7evird\u0259, G\u0259nc\u0259d\u0259y\u0259m. \u0130nsanlar\u0131n Siz\u0259 m\u00f6ht\u0259\u015f\u0259m d\u0259st\u0259yi var. Getdiyimiz h\u0259r yerd\u0259 evi da\u011f\u0131lan insanlardan soru\u015furam, \u201cEybi yox, evim da\u011f\u0131ls\u0131n, evim, avtomobilim yans\u0131n, vacib deyil, amma Qaraba\u011f al\u0131ns\u0131n\u201d deyirl\u0259r. M\u00f6ht\u0259\u015f\u0259m bir d\u0259st\u0259k var. Bunu h\u0259r bir insandan soru\u015fdu\u011fumuz zaman g\u00f6r\u00fcr\u00fck. Burada \u0259n b\u00f6y\u00fck d\u0259st\u0259k d\u0259 Siz\u0259 var. M\u00fcxalif\u0259td\u0259n d\u0259 var, iqtidardan da var. Bundan sonrak\u0131 proses nec\u0259 davam ed\u0259c\u0259k? Nec\u0259 bir proses g\u00f6zl\u0259yirsiniz? Sizc\u0259, bu proses n\u0259 q\u0259d\u0259r davam ed\u0259r? Siz t\u0259cr\u00fcb\u0259li bir atan\u0131n o\u011flusunuz. Qafqaz\u0131n v\u0259 bu b\u00f6lg\u0259nin \u0259n t\u0259cr\u00fcb\u0259li siyasi xadimi Heyd\u0259r \u018fliyevin o\u011flusunuz. Qaraba\u011f, T\u00fcrkiy\u0259 v\u0259 bu b\u00f6lg\u0259 il\u0259 \u0259laq\u0259dar Siz\u0259 s\u00f6yl\u0259diyi v\u0259 yad\u0131n\u0131zda qalan bir c\u00fcml\u0259, bir fikir varm\u0131?<\/strong><\/p>\n<p>&#8211; Bilirsiniz, evl\u0259ri da\u011f\u0131lm\u0131\u015f insanlar\u0131n probleml\u0259rini biz h\u0259ll ed\u0259rik. Onlar he\u00e7 narahat olmas\u0131nlar. \u00d6z\u00fc d\u0259 q\u0131sa m\u00fcdd\u0259t \u0259rzind\u0259. Yad\u0131mdad\u0131r, 2016-c\u0131 ilin aprel ay\u0131nda Erm\u0259nistan biz\u0259 h\u00fccum ed\u0259nd\u0259 bizd\u0259 t\u0259qrib\u0259n 1000-d\u0259n \u00e7ox ev da\u011f\u0131lm\u0131\u015fd\u0131 v\u0259 m\u0259n o evl\u0259rin sahibl\u0259ri il\u0259 g\u00f6r\u00fc\u015fl\u0259r \u0259snas\u0131nda demi\u015fdim ki, narahat olmay\u0131n, biz b\u00fct\u00fcn bu evl\u0259ri b\u0259rpa ed\u0259c\u0259yik. Ondan t\u0259qrib\u0259n 8 ay sonra yen\u0259 onlar\u0131n yan\u0131na, A\u011fdam v\u0259 dig\u0259r c\u0259bh\u0259yan\u0131 b\u00f6lg\u0259l\u0259r\u0259 getdim, evl\u0259rinin a\u00e7arlar\u0131n\u0131 onlara t\u0259qdim etdim.<\/p>\n<p>\u0130lyar\u0131m \u0259vv\u0259l \u015eamax\u0131 \u015f\u0259h\u0259rind\u0259 z\u0259lz\u0259l\u0259 oldu, minl\u0259rl\u0259 ev da\u011f\u0131ld\u0131. Getdim oraya dedim ki, narahat olmay\u0131n, b\u00fct\u00fcn evl\u0259r b\u0259rpa edil\u0259c\u0259k. Onu da etdik. Bir ne\u00e7\u0259 ev qal\u0131b, onlar\u0131 da b\u0259rpa ed\u0259c\u0259yik. Bizd\u0259 t\u0259qrib\u0259n 10 il bundan \u0259vv\u0259l da\u015fq\u0131n oldu, b\u00f6y\u00fck bir \u0259razi su alt\u0131nda qald\u0131. T\u0259xmin\u0259n 5 mind\u0259n \u00e7ox ev u\u00e7ub da\u011f\u0131lm\u0131\u015fd\u0131. Ham\u0131s\u0131 d\u00f6vl\u0259t t\u0259r\u0259find\u0259n b\u0259rpa edildi. M\u0259nim yana\u015fmam bel\u0259dir ki, \u0259g\u0259r s\u0259nin 100 kvadratmetrlik evin var idis\u0259, s\u0259n 120-150 kvadratmetrlik ev alacaqsan. \u018fg\u0259r s\u0259nin evin daxma idis\u0259, s\u0259n g\u00f6z\u0259l t\u0259mirli yeni ev alacaqsan. Ona g\u00f6r\u0259 m\u00fclkiyy\u0259tini, evl\u0259rini itirmi\u015f insanlara yard\u0131m edil\u0259c\u0259k. Ondan ba\u015fqa, bizim k\u0259ndl\u0259rd\u0259 bir \u00e7oxlar\u0131 ev heyvanlar\u0131n\u0131 da itirdil\u0259r. Bu, onlar \u00fc\u00e7\u00fcn qazanc m\u0259nb\u0259yidir. M\u0259n art\u0131q tap\u015f\u0131r\u0131q verdim, hesablamalar apar\u0131l\u0131r, kim n\u0259 q\u0259d\u0259r ev heyvan\u0131 itirib o da veril\u0259c\u0259k. Biz bu m\u0259s\u0259l\u0259ni m\u00fctl\u0259q h\u0259ll ed\u0259c\u0259yik v\u0259 Az\u0259rbaycan xalq\u0131 da bilir ki, o hans\u0131sa s\u0131\u011forta \u015firk\u0259tin\u0259 gedib m\u00fcraci\u0259t etm\u0259y\u0259c\u0259k, onu get-g\u0259l\u0259 salmayacaqlar, hans\u0131sa m\u0259mur ona problem yaratmayacaq, \u00e7\u00fcnki bu, m\u0259nim \u015f\u0259xsi n\u0259zar\u0259timd\u0259dir. Bunu h\u0259r k\u0259s bilir v\u0259 m\u0259nim tap\u015f\u0131r\u0131qlar\u0131m\u0131 yerin\u0259 yetir\u0259c\u0259kl\u0259r.<\/p>\n<p>Bu hadis\u0259 Az\u0259rbaycan xalq\u0131n\u0131n n\u0259 q\u0259d\u0259r b\u00f6y\u00fck xalq oldu\u011funu bir daha g\u00f6st\u0259rir. Deyir ki, evim d\u0259 bats\u0131n, mal\u0131m da bats\u0131n, t\u0259ki Qaraba\u011f al\u0131ns\u0131n v\u0259 biz ham\u0131m\u0131z bu amalla ya\u015fay\u0131r\u0131q, ham\u0131m\u0131z. Biz bu nisgili, bu h\u0259sr\u0259ti 30 ildir ya\u015fay\u0131r\u0131q, 30 il. Buna son qoyulmal\u0131 idi, yoxsa yox? Buna son qoyuruq v\u0259 qoyaca\u011f\u0131q.<\/p>\n<p>Ona g\u00f6r\u0259 bu m\u0259s\u0259l\u0259 il\u0259 ba\u011fl\u0131 indiki m\u0259rh\u0259l\u0259d\u0259 yaln\u0131z ir\u0259li getm\u0259liyik. Biz Erm\u0259nistana \u015fans verdik. Biz bu at\u0259\u015fk\u0259s\u0259 raz\u0131 olmaya da bil\u0259rdik. Dey\u0259rdik ki, biz raz\u0131 deyilik. Kim bizi m\u0259cbur ed\u0259 bil\u0259rdi?! He\u00e7 kim. Biz bunu etdik ki, bu t\u0259r\u0259fd\u0259n d\u0259, o t\u0259r\u0259fd\u0259n d\u0259 insanlar \u00f6lm\u0259sinl\u0259r. Onlar da yaz\u0131qd\u0131rlar. Onlar\u0131 da qovurlar. \u0130ndi bizim M\u00fcdafi\u0259 Nazirliyi videokadrlar yay\u0131b, z\u0259ncirl\u0259 ba\u011flay\u0131rlar erm\u0259ni \u0259sg\u0259rl\u0259rini, z\u0259ncirl\u0259, d\u0259mir\u0259 ba\u011flay\u0131rlar, bir-birinin aya\u011f\u0131na ba\u011flay\u0131rlar ki, qa\u00e7mas\u0131nlar. Ne\u00e7\u0259 d\u0259n\u0259 bel\u0259 meyit \u00e7\u0131xd\u0131. D\u0259h\u015f\u0259tdir, bunlar adam deyil. Bir d\u0259 son g\u00fcnl\u0259rd\u0259 erm\u0259ni \u0259sg\u0259rl\u0259rinin arxas\u0131nca c\u0259za taborlar\u0131 g\u0259lir. \u018fg\u0259r kims\u0259 geri qa\u00e7arsa, o, orada vurulur, y\u0259ni, bel\u0259 v\u0259h\u015filik, bel\u0259 fa\u015fizm.<\/p>\n<p>Biz bu nisgill\u0259 ya\u015fad\u0131\u011f\u0131m\u0131z \u00fc\u00e7\u00fcn ist\u0259yirik ki, oraya qay\u0131daq, ancaq s\u00fclh yolu il\u0259. Ona g\u00f6r\u0259 Erm\u0259nistana \u015fans verdik, at\u0259\u015fk\u0259si qoru, onu pozma, masa arxas\u0131na otur, bu m\u0259s\u0259l\u0259ni h\u0259ll et, torpaqlar\u0131m\u0131z\u0131 biz\u0259 ver. S\u0259nin torpa\u011f\u0131n biz\u0259 laz\u0131m deyil. Bizim Erm\u0259nistan torpa\u011f\u0131nda g\u00f6z\u00fcm\u00fcz yoxdur. Siz\u0259 d\u0259 s\u00f6yl\u0259dim, oradak\u0131 erm\u0259nil\u0259r harada ya\u015fay\u0131blar, orada da ya\u015fayacaqlar, bizim onlarla he\u00e7 bir problemimiz yoxdur. Y\u0259ni, bu m\u0259rh\u0259l\u0259 \u00fc\u00e7\u00fcn bizim siyas\u0259timiz bundan ibar\u0259tdir sona q\u0259d\u0259r.<\/p>\n<p>O ki qald\u0131, art\u0131q m\u00fcharib\u0259 ba\u015fa \u00e7atandan sonra, \u0259lb\u0259tt\u0259 ki, n\u0259inki b\u00f6lg\u0259, d\u00fcnya d\u0259yi\u015f\u0259c\u0259k. Art\u0131q d\u0259yi\u015fir. H\u0259r k\u0259s bizim g\u00fcc\u00fcm\u00fcz\u00fc g\u00f6rd\u00fc. Biziml\u0259 hesabla\u015fmaq s\u0259viyy\u0259si daha da artacaq. Onsuz da m\u00fc\u0259yy\u0259n regional m\u0259s\u0259l\u0259l\u0259rd\u0259 Az\u0259rbaycan\u0131n rolu \u00e7ox \u00f6n\u0259mlidir, o daha da artacaq. T\u0259bii ki, T\u00fcrkiy\u0259-Az\u0259rbaycan birliyi daha da m\u00f6hk\u0259m olacaq. Bu da h\u0259m T\u00fcrkiy\u0259, h\u0259m Az\u0259rbaycan \u00fc\u00e7\u00fcn h\u0259yati \u0259h\u0259miyy\u0259t, \u00f6n\u0259m da\u015f\u0131y\u0131r. T\u00fcrkiy\u0259-Az\u0259rbaycan birliyi b\u00f6lg\u0259y\u0259 sabitlik, s\u00fclh g\u0259tirir. \u00c7\u00fcnki bizim niyy\u0259timiz \u00f6z maraqlar\u0131m\u0131z\u0131 t\u0259min etm\u0259kdir.<\/p>\n<p>Bu g\u00fcn T\u00fcrkiy\u0259 b\u00f6lg\u0259d\u0259 v\u0259 yeni co\u011frafiyada \u00e7ox \u00f6n\u0259mli sabitl\u0259\u015fdirici rol oynay\u0131r. \u018fziz qarda\u015f\u0131m R\u0259c\u0259b Tayyib \u018frdo\u011fan\u0131n bu toqqu\u015fmalar\u0131n ilk saatlar\u0131nda verdiyi d\u0259st\u0259k sabitliyi qorudu. B\u0259zil\u0259ri b\u0259lk\u0259 bunu anlam\u0131rlar. \u018fg\u0259r o s\u00f6zl\u0259r olmasayd\u0131, \u0259g\u0259r m\u0259nim qarda\u015f\u0131m dem\u0259s\u0259ydi ki, Az\u0259rbaycan t\u0259k deyil, T\u00fcrkiy\u0259 Az\u0259rbaycan\u0131n yan\u0131ndad\u0131r, b\u0259lk\u0259 d\u0259 burada v\u0259ziyy\u0259t qar\u0131\u015fard\u0131. B\u0259lk\u0259 d\u0259 ba\u015fqa kims\u0259 burada, nec\u0259 dey\u0259rl\u0259r, bulan\u0131q suda bal\u0131q tutma\u011fa \u00e7al\u0131\u015facaqd\u0131. Ona g\u00f6r\u0259 bundan sonra bu b\u00f6lg\u0259d\u0259 biz yeni bir strateji m\u0259nz\u0259r\u0259, strateji bax\u0131\u015f yaratmal\u0131y\u0131q. Art\u0131q bu bar\u0259d\u0259 d\u00fc\u015f\u00fcnm\u0259y\u0259 ba\u015flay\u0131r\u0131q, ancaq hadis\u0259l\u0259ri qabaqlamaq ist\u0259mirik. Qoy, bunu h\u0259ll ed\u0259k, bu i\u015f bitsin, \u0259razi b\u00fct\u00f6vl\u00fcy\u00fcm\u00fcz b\u0259rpa edilsin, ondan sonra Az\u0259rbaycan\u0131n yeni d\u00f6vr\u00fc ba\u015flanacaq, b\u00f6lg\u0259nin yeni d\u00f6vr\u00fc ba\u015flanacaq, g\u00fccl\u0259r nisb\u0259ti d\u0259yi\u015f\u0259c\u0259k v\u0259 hesab edir\u0259m ki, T\u00fcrkiy\u0259 v\u0259 Az\u0259rbaycan\u0131n g\u00fcc\u00fc daha da m\u00f6hk\u0259m olacaq.<\/p>\n<p><strong>&#8211; C\u0259nab Prezident, \u00e7ox t\u0259\u015f\u0259kk\u00fcr edir\u0259m. S\u0131x i\u015f rejimind\u0259, x\u00fcsusil\u0259 bir t\u0259r\u0259fd\u0259n c\u0259bh\u0259d\u0259n x\u0259b\u0259rl\u0259r g\u0259lir, bir t\u0259r\u0259fd\u0259n diplomatik prosesl\u0259r i\u00e7\u0259risind\u0259siniz. Amma t\u0259bii ki, Sizinl\u0259 s\u00f6hb\u0259t ed\u0259rk\u0259n, bu reportaj \u0259snas\u0131nda g\u00f6rd\u00fcm ki, Siz, \u0259slind\u0259, Erm\u0259nistan ictimaiyy\u0259tinin daxilind\u0259 dan\u0131\u015f\u0131lanlar\u0131 da \u00e7ox yax\u015f\u0131 izl\u0259yirsiniz. Biz\u0259 vaxt ay\u0131rd\u0131\u011f\u0131n\u0131z \u00fc\u00e7\u00fcn \u201cHaber T\u00fcrk\u201d ad\u0131ndan \u00e7ox t\u0259\u015f\u0259kk\u00fcr edir\u0259m, c\u0259nab Prezident.<\/strong><\/p>\n<p>&#8211; Sa\u011f olun. M\u0259n t\u0259\u015f\u0259kk\u00fcr edir\u0259m. \u00c7ox sa\u011f olun.<\/p>\n<p><strong>11:54<\/strong><\/p>\n<p>X\u0259b\u0259r verdiyimiz kimi, d\u00fcn\u0259n Az\u0259rbaycan Prezidenti \u0130lham \u018fliyev T\u00fcrkiy\u0259nin \u201cHaber T\u00fcrk\u201d\u00a0televiziyas\u0131na m\u00fcsahib\u0259 verib.<\/p>\n<p>M\u00fcsahib\u0259ni t\u0259qdim edirik:<\/p>\n<div><iframe loading=\"lazy\" src=\"https:\/\/www.youtube.com\/embed\/QZnoPpHHUss\" width=\"560\" height=\"315\" frameborder=\"0\" allowfullscreen=\"allowfullscreen\" data-mce-fragment=\"1\"><\/iframe><\/div>\n<\/div>\n<\/article>\n<h2 class=\"news-share-title\"><\/h2>\n","protected":false},"excerpt":{"rendered":"<p>X\u0259b\u0259r verdiyimiz kimi, Az\u0259rbaycan Respublikas\u0131n\u0131n Prezidenti \u0130lham \u018fliyev oktyabr\u0131n 13-d\u0259 T\u00fcrkiy\u0259nin \u201cHaber T\u00fcrk\u201d televiziya kanal\u0131na m\u00fcsahib\u0259 verib. Oktyabr\u0131n 14-d\u0259 h\u0259min televiziya kanal\u0131nda d\u00f6vl\u0259timizin ba\u015f\u00e7\u0131s\u0131n\u0131n m\u00fcsahib\u0259si yay\u0131mlan\u0131b. AZ\u018fRTAC\u00a0m\u00fcsahib\u0259ni t\u0259qdim edir. &#8211; Az\u0259rbaycan Prezidenti c\u0259nab \u0130lham \u018fliyev il\u0259 birlikd\u0259yik. C\u0259nab Prezident, bir yandan c\u0259bh\u0259d\u0259, bir yandan diplomatiyada s\u0131x qrafikiniz var. \u201cHaber T\u00fcrk\u201d\u0259 vaxt ay\u0131rd\u0131\u011f\u0131n\u0131z \u00fc\u00e7\u00fcn Siz\u0259 \u00e7ox t\u0259\u015f\u0259kk\u00fcr edir\u0259m. &#8211; Sa\u011f olun. &#8211; C\u0259nab Prezident, Erm\u0259nistan il\u0259 Az\u0259rbaycan aras\u0131nda Moskvada 11 saat yar\u0131m davam ed\u0259n bir g\u00f6r\u00fc\u015f ke\u00e7irildi. Ancaq bu g\u00f6r\u00fc\u015fd\u0259n sonra Erm\u0259nistan x\u00fcsusi q\u0259ddarl\u0131qla G\u0259nc\u0259 \u015f\u0259h\u0259rini at\u0259\u015f\u0259 tutma\u011fa, m\u00fclki \u015f\u0259xsl\u0259ri h\u0259d\u0259f\u0259&hellip;<\/p>\n","protected":false},"author":2,"featured_media":228513,"comment_status":"closed","ping_status":"closed","sticky":false,"template":"","format":"standard","meta":{"om_disable_all_campaigns":false,"_monsterinsights_skip_tracking":false,"_monsterinsights_sitenote_active":false,"_monsterinsights_sitenote_note":"","_monsterinsights_sitenote_category":0},"categories":[1],"tags":[],"aioseo_notices":[],"gutentor_comment":0,"rttpg_featured_image_url":{"full":["https:\/\/arantv.az\/wp-content\/uploads\/2020\/10\/1.jpg",620,406,false],"landscape":["https:\/\/arantv.az\/wp-content\/uploads\/2020\/10\/1.jpg",620,406,false],"portraits":["https:\/\/arantv.az\/wp-content\/uploads\/2020\/10\/1.jpg",620,406,false],"thumbnail":["https:\/\/arantv.az\/wp-content\/uploads\/2020\/10\/1-150x150.jpg",150,150,true],"medium":["https:\/\/arantv.az\/wp-content\/uploads\/2020\/10\/1-300x196.jpg",300,196,true],"large":["https:\/\/arantv.az\/wp-content\/uploads\/2020\/10\/1.jpg",620,406,false],"1536x1536":["https:\/\/arantv.az\/wp-content\/uploads\/2020\/10\/1.jpg",620,406,false],"2048x2048":["https:\/\/arantv.az\/wp-content\/uploads\/2020\/10\/1.jpg",620,406,false],"post-thumbnail":["https:\/\/arantv.az\/wp-content\/uploads\/2020\/10\/1-240x172.jpg",240,172,true],"advps-thumb-one":["https:\/\/arantv.az\/wp-content\/uploads\/2020\/10\/1.jpg",620,406,false]},"rttpg_author":{"display_name":"V\u00fcsal Rafiqo\u011flu","author_link":"https:\/\/arantv.az\/?author=2"},"rttpg_comment":0,"rttpg_category":"<a href=\"https:\/\/arantv.az\/?cat=1\" rel=\"category\">C\u0259miyy\u0259t<\/a>","rttpg_excerpt":"X\u0259b\u0259r verdiyimiz kimi, Az\u0259rbaycan Respublikas\u0131n\u0131n Prezidenti \u0130lham \u018fliyev oktyabr\u0131n 13-d\u0259 T\u00fcrkiy\u0259nin \u201cHaber T\u00fcrk\u201d televiziya kanal\u0131na m\u00fcsahib\u0259 verib. Oktyabr\u0131n 14-d\u0259 h\u0259min televiziya kanal\u0131nda d\u00f6vl\u0259timizin ba\u015f\u00e7\u0131s\u0131n\u0131n m\u00fcsahib\u0259si yay\u0131mlan\u0131b. AZ\u018fRTAC\u00a0m\u00fcsahib\u0259ni t\u0259qdim edir. &#8211; Az\u0259rbaycan Prezidenti c\u0259nab \u0130lham \u018fliyev il\u0259 birlikd\u0259yik. C\u0259nab Prezident, bir yandan c\u0259bh\u0259d\u0259, bir yandan diplomatiyada s\u0131x qrafikiniz var. \u201cHaber T\u00fcrk\u201d\u0259 vaxt ay\u0131rd\u0131\u011f\u0131n\u0131z \u00fc\u00e7\u00fcn Siz\u0259 \u00e7ox&hellip;","_links":{"self":[{"href":"https:\/\/arantv.az\/index.php?rest_route=\/wp\/v2\/posts\/228512"}],"collection":[{"href":"https:\/\/arantv.az\/index.php?rest_route=\/wp\/v2\/posts"}],"about":[{"href":"https:\/\/arantv.az\/index.php?rest_route=\/wp\/v2\/types\/post"}],"author":[{"embeddable":true,"href":"https:\/\/arantv.az\/index.php?rest_route=\/wp\/v2\/users\/2"}],"replies":[{"embeddable":true,"href":"https:\/\/arantv.az\/index.php?rest_route=%2Fwp%2Fv2%2Fcomments&post=228512"}],"version-history":[{"count":0,"href":"https:\/\/arantv.az\/index.php?rest_route=\/wp\/v2\/posts\/228512\/revisions"}],"wp:featuredmedia":[{"embeddable":true,"href":"https:\/\/arantv.az\/index.php?rest_route=\/wp\/v2\/media\/228513"}],"wp:attachment":[{"href":"https:\/\/arantv.az\/index.php?rest_route=%2Fwp%2Fv2%2Fmedia&parent=228512"}],"wp:term":[{"taxonomy":"category","embeddable":true,"href":"https:\/\/arantv.az\/index.php?rest_route=%2Fwp%2Fv2%2Fcategories&post=228512"},{"taxonomy":"post_tag","embeddable":true,"href":"https:\/\/arantv.az\/index.php?rest_route=%2Fwp%2Fv2%2Ftags&post=228512"}],"curies":[{"name":"wp","href":"https:\/\/api.w.org\/{rel}","templated":true}]}}