{"id":228518,"date":"2020-10-14T17:47:01","date_gmt":"2020-10-14T14:47:01","guid":{"rendered":"http:\/\/arantv.az\/?p=228518"},"modified":"2020-10-14T17:47:01","modified_gmt":"2020-10-14T14:47:01","slug":"bas-prokurorluq-erm%c9%99nil%c9%99rin-g%c9%99nc%c9%99d%c9%99-tor%c9%99tdikl%c9%99ri-terror-akti-il%c9%99-bagli-xarici-dill%c9%99rd%c9%99-video-hazirladi-video","status":"publish","type":"post","link":"https:\/\/arantv.az\/?p=228518","title":{"rendered":"Ba\u015f Prokurorluq erm\u0259nil\u0259rin G\u0259nc\u0259d\u0259 t\u00f6r\u0259tdikl\u0259ri terror akt\u0131 il\u0259 ba\u011fl\u0131 xarici dill\u0259rd\u0259 video haz\u0131rlad\u0131 &#8211; V\u0130DEO"},"content":{"rendered":"<article class=\"news\">\n<div class=\"news-inner\">\n<p>Az\u0259rbaycan Respublikas\u0131n\u0131n Ba\u015f Prokurorlu\u011fu Erm\u0259nistan silahl\u0131 q\u00fcvv\u0259l\u0259ri t\u0259r\u0259find\u0259n G\u0259nc\u0259 \u015f\u0259h\u0259rind\u0259 t\u00f6r\u0259dilmi\u015f terror akt\u0131 il\u0259 ba\u011fl\u0131 frans\u0131z, ispan, alman, rus, ingilis dill\u0259rind\u0259 video haz\u0131rlay\u0131b.<\/p>\n<p>Videonun yerli v\u0259 xarici k\u00fctl\u0259vi informasiya vasit\u0259l\u0259ri, o c\u00fcml\u0259d\u0259n xaricd\u0259 ya\u015fayan soyda\u015flar\u0131m\u0131z t\u0259r\u0259find\u0259n ictimail\u0259\u015fdirilm\u0259si xahi\u015f olunur: \u201cErm\u0259ni h\u0259rbi birl\u0259\u015fm\u0259l\u0259ri t\u0259r\u0259find\u0259n t\u00f6r\u0259dilmi\u015f cinay\u0259tl\u0259ri d\u00fcnya ictimaiyy\u0259tin\u0259 \u00e7atd\u0131raq!\u201d<\/p>\n<p>H\u0259min videolar\u0131 t\u0259qdim edirik:<\/p>\n<div><iframe loading=\"lazy\" src=\"https:\/\/www.youtube.com\/embed\/76obk7EPRqA\" width=\"560\" height=\"315\" frameborder=\"0\" allowfullscreen=\"allowfullscreen\" data-mce-fragment=\"1\"><\/iframe><\/div>\n<div><iframe loading=\"lazy\" src=\"https:\/\/www.youtube.com\/embed\/GW06zJUsbcc\" width=\"560\" height=\"315\" frameborder=\"0\" allowfullscreen=\"allowfullscreen\" data-mce-fragment=\"1\"><\/iframe><\/div>\n<div><iframe loading=\"lazy\" src=\"https:\/\/www.youtube.com\/embed\/86YztnWlThY\" width=\"560\" height=\"315\" frameborder=\"0\" allowfullscreen=\"allowfullscreen\" data-mce-fragment=\"1\"><\/iframe><\/div>\n<div><iframe loading=\"lazy\" src=\"https:\/\/www.youtube.com\/embed\/09qGbonfiqU\" width=\"560\" height=\"315\" frameborder=\"0\" allowfullscreen=\"allowfullscreen\" data-mce-fragment=\"1\"><\/iframe><\/div>\n<div><iframe loading=\"lazy\" src=\"https:\/\/www.youtube.com\/embed\/0sgpnA2ToZw\" width=\"560\" height=\"315\" frameborder=\"0\" allowfullscreen=\"allowfullscreen\" data-mce-fragment=\"1\"><\/iframe><\/div>\n<div><iframe loading=\"lazy\" src=\"https:\/\/www.youtube.com\/embed\/sJme4qttGdo\" width=\"560\" height=\"315\" frameborder=\"0\" allowfullscreen=\"allowfullscreen\" data-mce-fragment=\"1\"><\/iframe><\/div>\n<\/div>\n<\/article>\n<h2 class=\"news-share-title\"><\/h2>\n","protected":false},"excerpt":{"rendered":"<p>Az\u0259rbaycan Respublikas\u0131n\u0131n Ba\u015f Prokurorlu\u011fu Erm\u0259nistan silahl\u0131 q\u00fcvv\u0259l\u0259ri t\u0259r\u0259find\u0259n G\u0259nc\u0259 \u015f\u0259h\u0259rind\u0259 t\u00f6r\u0259dilmi\u015f terror akt\u0131 il\u0259 ba\u011fl\u0131 frans\u0131z, ispan, alman, rus, ingilis dill\u0259rind\u0259 video haz\u0131rlay\u0131b. Videonun yerli v\u0259 xarici k\u00fctl\u0259vi informasiya vasit\u0259l\u0259ri, o c\u00fcml\u0259d\u0259n xaricd\u0259 ya\u015fayan soyda\u015flar\u0131m\u0131z t\u0259r\u0259find\u0259n ictimail\u0259\u015fdirilm\u0259si xahi\u015f olunur: \u201cErm\u0259ni h\u0259rbi birl\u0259\u015fm\u0259l\u0259ri t\u0259r\u0259find\u0259n t\u00f6r\u0259dilmi\u015f cinay\u0259tl\u0259ri d\u00fcnya ictimaiyy\u0259tin\u0259 \u00e7atd\u0131raq!\u201d H\u0259min videolar\u0131 t\u0259qdim edirik:<\/p>\n","protected":false},"author":2,"featured_media":228519,"comment_status":"closed","ping_status":"closed","sticky":false,"template":"","format":"standard","meta":{"om_disable_all_campaigns":false,"_monsterinsights_skip_tracking":false,"_monsterinsights_sitenote_active":false,"_monsterinsights_sitenote_note":"","_monsterinsights_sitenote_category":0},"categories":[3],"tags":[],"aioseo_notices":[],"gutentor_comment":0,"rttpg_featured_image_url":{"full":["https:\/\/arantv.az\/wp-content\/uploads\/2020\/10\/FotoJet-2.jpg",620,430,false],"landscape":["https:\/\/arantv.az\/wp-content\/uploads\/2020\/10\/FotoJet-2.jpg",620,430,false],"portraits":["https:\/\/arantv.az\/wp-content\/uploads\/2020\/10\/FotoJet-2.jpg",620,430,false],"thumbnail":["https:\/\/arantv.az\/wp-content\/uploads\/2020\/10\/FotoJet-2-150x150.jpg",150,150,true],"medium":["https:\/\/arantv.az\/wp-content\/uploads\/2020\/10\/FotoJet-2-300x208.jpg",300,208,true],"large":["https:\/\/arantv.az\/wp-content\/uploads\/2020\/10\/FotoJet-2.jpg",620,430,false],"1536x1536":["https:\/\/arantv.az\/wp-content\/uploads\/2020\/10\/FotoJet-2.jpg",620,430,false],"2048x2048":["https:\/\/arantv.az\/wp-content\/uploads\/2020\/10\/FotoJet-2.jpg",620,430,false],"post-thumbnail":["https:\/\/arantv.az\/wp-content\/uploads\/2020\/10\/FotoJet-2-240x172.jpg",240,172,true],"advps-thumb-one":["https:\/\/arantv.az\/wp-content\/uploads\/2020\/10\/FotoJet-2.jpg",620,430,false]},"rttpg_author":{"display_name":"V\u00fcsal Rafiqo\u011flu","author_link":"https:\/\/arantv.az\/?author=2"},"rttpg_comment":0,"rttpg_category":"<a href=\"https:\/\/arantv.az\/?cat=3\" rel=\"category\">Kriminal<\/a>","rttpg_excerpt":"Az\u0259rbaycan Respublikas\u0131n\u0131n Ba\u015f Prokurorlu\u011fu Erm\u0259nistan silahl\u0131 q\u00fcvv\u0259l\u0259ri t\u0259r\u0259find\u0259n G\u0259nc\u0259 \u015f\u0259h\u0259rind\u0259 t\u00f6r\u0259dilmi\u015f terror akt\u0131 il\u0259 ba\u011fl\u0131 frans\u0131z, ispan, alman, rus, ingilis dill\u0259rind\u0259 video haz\u0131rlay\u0131b. Videonun yerli v\u0259 xarici k\u00fctl\u0259vi informasiya vasit\u0259l\u0259ri, o c\u00fcml\u0259d\u0259n xaricd\u0259 ya\u015fayan soyda\u015flar\u0131m\u0131z t\u0259r\u0259find\u0259n ictimail\u0259\u015fdirilm\u0259si xahi\u015f olunur: \u201cErm\u0259ni h\u0259rbi birl\u0259\u015fm\u0259l\u0259ri t\u0259r\u0259find\u0259n t\u00f6r\u0259dilmi\u015f cinay\u0259tl\u0259ri d\u00fcnya ictimaiyy\u0259tin\u0259 \u00e7atd\u0131raq!\u201d H\u0259min videolar\u0131 t\u0259qdim edirik:","_links":{"self":[{"href":"https:\/\/arantv.az\/index.php?rest_route=\/wp\/v2\/posts\/228518"}],"collection":[{"href":"https:\/\/arantv.az\/index.php?rest_route=\/wp\/v2\/posts"}],"about":[{"href":"https:\/\/arantv.az\/index.php?rest_route=\/wp\/v2\/types\/post"}],"author":[{"embeddable":true,"href":"https:\/\/arantv.az\/index.php?rest_route=\/wp\/v2\/users\/2"}],"replies":[{"embeddable":true,"href":"https:\/\/arantv.az\/index.php?rest_route=%2Fwp%2Fv2%2Fcomments&post=228518"}],"version-history":[{"count":0,"href":"https:\/\/arantv.az\/index.php?rest_route=\/wp\/v2\/posts\/228518\/revisions"}],"wp:featuredmedia":[{"embeddable":true,"href":"https:\/\/arantv.az\/index.php?rest_route=\/wp\/v2\/media\/228519"}],"wp:attachment":[{"href":"https:\/\/arantv.az\/index.php?rest_route=%2Fwp%2Fv2%2Fmedia&parent=228518"}],"wp:term":[{"taxonomy":"category","embeddable":true,"href":"https:\/\/arantv.az\/index.php?rest_route=%2Fwp%2Fv2%2Fcategories&post=228518"},{"taxonomy":"post_tag","embeddable":true,"href":"https:\/\/arantv.az\/index.php?rest_route=%2Fwp%2Fv2%2Ftags&post=228518"}],"curies":[{"name":"wp","href":"https:\/\/api.w.org\/{rel}","templated":true}]}}