{"id":228534,"date":"2020-10-14T17:50:55","date_gmt":"2020-10-14T14:50:55","guid":{"rendered":"http:\/\/arantv.az\/?p=228534"},"modified":"2020-10-14T17:50:55","modified_gmt":"2020-10-14T14:50:55","slug":"mudafi%c9%99-nazirliyi-az%c9%99rbaycan-ordusu-qeyri-h%c9%99rbi-h%c9%99d%c9%99fl%c9%99r%c9%99-at%c9%99s-acmir","status":"publish","type":"post","link":"https:\/\/arantv.az\/?p=228534","title":{"rendered":"M\u00fcdafi\u0259 Nazirliyi: Az\u0259rbaycan Ordusu qeyri-h\u0259rbi h\u0259d\u0259fl\u0259r\u0259 at\u0259\u015f a\u00e7m\u0131r"},"content":{"rendered":"<p>\u201cErm\u0259nistan t\u0259r\u0259finin guya Az\u0259rbaycan Ordusunun m\u00fclki \u0259halinin d\u0259 m\u00fcalic\u0259 olundu\u011fu hospitala at\u0259\u015f a\u00e7mas\u0131 bar\u0259d\u0259 yayd\u0131\u011f\u0131 m\u0259lumat yaland\u0131r\u201d.<\/p>\n<div id=\"AdviadNativeVideo0\" class=\"AdviadNativeVideo\"><\/div>\n<p>Bu bar\u0259d\u0259 Az\u0259rbaycan M\u00fcdafi\u0259 Nazirliyinin yayd\u0131\u011f\u0131 a\u00e7\u0131qlamada bildirilib.<\/p>\n<p>\u201cBildiririk ki, Erm\u0259nistan silahl\u0131 q\u00fcvv\u0259l\u0259rind\u0259n f\u0259rqli olaraq Az\u0259rbaycan Ordusu he\u00e7 bir m\u00fclki infrastruktura v\u0259 qeyri h\u0259rbi h\u0259d\u0259f\u0259 at\u0259\u015f a\u00e7m\u0131r.<br \/>\nOrdumuz humanitar at\u0259\u015fk\u0259s rejimin\u0259 ciddi \u0259m\u0259l edir\u201d, &#8211; nazirliyin m\u0259lumat\u0131nda qeyd olunub..<\/p>\n","protected":false},"excerpt":{"rendered":"<p>\u201cErm\u0259nistan t\u0259r\u0259finin guya Az\u0259rbaycan Ordusunun m\u00fclki \u0259halinin d\u0259 m\u00fcalic\u0259 olundu\u011fu hospitala at\u0259\u015f a\u00e7mas\u0131 bar\u0259d\u0259 yayd\u0131\u011f\u0131 m\u0259lumat yaland\u0131r\u201d. Bu bar\u0259d\u0259 Az\u0259rbaycan M\u00fcdafi\u0259 Nazirliyinin yayd\u0131\u011f\u0131 a\u00e7\u0131qlamada bildirilib. \u201cBildiririk ki, Erm\u0259nistan silahl\u0131 q\u00fcvv\u0259l\u0259rind\u0259n f\u0259rqli olaraq Az\u0259rbaycan Ordusu he\u00e7 bir m\u00fclki infrastruktura v\u0259 qeyri h\u0259rbi h\u0259d\u0259f\u0259 at\u0259\u015f a\u00e7m\u0131r. Ordumuz humanitar at\u0259\u015fk\u0259s rejimin\u0259 ciddi \u0259m\u0259l edir\u201d, &#8211; nazirliyin m\u0259lumat\u0131nda qeyd olunub..<\/p>\n","protected":false},"author":2,"featured_media":228535,"comment_status":"closed","ping_status":"closed","sticky":false,"template":"","format":"standard","meta":{"om_disable_all_campaigns":false,"_monsterinsights_skip_tracking":false,"_monsterinsights_sitenote_active":false,"_monsterinsights_sitenote_note":"","_monsterinsights_sitenote_category":0},"categories":[19],"tags":[],"aioseo_notices":[],"gutentor_comment":0,"rttpg_featured_image_url":{"full":["https:\/\/arantv.az\/wp-content\/uploads\/2020\/10\/2a9c36baf919ab9f6bdac9d711edc1c6_800.jpg",620,413,false],"landscape":["https:\/\/arantv.az\/wp-content\/uploads\/2020\/10\/2a9c36baf919ab9f6bdac9d711edc1c6_800.jpg",620,413,false],"portraits":["https:\/\/arantv.az\/wp-content\/uploads\/2020\/10\/2a9c36baf919ab9f6bdac9d711edc1c6_800.jpg",620,413,false],"thumbnail":["https:\/\/arantv.az\/wp-content\/uploads\/2020\/10\/2a9c36baf919ab9f6bdac9d711edc1c6_800-150x150.jpg",150,150,true],"medium":["https:\/\/arantv.az\/wp-content\/uploads\/2020\/10\/2a9c36baf919ab9f6bdac9d711edc1c6_800-300x200.jpg",300,200,true],"large":["https:\/\/arantv.az\/wp-content\/uploads\/2020\/10\/2a9c36baf919ab9f6bdac9d711edc1c6_800.jpg",620,413,false],"1536x1536":["https:\/\/arantv.az\/wp-content\/uploads\/2020\/10\/2a9c36baf919ab9f6bdac9d711edc1c6_800.jpg",620,413,false],"2048x2048":["https:\/\/arantv.az\/wp-content\/uploads\/2020\/10\/2a9c36baf919ab9f6bdac9d711edc1c6_800.jpg",620,413,false],"post-thumbnail":["https:\/\/arantv.az\/wp-content\/uploads\/2020\/10\/2a9c36baf919ab9f6bdac9d711edc1c6_800-240x172.jpg",240,172,true],"advps-thumb-one":["https:\/\/arantv.az\/wp-content\/uploads\/2020\/10\/2a9c36baf919ab9f6bdac9d711edc1c6_800.jpg",620,413,false]},"rttpg_author":{"display_name":"V\u00fcsal Rafiqo\u011flu","author_link":"https:\/\/arantv.az\/?author=2"},"rttpg_comment":0,"rttpg_category":"<a href=\"https:\/\/arantv.az\/?cat=19\" rel=\"category\">G\u00fcnd\u0259m<\/a>","rttpg_excerpt":"\u201cErm\u0259nistan t\u0259r\u0259finin guya Az\u0259rbaycan Ordusunun m\u00fclki \u0259halinin d\u0259 m\u00fcalic\u0259 olundu\u011fu hospitala at\u0259\u015f a\u00e7mas\u0131 bar\u0259d\u0259 yayd\u0131\u011f\u0131 m\u0259lumat yaland\u0131r\u201d. Bu bar\u0259d\u0259 Az\u0259rbaycan M\u00fcdafi\u0259 Nazirliyinin yayd\u0131\u011f\u0131 a\u00e7\u0131qlamada bildirilib. \u201cBildiririk ki, Erm\u0259nistan silahl\u0131 q\u00fcvv\u0259l\u0259rind\u0259n f\u0259rqli olaraq Az\u0259rbaycan Ordusu he\u00e7 bir m\u00fclki infrastruktura v\u0259 qeyri h\u0259rbi h\u0259d\u0259f\u0259 at\u0259\u015f a\u00e7m\u0131r. Ordumuz humanitar at\u0259\u015fk\u0259s rejimin\u0259 ciddi \u0259m\u0259l edir\u201d, &#8211; nazirliyin m\u0259lumat\u0131nda qeyd&hellip;","_links":{"self":[{"href":"https:\/\/arantv.az\/index.php?rest_route=\/wp\/v2\/posts\/228534"}],"collection":[{"href":"https:\/\/arantv.az\/index.php?rest_route=\/wp\/v2\/posts"}],"about":[{"href":"https:\/\/arantv.az\/index.php?rest_route=\/wp\/v2\/types\/post"}],"author":[{"embeddable":true,"href":"https:\/\/arantv.az\/index.php?rest_route=\/wp\/v2\/users\/2"}],"replies":[{"embeddable":true,"href":"https:\/\/arantv.az\/index.php?rest_route=%2Fwp%2Fv2%2Fcomments&post=228534"}],"version-history":[{"count":0,"href":"https:\/\/arantv.az\/index.php?rest_route=\/wp\/v2\/posts\/228534\/revisions"}],"wp:featuredmedia":[{"embeddable":true,"href":"https:\/\/arantv.az\/index.php?rest_route=\/wp\/v2\/media\/228535"}],"wp:attachment":[{"href":"https:\/\/arantv.az\/index.php?rest_route=%2Fwp%2Fv2%2Fmedia&parent=228534"}],"wp:term":[{"taxonomy":"category","embeddable":true,"href":"https:\/\/arantv.az\/index.php?rest_route=%2Fwp%2Fv2%2Fcategories&post=228534"},{"taxonomy":"post_tag","embeddable":true,"href":"https:\/\/arantv.az\/index.php?rest_route=%2Fwp%2Fv2%2Ftags&post=228534"}],"curies":[{"name":"wp","href":"https:\/\/api.w.org\/{rel}","templated":true}]}}