{"id":228542,"date":"2020-10-14T17:53:27","date_gmt":"2020-10-14T14:53:27","guid":{"rendered":"http:\/\/arantv.az\/?p=228542"},"modified":"2020-10-14T17:53:27","modified_gmt":"2020-10-14T14:53:27","slug":"az%c9%99rbaycanin-b%c9%99zi-%c9%99razil%c9%99rin%c9%99-giris-cixis-m%c9%99hdudlasdirildi-din-d%c9%99n-aciqlama","status":"publish","type":"post","link":"https:\/\/arantv.az\/?p=228542","title":{"rendered":"Az\u0259rbaycan\u0131n b\u0259zi \u0259razil\u0259rin\u0259 giri\u015f-\u00e7\u0131x\u0131\u015f m\u0259hdudla\u015fd\u0131r\u0131ld\u0131 &#8211; D\u0130N-d\u0259n A\u00c7IQLAMA"},"content":{"rendered":"<p>\u018fhali aras\u0131nda \u201cCOVID-19\u201d pandemiyas\u0131na yoluxma il\u0259 ba\u011fl\u0131 dinamikan\u0131n art\u0131m\u0131 il\u0259 \u0259laq\u0259dar olaraq,\u00a0Nazirl\u0259r Kabinetinin q\u0259rar\u0131 il\u0259 14 oktyabr saat 00.00-dan ba\u015flayaraq Sabirabad \u015f\u0259h\u0259rin\u0259, rayonun Cavad, T\u00fcrk\u0259di, Qala\u011fay\u0131n v\u0259 K\u00fcrk\u0259ndi k\u0259ndl\u0259rin\u0259, \u015e\u0259ki \u015f\u0259h\u0259rin\u0259 v\u0259 Ki\u015f k\u0259ndin\u0259 operativ v\u0259 x\u00fcsusi t\u0259yinatl\u0131 n\u0259qliyyat vasit\u0259l\u0259rinin, habel\u0259 y\u00fckda\u015f\u0131yan avtomobill\u0259rin h\u0259r\u0259k\u0259ti istisna olmaqla, giri\u015f-\u00e7\u0131x\u0131\u015f m\u0259hdudla\u015fd\u0131r\u0131l\u0131b.<\/p>\n<p>Bu bar\u0259d\u0259 Daxili \u0130\u015fl\u0259r Nazirliyinin (D\u0130N) m\u0259tbuat xidm\u0259tinin yayd\u0131\u011f\u0131 m\u0259lumatda qeyd olunub.<\/p>\n<p>Q\u0259rardan ir\u0259li g\u0259l\u0259n v\u0259zif\u0259l\u0259rin icras\u0131 il\u0259 \u0259laq\u0259dar qeyd olunan rayon m\u0259rk\u0259zl\u0259rinin v\u0259 k\u0259ndl\u0259rin giri\u015f-\u00e7\u0131x\u0131\u015flar\u0131nda x\u00fcsusi karantin postlar\u0131 t\u0259\u015fkil edil\u0259r\u0259k polis \u0259m\u0259kda\u015flar\u0131 v\u0259 Daxili Qo\u015funlar\u0131n h\u0259rbi qulluq\u00e7ular\u0131 g\u00fccl\u0259ndirilmi\u015f i\u015f rejimind\u0259 xidm\u0259t\u0259 c\u0259lb olunublar.<\/p>\n<div id=\"AdviadNativeVideo0\" class=\"AdviadNativeVideo\"><\/div>\n<p>Bu t\u0259hl\u00fck\u0259li virusun \u00a0geni\u015f yay\u0131lmas\u0131n\u0131n qar\u015f\u0131s\u0131n\u0131n al\u0131nmas\u0131 il\u0259 \u0259laq\u0259dar t\u0259tbiq olunan b\u00fct\u00fcn t\u0259dbirl\u0259r v\u0259t\u0259nda\u015flar\u0131n t\u0259hl\u00fck\u0259sizliyinin t\u0259min edilm\u0259si, Az\u0259rbaycan\u0131n h\u0259r bir sakininin sa\u011flaml\u0131\u011f\u0131n\u0131n qorunmas\u0131 m\u0259qs\u0259dil\u0259 h\u0259yata ke\u00e7irilir.<\/p>\n<p>\u201cCOVID-19 pandemiyas\u0131 z\u0259minind\u0259 d\u00fcnyada ya\u015fanan haz\u0131rki f\u00f6vq\u0259lad\u0259 v\u0259ziyy\u0259td\u0259 v\u0259 d\u00f6vl\u0259timiz \u00fc\u00e7\u00fcn h\u0259ssas bir d\u00f6n\u0259md\u0259 \u00f6lk\u0259 \u0259halisin\u0259 x\u00fcsusi karantin rejimi m\u00fcdd\u0259tind\u0259 g\u00f6st\u0259rdikl\u0259ri \u0259zm v\u0259 v\u0259t\u0259nda\u015f m\u0259suliyy\u0259tin\u0259 g\u00f6r\u0259 bir daha t\u0259\u015f\u0259kk\u00fcr edirik.<\/p>\n<p>\u0130nan\u0131r\u0131q ki, qar\u015f\u0131dak\u0131 m\u00fcdd\u0259td\u0259 d\u0259 virusun geni\u015f yay\u0131lmamas\u0131, insanlar aras\u0131nda daha t\u0259hl\u00fck\u0259li f\u0259sadlar t\u00f6r\u0259tm\u0259m\u0259si \u00fc\u00e7\u00fcn v\u0259t\u0259nda\u015flar\u0131m\u0131z, o c\u00fcml\u0259d\u0259n Nazirl\u0259r Kabinetinin q\u0259rar\u0131nda adlar\u0131\u00a0 qeyd olunan Sabirabad v\u0259 \u015e\u0259ki rayonlar\u0131n\u0131n sakinl\u0259ri karantin rejimin\u0259 n\u0259zar\u0259ti h\u0259yata ke\u00e7ir\u0259n polis \u0259m\u0259kda\u015flar\u0131n\u0131n t\u0259l\u0259b v\u0259 t\u00f6vsiy\u0259l\u0259rini anlay\u0131\u015fla qar\u015f\u0131layacaq v\u0259 bununla \u0259laq\u0259dar t\u0259tbiq edil\u0259n b\u00fct\u00fcn qayda v\u0259 qada\u011falara ciddi riay\u0259t ed\u0259c\u0259kl\u0259r\u201d.<\/p>\n<p>Xat\u0131rladaq ki, COVID-19 pandemiyas\u0131 il\u0259 \u0259laq\u0259dar \u00f6lk\u0259d\u0259 haz\u0131rki sanitar-epidemioloji v\u0259ziyy\u0259t t\u0259hlil edil\u0259rk\u0259n \u00e7ox t\u0259\u0259ss\u00fcf ki, respublikan\u0131n b\u0259zi \u0259razil\u0259rind\u0259 \u0259hali aras\u0131nda virusa yoluxman\u0131n dinamikas\u0131nda yenid\u0259n ciddi art\u0131m m\u00fc\u015fahid\u0259 edilib.<\/p>\n","protected":false},"excerpt":{"rendered":"<p>\u018fhali aras\u0131nda \u201cCOVID-19\u201d pandemiyas\u0131na yoluxma il\u0259 ba\u011fl\u0131 dinamikan\u0131n art\u0131m\u0131 il\u0259 \u0259laq\u0259dar olaraq,\u00a0Nazirl\u0259r Kabinetinin q\u0259rar\u0131 il\u0259 14 oktyabr saat 00.00-dan ba\u015flayaraq Sabirabad \u015f\u0259h\u0259rin\u0259, rayonun Cavad, T\u00fcrk\u0259di, Qala\u011fay\u0131n v\u0259 K\u00fcrk\u0259ndi k\u0259ndl\u0259rin\u0259, \u015e\u0259ki \u015f\u0259h\u0259rin\u0259 v\u0259 Ki\u015f k\u0259ndin\u0259 operativ v\u0259 x\u00fcsusi t\u0259yinatl\u0131 n\u0259qliyyat vasit\u0259l\u0259rinin, habel\u0259 y\u00fckda\u015f\u0131yan avtomobill\u0259rin h\u0259r\u0259k\u0259ti istisna olmaqla, giri\u015f-\u00e7\u0131x\u0131\u015f m\u0259hdudla\u015fd\u0131r\u0131l\u0131b. Bu bar\u0259d\u0259 Daxili \u0130\u015fl\u0259r Nazirliyinin (D\u0130N) m\u0259tbuat xidm\u0259tinin yayd\u0131\u011f\u0131 m\u0259lumatda qeyd olunub. Q\u0259rardan ir\u0259li g\u0259l\u0259n v\u0259zif\u0259l\u0259rin icras\u0131 il\u0259 \u0259laq\u0259dar qeyd olunan rayon m\u0259rk\u0259zl\u0259rinin v\u0259 k\u0259ndl\u0259rin giri\u015f-\u00e7\u0131x\u0131\u015flar\u0131nda x\u00fcsusi karantin postlar\u0131 t\u0259\u015fkil edil\u0259r\u0259k polis \u0259m\u0259kda\u015flar\u0131 v\u0259 Daxili Qo\u015funlar\u0131n h\u0259rbi qulluq\u00e7ular\u0131 g\u00fccl\u0259ndirilmi\u015f i\u015f rejimind\u0259 xidm\u0259t\u0259&hellip;<\/p>\n","protected":false},"author":2,"featured_media":228543,"comment_status":"closed","ping_status":"closed","sticky":false,"template":"","format":"standard","meta":{"om_disable_all_campaigns":false,"_monsterinsights_skip_tracking":false,"_monsterinsights_sitenote_active":false,"_monsterinsights_sitenote_note":"","_monsterinsights_sitenote_category":0},"categories":[2],"tags":[],"aioseo_notices":[],"gutentor_comment":0,"rttpg_featured_image_url":{"full":["https:\/\/arantv.az\/wp-content\/uploads\/2020\/10\/download-1.jpg",299,168,false],"landscape":["https:\/\/arantv.az\/wp-content\/uploads\/2020\/10\/download-1.jpg",299,168,false],"portraits":["https:\/\/arantv.az\/wp-content\/uploads\/2020\/10\/download-1.jpg",299,168,false],"thumbnail":["https:\/\/arantv.az\/wp-content\/uploads\/2020\/10\/download-1-150x150.jpg",150,150,true],"medium":["https:\/\/arantv.az\/wp-content\/uploads\/2020\/10\/download-1.jpg",299,168,false],"large":["https:\/\/arantv.az\/wp-content\/uploads\/2020\/10\/download-1.jpg",299,168,false],"1536x1536":["https:\/\/arantv.az\/wp-content\/uploads\/2020\/10\/download-1.jpg",299,168,false],"2048x2048":["https:\/\/arantv.az\/wp-content\/uploads\/2020\/10\/download-1.jpg",299,168,false],"post-thumbnail":["https:\/\/arantv.az\/wp-content\/uploads\/2020\/10\/download-1-240x168.jpg",240,168,true],"advps-thumb-one":["https:\/\/arantv.az\/wp-content\/uploads\/2020\/10\/download-1.jpg",299,168,false]},"rttpg_author":{"display_name":"V\u00fcsal Rafiqo\u011flu","author_link":"https:\/\/arantv.az\/?author=2"},"rttpg_comment":0,"rttpg_category":"<a href=\"https:\/\/arantv.az\/?cat=2\" rel=\"category\">Region X\u0259b\u0259rl\u0259ri<\/a>","rttpg_excerpt":"\u018fhali aras\u0131nda \u201cCOVID-19\u201d pandemiyas\u0131na yoluxma il\u0259 ba\u011fl\u0131 dinamikan\u0131n art\u0131m\u0131 il\u0259 \u0259laq\u0259dar olaraq,\u00a0Nazirl\u0259r Kabinetinin q\u0259rar\u0131 il\u0259 14 oktyabr saat 00.00-dan ba\u015flayaraq Sabirabad \u015f\u0259h\u0259rin\u0259, rayonun Cavad, T\u00fcrk\u0259di, Qala\u011fay\u0131n v\u0259 K\u00fcrk\u0259ndi k\u0259ndl\u0259rin\u0259, \u015e\u0259ki \u015f\u0259h\u0259rin\u0259 v\u0259 Ki\u015f k\u0259ndin\u0259 operativ v\u0259 x\u00fcsusi t\u0259yinatl\u0131 n\u0259qliyyat vasit\u0259l\u0259rinin, habel\u0259 y\u00fckda\u015f\u0131yan avtomobill\u0259rin h\u0259r\u0259k\u0259ti istisna olmaqla, giri\u015f-\u00e7\u0131x\u0131\u015f m\u0259hdudla\u015fd\u0131r\u0131l\u0131b. Bu bar\u0259d\u0259 Daxili \u0130\u015fl\u0259r Nazirliyinin (D\u0130N) m\u0259tbuat&hellip;","_links":{"self":[{"href":"https:\/\/arantv.az\/index.php?rest_route=\/wp\/v2\/posts\/228542"}],"collection":[{"href":"https:\/\/arantv.az\/index.php?rest_route=\/wp\/v2\/posts"}],"about":[{"href":"https:\/\/arantv.az\/index.php?rest_route=\/wp\/v2\/types\/post"}],"author":[{"embeddable":true,"href":"https:\/\/arantv.az\/index.php?rest_route=\/wp\/v2\/users\/2"}],"replies":[{"embeddable":true,"href":"https:\/\/arantv.az\/index.php?rest_route=%2Fwp%2Fv2%2Fcomments&post=228542"}],"version-history":[{"count":0,"href":"https:\/\/arantv.az\/index.php?rest_route=\/wp\/v2\/posts\/228542\/revisions"}],"wp:featuredmedia":[{"embeddable":true,"href":"https:\/\/arantv.az\/index.php?rest_route=\/wp\/v2\/media\/228543"}],"wp:attachment":[{"href":"https:\/\/arantv.az\/index.php?rest_route=%2Fwp%2Fv2%2Fmedia&parent=228542"}],"wp:term":[{"taxonomy":"category","embeddable":true,"href":"https:\/\/arantv.az\/index.php?rest_route=%2Fwp%2Fv2%2Fcategories&post=228542"},{"taxonomy":"post_tag","embeddable":true,"href":"https:\/\/arantv.az\/index.php?rest_route=%2Fwp%2Fv2%2Ftags&post=228542"}],"curies":[{"name":"wp","href":"https:\/\/api.w.org\/{rel}","templated":true}]}}