{"id":228555,"date":"2020-10-15T07:20:15","date_gmt":"2020-10-15T04:20:15","guid":{"rendered":"http:\/\/arantv.az\/?p=228555"},"modified":"2020-10-15T07:20:15","modified_gmt":"2020-10-15T04:20:15","slug":"ilham-%c9%99liyev-makron-m%c9%99n%c9%99-bir-nec%c9%99-d%c9%99f%c9%99-telefonla-z%c9%99ng-edib","status":"publish","type":"post","link":"https:\/\/arantv.az\/?p=228555","title":{"rendered":"\u0130lham \u018fliyev: \u201cMakron m\u0259n\u0259 bir ne\u00e7\u0259 d\u0259f\u0259 telefonla z\u0259ng edib\u201d"},"content":{"rendered":"<p>\u201cToqqu\u015fmalar\u0131n \u0259vv\u0259lind\u0259n biz b\u0259zi ziddiyy\u0259tli b\u0259yanatlar v\u0259 b\u0259zi mesajlar al\u0131r\u0131q. Lakin d\u00fc\u015f\u00fcn\u00fcr\u0259m ki, qar\u015f\u0131l\u0131ql\u0131 diplomatik s\u0259yl\u0259rimiz say\u0259sind\u0259 v\u0259ziyy\u0259ti n\u0259zar\u0259t alt\u0131nda saxlama\u011fa m\u00fcv\u0259ff\u0259q olmu\u015fuq. Bildiyiniz kimi, Prezident Makron m\u0259n\u0259 bir ne\u00e7\u0259 d\u0259f\u0259 telefonla z\u0259ng edib v\u0259 bizim sonuncu s\u00f6hb\u0259timiz \u00e7ox m\u00fcsb\u0259t idi\u201d.<\/p>\n<div id=\"AdviadNativeVideo0\" class=\"AdviadNativeVideo\"><\/div>\n<p>Bu fikirl\u0259ri Az\u0259rbaycan Prezidenti \u0130lham \u018fliyev \u201cFrance 24\u201d televiziya kanal\u0131na m\u00fcsahib\u0259sind\u0259 deyib.<\/p>\n<p>\u201cBiz m\u00fcnaqi\u015f\u0259nin siyasi h\u0259ll yolunun tap\u0131lmas\u0131 s\u0259yl\u0259rin\u0259 sadiqik. M\u0259n\u0259 m\u0259lumat verildi ki, Fransa h\u0259ms\u0259dr olaraq neytral qalacaq, \u00e7\u00fcnki bu, h\u0259ms\u0259drin mandat\u0131d\u0131r. Bu s\u0259h\u0259r m\u0259n\u0259 m\u0259lumat verildi ki, Fransan\u0131n Xarici \u0130\u015fl\u0259r naziri b\u0259yanat verib ki, Fransa Minsk qrupunun h\u0259ms\u0259dri oldu\u011funa g\u00f6r\u0259 neytral olmal\u0131d\u0131r. Biz bu m\u00f6vqeyi tam d\u0259st\u0259kl\u0259yirik v\u0259 bizim m\u00f6vqeyimiz h\u0259r zaman bel\u0259 olub ki, b\u00fct\u00fcn h\u0259ms\u0259drl\u0259r neytral olmal\u0131d\u0131r, onlar t\u0259r\u0259f tutmamal\u0131d\u0131rlar. \u00c7\u00fcnki bu, onlar\u0131n mandat\u0131na ziddir. H\u0259r bir \u00f6lk\u0259nin milli s\u0259viyy\u0259d\u0259 m\u00fctt\u0259fiql\u0259ri, dostlar\u0131 var, b\u0259zi \u00f6lk\u0259l\u0259rl\u0259 daha f\u0259al, b\u0259zi \u00f6lk\u0259l\u0259rl\u0259 daha az f\u0259al \u0259laq\u0259l\u0259ri var. Bu, normald\u0131r v\u0259 he\u00e7 kim buna etiraz etmir. Lakin \u0259g\u0259r b\u0259zi \u00f6lk\u0259l\u0259rin vasit\u0259\u00e7ilik mandat\u0131 varsa, \u0259lb\u0259tt\u0259, \u0259min\u0259m ki, h\u0259r iki t\u0259r\u0259f \u2013 Erm\u0259nistan v\u0259 Az\u0259rbaycan neytrall\u0131q g\u00f6zl\u0259yir v\u0259 haz\u0131rda biz bu neytrall\u0131\u011f\u0131 g\u00f6r\u00fcr\u00fck\u201d, &#8211; dey\u0259 o bildirib.<\/p>\n","protected":false},"excerpt":{"rendered":"<p>\u201cToqqu\u015fmalar\u0131n \u0259vv\u0259lind\u0259n biz b\u0259zi ziddiyy\u0259tli b\u0259yanatlar v\u0259 b\u0259zi mesajlar al\u0131r\u0131q. Lakin d\u00fc\u015f\u00fcn\u00fcr\u0259m ki, qar\u015f\u0131l\u0131ql\u0131 diplomatik s\u0259yl\u0259rimiz say\u0259sind\u0259 v\u0259ziyy\u0259ti n\u0259zar\u0259t alt\u0131nda saxlama\u011fa m\u00fcv\u0259ff\u0259q olmu\u015fuq. Bildiyiniz kimi, Prezident Makron m\u0259n\u0259 bir ne\u00e7\u0259 d\u0259f\u0259 telefonla z\u0259ng edib v\u0259 bizim sonuncu s\u00f6hb\u0259timiz \u00e7ox m\u00fcsb\u0259t idi\u201d. Bu fikirl\u0259ri Az\u0259rbaycan Prezidenti \u0130lham \u018fliyev \u201cFrance 24\u201d televiziya kanal\u0131na m\u00fcsahib\u0259sind\u0259 deyib. \u201cBiz m\u00fcnaqi\u015f\u0259nin siyasi h\u0259ll yolunun tap\u0131lmas\u0131 s\u0259yl\u0259rin\u0259 sadiqik. M\u0259n\u0259 m\u0259lumat verildi ki, Fransa h\u0259ms\u0259dr olaraq neytral qalacaq, \u00e7\u00fcnki bu, h\u0259ms\u0259drin mandat\u0131d\u0131r. Bu s\u0259h\u0259r m\u0259n\u0259 m\u0259lumat verildi ki, Fransan\u0131n Xarici \u0130\u015fl\u0259r naziri b\u0259yanat verib ki, Fransa Minsk qrupunun&hellip;<\/p>\n","protected":false},"author":2,"featured_media":228558,"comment_status":"closed","ping_status":"closed","sticky":false,"template":"","format":"standard","meta":{"om_disable_all_campaigns":false,"_monsterinsights_skip_tracking":false,"_monsterinsights_sitenote_active":false,"_monsterinsights_sitenote_note":"","_monsterinsights_sitenote_category":0},"categories":[4],"tags":[],"aioseo_notices":[],"gutentor_comment":0,"rttpg_featured_image_url":{"full":["https:\/\/arantv.az\/wp-content\/uploads\/2020\/10\/szdgfhgh.jpg",620,413,false],"landscape":["https:\/\/arantv.az\/wp-content\/uploads\/2020\/10\/szdgfhgh.jpg",620,413,false],"portraits":["https:\/\/arantv.az\/wp-content\/uploads\/2020\/10\/szdgfhgh.jpg",620,413,false],"thumbnail":["https:\/\/arantv.az\/wp-content\/uploads\/2020\/10\/szdgfhgh-150x150.jpg",150,150,true],"medium":["https:\/\/arantv.az\/wp-content\/uploads\/2020\/10\/szdgfhgh-300x200.jpg",300,200,true],"large":["https:\/\/arantv.az\/wp-content\/uploads\/2020\/10\/szdgfhgh.jpg",620,413,false],"1536x1536":["https:\/\/arantv.az\/wp-content\/uploads\/2020\/10\/szdgfhgh.jpg",620,413,false],"2048x2048":["https:\/\/arantv.az\/wp-content\/uploads\/2020\/10\/szdgfhgh.jpg",620,413,false],"post-thumbnail":["https:\/\/arantv.az\/wp-content\/uploads\/2020\/10\/szdgfhgh-240x172.jpg",240,172,true],"advps-thumb-one":["https:\/\/arantv.az\/wp-content\/uploads\/2020\/10\/szdgfhgh.jpg",620,413,false]},"rttpg_author":{"display_name":"V\u00fcsal Rafiqo\u011flu","author_link":"https:\/\/arantv.az\/?author=2"},"rttpg_comment":0,"rttpg_category":"<a href=\"https:\/\/arantv.az\/?cat=4\" rel=\"category\">Siyas\u0259t<\/a>","rttpg_excerpt":"\u201cToqqu\u015fmalar\u0131n \u0259vv\u0259lind\u0259n biz b\u0259zi ziddiyy\u0259tli b\u0259yanatlar v\u0259 b\u0259zi mesajlar al\u0131r\u0131q. Lakin d\u00fc\u015f\u00fcn\u00fcr\u0259m ki, qar\u015f\u0131l\u0131ql\u0131 diplomatik s\u0259yl\u0259rimiz say\u0259sind\u0259 v\u0259ziyy\u0259ti n\u0259zar\u0259t alt\u0131nda saxlama\u011fa m\u00fcv\u0259ff\u0259q olmu\u015fuq. Bildiyiniz kimi, Prezident Makron m\u0259n\u0259 bir ne\u00e7\u0259 d\u0259f\u0259 telefonla z\u0259ng edib v\u0259 bizim sonuncu s\u00f6hb\u0259timiz \u00e7ox m\u00fcsb\u0259t idi\u201d. Bu fikirl\u0259ri Az\u0259rbaycan Prezidenti \u0130lham \u018fliyev \u201cFrance 24\u201d televiziya kanal\u0131na m\u00fcsahib\u0259sind\u0259 deyib. \u201cBiz m\u00fcnaqi\u015f\u0259nin&hellip;","_links":{"self":[{"href":"https:\/\/arantv.az\/index.php?rest_route=\/wp\/v2\/posts\/228555"}],"collection":[{"href":"https:\/\/arantv.az\/index.php?rest_route=\/wp\/v2\/posts"}],"about":[{"href":"https:\/\/arantv.az\/index.php?rest_route=\/wp\/v2\/types\/post"}],"author":[{"embeddable":true,"href":"https:\/\/arantv.az\/index.php?rest_route=\/wp\/v2\/users\/2"}],"replies":[{"embeddable":true,"href":"https:\/\/arantv.az\/index.php?rest_route=%2Fwp%2Fv2%2Fcomments&post=228555"}],"version-history":[{"count":0,"href":"https:\/\/arantv.az\/index.php?rest_route=\/wp\/v2\/posts\/228555\/revisions"}],"wp:featuredmedia":[{"embeddable":true,"href":"https:\/\/arantv.az\/index.php?rest_route=\/wp\/v2\/media\/228558"}],"wp:attachment":[{"href":"https:\/\/arantv.az\/index.php?rest_route=%2Fwp%2Fv2%2Fmedia&parent=228555"}],"wp:term":[{"taxonomy":"category","embeddable":true,"href":"https:\/\/arantv.az\/index.php?rest_route=%2Fwp%2Fv2%2Fcategories&post=228555"},{"taxonomy":"post_tag","embeddable":true,"href":"https:\/\/arantv.az\/index.php?rest_route=%2Fwp%2Fv2%2Ftags&post=228555"}],"curies":[{"name":"wp","href":"https:\/\/api.w.org\/{rel}","templated":true}]}}