{"id":228561,"date":"2020-10-15T07:21:08","date_gmt":"2020-10-15T04:21:08","guid":{"rendered":"http:\/\/arantv.az\/?p=228561"},"modified":"2020-10-15T07:21:08","modified_gmt":"2020-10-15T04:21:08","slug":"prezident-onlar-m%c9%99scidl%c9%99ri-n%c9%99inki-dagidiblar-orada-heyvan-saxlayirlar","status":"publish","type":"post","link":"https:\/\/arantv.az\/?p=228561","title":{"rendered":"Prezident: \u201cOnlar m\u0259scidl\u0259ri n\u0259inki da\u011f\u0131d\u0131blar, orada heyvan saxlay\u0131rlar\u201d"},"content":{"rendered":"<p>Az\u0259rbaycan Prezidenti \u0130lham \u018fliyev \u201cFrance 24\u201d televiziya kanal\u0131na m\u00fcsahib\u0259sind\u0259 jurnalistin Da\u011fl\u0131q Qaraba\u011fdak\u0131 kils\u0259l\u0259rin bombardman edilm\u0259si g\u00f6r\u00fcnt\u00fcl\u0259ri bar\u0259d\u0259 sual\u0131n\u0131 cavabland\u0131r\u0131b.<\/p>\n<p>O bildirib ki, Az\u0259rbaycan dini tolerantl\u0131q s\u0259viyy\u0259si \u00e7ox y\u00fcks\u0259k olan bir \u00f6lk\u0259dir v\u0259 bu, b\u00fct\u00fcn apar\u0131c\u0131 beyn\u0259lxalq t\u0259\u015fkilatlar, o c\u00fcml\u0259d\u0259n Birl\u0259\u015fmi\u015f Mill\u0259tl\u0259r T\u0259\u015fkilat\u0131 t\u0259r\u0259find\u0259n qeyd olunub:<\/p>\n<div id=\"AdviadNativeVideo0\" class=\"AdviadNativeVideo\"><\/div>\n<p>\u201cZati-m\u00fcq\u0259dd\u0259sl\u0259ri, Vatikan\u0131n r\u0259hb\u0259ri, Roma Papas\u0131 Fransisk Bak\u0131ya s\u0259f\u0259ri zaman\u0131 a\u00e7\u0131q \u015f\u0259kild\u0259 demi\u015fdir ki, Az\u0259rbaycanda m\u0259d\u0259niyy\u0259tl\u0259raras\u0131 v\u0259 dinl\u0259raras\u0131 dialoqun s\u0259viyy\u0259si \u00e7ox y\u00fcks\u0259kdir. Siz y\u0259qin ki, Bak\u0131n\u0131n m\u0259rk\u0259zind\u0259 olan, t\u0259r\u0259fimizd\u0259n b\u0259rpa edilmi\u015f erm\u0259ni kils\u0259sini g\u00f6rm\u00fcs\u00fcn\u00fcz. Biz onu erm\u0259ni xalq\u0131n\u0131n miras\u0131 kimi qoruyuruq. Biz bu kils\u0259d\u0259 erm\u0259ni dilind\u0259 5000-d\u0259n art\u0131q q\u0259dim kitab saxlay\u0131r\u0131q. Lakin Erm\u0259nistan bizim m\u0259scidl\u0259rimiz\u0259 n\u0259 edib? Onlar A\u011fdam\u0131n, F\u00fczulinin v\u0259 \u015eu\u015fan\u0131n m\u0259scidl\u0259rin\u0259 n\u0259 edibl\u0259r? Dem\u0259k olar ki, onlar n\u0259inki onlar\u0131 da\u011f\u0131d\u0131blar, orada heyvan saxlay\u0131rlar. Onlar orada donuz saxlay\u0131rlar v\u0259 bununla t\u0259kc\u0259 bizim deyil, b\u00fct\u00fcn m\u00fcs\u0259lmanlar\u0131n hissl\u0259rini t\u0259hqir edirl\u0259r.<\/p>\n<p>M\u0259n demir\u0259m ki, biz bunu qisas almaq \u00fc\u00e7\u00fcn etmi\u015fik. Xeyr. Biz bu m\u0259s\u0259l\u0259ni ara\u015fd\u0131rmal\u0131y\u0131q. Biz n\u0259 ba\u015f verdiyind\u0259n \u0259min deyilik. Bizi g\u00fcnahland\u0131rmaq \u00fc\u00e7\u00fcn bunun erm\u0259nil\u0259r t\u0259r\u0259find\u0259n t\u00f6r\u0259dil\u0259 bil\u0259c\u0259yin\u0259 dair \u015f\u00fcbh\u0259l\u0259rimiz var. \u018fg\u0259r bu, Az\u0259rbaycan h\u0259rbi birl\u0259\u015fm\u0259l\u0259ri t\u0259r\u0259find\u0259n t\u00f6r\u0259dilibs\u0259, bu, s\u0259hv olub. Bizim h\u0259d\u0259fl\u0259rimiz aras\u0131nda he\u00e7 bir tarixi v\u0259 ya dini h\u0259d\u0259f yoxdur\u201d.<\/p>\n","protected":false},"excerpt":{"rendered":"<p>Az\u0259rbaycan Prezidenti \u0130lham \u018fliyev \u201cFrance 24\u201d televiziya kanal\u0131na m\u00fcsahib\u0259sind\u0259 jurnalistin Da\u011fl\u0131q Qaraba\u011fdak\u0131 kils\u0259l\u0259rin bombardman edilm\u0259si g\u00f6r\u00fcnt\u00fcl\u0259ri bar\u0259d\u0259 sual\u0131n\u0131 cavabland\u0131r\u0131b. O bildirib ki, Az\u0259rbaycan dini tolerantl\u0131q s\u0259viyy\u0259si \u00e7ox y\u00fcks\u0259k olan bir \u00f6lk\u0259dir v\u0259 bu, b\u00fct\u00fcn apar\u0131c\u0131 beyn\u0259lxalq t\u0259\u015fkilatlar, o c\u00fcml\u0259d\u0259n Birl\u0259\u015fmi\u015f Mill\u0259tl\u0259r T\u0259\u015fkilat\u0131 t\u0259r\u0259find\u0259n qeyd olunub: \u201cZati-m\u00fcq\u0259dd\u0259sl\u0259ri, Vatikan\u0131n r\u0259hb\u0259ri, Roma Papas\u0131 Fransisk Bak\u0131ya s\u0259f\u0259ri zaman\u0131 a\u00e7\u0131q \u015f\u0259kild\u0259 demi\u015fdir ki, Az\u0259rbaycanda m\u0259d\u0259niyy\u0259tl\u0259raras\u0131 v\u0259 dinl\u0259raras\u0131 dialoqun s\u0259viyy\u0259si \u00e7ox y\u00fcks\u0259kdir. Siz y\u0259qin ki, Bak\u0131n\u0131n m\u0259rk\u0259zind\u0259 olan, t\u0259r\u0259fimizd\u0259n b\u0259rpa edilmi\u015f erm\u0259ni kils\u0259sini g\u00f6rm\u00fcs\u00fcn\u00fcz. Biz onu erm\u0259ni xalq\u0131n\u0131n miras\u0131 kimi qoruyuruq. Biz bu kils\u0259d\u0259 erm\u0259ni dilind\u0259&hellip;<\/p>\n","protected":false},"author":2,"featured_media":228562,"comment_status":"closed","ping_status":"closed","sticky":false,"template":"","format":"standard","meta":{"om_disable_all_campaigns":false,"_monsterinsights_skip_tracking":false,"_monsterinsights_sitenote_active":false,"_monsterinsights_sitenote_note":"","_monsterinsights_sitenote_category":0},"categories":[7],"tags":[],"aioseo_notices":[],"gutentor_comment":0,"rttpg_featured_image_url":{"full":["https:\/\/arantv.az\/wp-content\/uploads\/2020\/10\/1601204545_1596040404_president_iclas_150720_9.jpg",586,465,false],"landscape":["https:\/\/arantv.az\/wp-content\/uploads\/2020\/10\/1601204545_1596040404_president_iclas_150720_9.jpg",586,465,false],"portraits":["https:\/\/arantv.az\/wp-content\/uploads\/2020\/10\/1601204545_1596040404_president_iclas_150720_9.jpg",586,465,false],"thumbnail":["https:\/\/arantv.az\/wp-content\/uploads\/2020\/10\/1601204545_1596040404_president_iclas_150720_9-150x150.jpg",150,150,true],"medium":["https:\/\/arantv.az\/wp-content\/uploads\/2020\/10\/1601204545_1596040404_president_iclas_150720_9-300x238.jpg",300,238,true],"large":["https:\/\/arantv.az\/wp-content\/uploads\/2020\/10\/1601204545_1596040404_president_iclas_150720_9.jpg",586,465,false],"1536x1536":["https:\/\/arantv.az\/wp-content\/uploads\/2020\/10\/1601204545_1596040404_president_iclas_150720_9.jpg",586,465,false],"2048x2048":["https:\/\/arantv.az\/wp-content\/uploads\/2020\/10\/1601204545_1596040404_president_iclas_150720_9.jpg",586,465,false],"post-thumbnail":["https:\/\/arantv.az\/wp-content\/uploads\/2020\/10\/1601204545_1596040404_president_iclas_150720_9-240x172.jpg",240,172,true],"advps-thumb-one":["https:\/\/arantv.az\/wp-content\/uploads\/2020\/10\/1601204545_1596040404_president_iclas_150720_9.jpg",586,465,false]},"rttpg_author":{"display_name":"V\u00fcsal Rafiqo\u011flu","author_link":"https:\/\/arantv.az\/?author=2"},"rttpg_comment":0,"rttpg_category":"<a href=\"https:\/\/arantv.az\/?cat=7\" rel=\"category\">D\u00fcnya<\/a>","rttpg_excerpt":"Az\u0259rbaycan Prezidenti \u0130lham \u018fliyev \u201cFrance 24\u201d televiziya kanal\u0131na m\u00fcsahib\u0259sind\u0259 jurnalistin Da\u011fl\u0131q Qaraba\u011fdak\u0131 kils\u0259l\u0259rin bombardman edilm\u0259si g\u00f6r\u00fcnt\u00fcl\u0259ri bar\u0259d\u0259 sual\u0131n\u0131 cavabland\u0131r\u0131b. O bildirib ki, Az\u0259rbaycan dini tolerantl\u0131q s\u0259viyy\u0259si \u00e7ox y\u00fcks\u0259k olan bir \u00f6lk\u0259dir v\u0259 bu, b\u00fct\u00fcn apar\u0131c\u0131 beyn\u0259lxalq t\u0259\u015fkilatlar, o c\u00fcml\u0259d\u0259n Birl\u0259\u015fmi\u015f Mill\u0259tl\u0259r T\u0259\u015fkilat\u0131 t\u0259r\u0259find\u0259n qeyd olunub: \u201cZati-m\u00fcq\u0259dd\u0259sl\u0259ri, Vatikan\u0131n r\u0259hb\u0259ri, Roma Papas\u0131 Fransisk Bak\u0131ya s\u0259f\u0259ri zaman\u0131 a\u00e7\u0131q&hellip;","_links":{"self":[{"href":"https:\/\/arantv.az\/index.php?rest_route=\/wp\/v2\/posts\/228561"}],"collection":[{"href":"https:\/\/arantv.az\/index.php?rest_route=\/wp\/v2\/posts"}],"about":[{"href":"https:\/\/arantv.az\/index.php?rest_route=\/wp\/v2\/types\/post"}],"author":[{"embeddable":true,"href":"https:\/\/arantv.az\/index.php?rest_route=\/wp\/v2\/users\/2"}],"replies":[{"embeddable":true,"href":"https:\/\/arantv.az\/index.php?rest_route=%2Fwp%2Fv2%2Fcomments&post=228561"}],"version-history":[{"count":0,"href":"https:\/\/arantv.az\/index.php?rest_route=\/wp\/v2\/posts\/228561\/revisions"}],"wp:featuredmedia":[{"embeddable":true,"href":"https:\/\/arantv.az\/index.php?rest_route=\/wp\/v2\/media\/228562"}],"wp:attachment":[{"href":"https:\/\/arantv.az\/index.php?rest_route=%2Fwp%2Fv2%2Fmedia&parent=228561"}],"wp:term":[{"taxonomy":"category","embeddable":true,"href":"https:\/\/arantv.az\/index.php?rest_route=%2Fwp%2Fv2%2Fcategories&post=228561"},{"taxonomy":"post_tag","embeddable":true,"href":"https:\/\/arantv.az\/index.php?rest_route=%2Fwp%2Fv2%2Ftags&post=228561"}],"curies":[{"name":"wp","href":"https:\/\/api.w.org\/{rel}","templated":true}]}}