{"id":228565,"date":"2020-10-15T07:21:59","date_gmt":"2020-10-15T04:21:59","guid":{"rendered":"http:\/\/arantv.az\/?p=228565"},"modified":"2020-10-15T07:21:59","modified_gmt":"2020-10-15T04:21:59","slug":"ilham-%c9%99liyev-m%c9%99n%c9%99-hec-bir-d%c9%99lil-t%c9%99qdim-olunmayib","status":"publish","type":"post","link":"https:\/\/arantv.az\/?p=228565","title":{"rendered":"\u0130lham \u018fliyev: \u201cM\u0259n\u0259 he\u00e7 bir d\u0259lil t\u0259qdim olunmay\u0131b\u201d"},"content":{"rendered":"<p>\u201cBizd\u0259 muzdlular yoxdur. Bu, bizim r\u0259smi b\u0259yanat\u0131m\u0131zd\u0131r. Toqqu\u015fmalar ba\u015flayandan art\u0131q 2 h\u0259ft\u0259d\u0259n \u00e7ox vaxt ke\u00e7ib v\u0259 he\u00e7 bir \u00f6lk\u0259 biz\u0259 buna dair bir d\u0259lil bel\u0259 t\u0259qdim etm\u0259yib. Bundan \u0259lav\u0259, bizim buna ehtiyac\u0131m\u0131z yoxdur. Bizim 100 mind\u0259n \u00e7ox d\u00f6y\u00fc\u015f\u00e7\u00fcd\u0259n ibar\u0259t ordumuz var. Bizim haz\u0131rda d\u00f6y\u00fc\u015f meydan\u0131nda etdikl\u0259rimiz ordumuzun \u00f6z torpaqlar\u0131n\u0131 \u00f6z\u00fcn\u00fcn azad etm\u0259y\u0259 qadir oldu\u011funu g\u00f6st\u0259rir\u201d.<\/p>\n<p>Bu fikirl\u0259ri Az\u0259rbaycan Prezidenti \u0130lham \u018fliyev \u201cFrance 24\u201d televiziya kanal\u0131na m\u00fcsahib\u0259sind\u0259 deyib.<\/p>\n<div id=\"AdviadNativeVideo0\" class=\"AdviadNativeVideo\"><\/div>\n<p>D\u00f6vl\u0259t ba\u015f\u00e7\u0131s\u0131 bildirib ki, Fransa Prezidenti Emmanuel Makronla telefon dan\u0131\u015f\u0131\u011f\u0131 zaman\u0131 bu bar\u0259d\u0259 dan\u0131\u015f\u0131b v\u0259 ondan m\u0259s\u0259l\u0259 il\u0259 ba\u011fl\u0131 d\u0259lil t\u0259l\u0259b edib:<\/p>\n<p>\u201cBiz bu bar\u0259d\u0259 dan\u0131\u015fd\u0131q v\u0259 m\u0259n h\u0259l\u0259 d\u0259 d\u0259lil g\u00f6zl\u0259yir\u0259m. M\u0259n\u0259 he\u00e7 bir d\u0259lil t\u0259qdim olunmay\u0131b. Bizim dig\u0259r r\u0259smil\u0259r\u0259 he\u00e7 bir d\u0259lil t\u0259qdim olunmay\u0131b. M\u0259n Fransa Prezidentind\u0259n d\u0259lil t\u0259qdim etm\u0259yi v\u0259 dan\u0131\u015fmaq, bu m\u0259lumat\u0131 m\u00fcbadil\u0259 etm\u0259k \u00fc\u00e7\u00fcn m\u00fcvafiq d\u00f6vl\u0259t qurumlar\u0131n\u0131n r\u0259hb\u0259rl\u0259ri aras\u0131nda t\u0259maslar t\u0259\u015fkil etm\u0259yi xahi\u015f etdim. Bu t\u0259mas ba\u015f tutdu v\u0259 siz\u0259 dey\u0259 bil\u0259r\u0259m ki, biz\u0259 he\u00e7 bir d\u0259lil t\u0259qdim olunmay\u0131b. Ona g\u00f6r\u0259 \u0259g\u0259r he\u00e7 bir d\u0259lil yoxdursa, d\u00fc\u015f\u00fcn\u00fcr\u0259m ki, bu \u015fayi\u0259l\u0259r d\u0259 ke\u00e7mi\u015fd\u0259 qalmal\u0131d\u0131r\u201d.<\/p>\n","protected":false},"excerpt":{"rendered":"<p>\u201cBizd\u0259 muzdlular yoxdur. Bu, bizim r\u0259smi b\u0259yanat\u0131m\u0131zd\u0131r. Toqqu\u015fmalar ba\u015flayandan art\u0131q 2 h\u0259ft\u0259d\u0259n \u00e7ox vaxt ke\u00e7ib v\u0259 he\u00e7 bir \u00f6lk\u0259 biz\u0259 buna dair bir d\u0259lil bel\u0259 t\u0259qdim etm\u0259yib. Bundan \u0259lav\u0259, bizim buna ehtiyac\u0131m\u0131z yoxdur. Bizim 100 mind\u0259n \u00e7ox d\u00f6y\u00fc\u015f\u00e7\u00fcd\u0259n ibar\u0259t ordumuz var. Bizim haz\u0131rda d\u00f6y\u00fc\u015f meydan\u0131nda etdikl\u0259rimiz ordumuzun \u00f6z torpaqlar\u0131n\u0131 \u00f6z\u00fcn\u00fcn azad etm\u0259y\u0259 qadir oldu\u011funu g\u00f6st\u0259rir\u201d. Bu fikirl\u0259ri Az\u0259rbaycan Prezidenti \u0130lham \u018fliyev \u201cFrance 24\u201d televiziya kanal\u0131na m\u00fcsahib\u0259sind\u0259 deyib. D\u00f6vl\u0259t ba\u015f\u00e7\u0131s\u0131 bildirib ki, Fransa Prezidenti Emmanuel Makronla telefon dan\u0131\u015f\u0131\u011f\u0131 zaman\u0131 bu bar\u0259d\u0259 dan\u0131\u015f\u0131b v\u0259 ondan m\u0259s\u0259l\u0259 il\u0259 ba\u011fl\u0131 d\u0259lil t\u0259l\u0259b edib: \u201cBiz&hellip;<\/p>\n","protected":false},"author":2,"featured_media":228566,"comment_status":"closed","ping_status":"closed","sticky":false,"template":"","format":"standard","meta":{"om_disable_all_campaigns":false,"_monsterinsights_skip_tracking":false,"_monsterinsights_sitenote_active":false,"_monsterinsights_sitenote_note":"","_monsterinsights_sitenote_category":0},"categories":[19],"tags":[],"aioseo_notices":[],"gutentor_comment":0,"rttpg_featured_image_url":{"full":["https:\/\/arantv.az\/wp-content\/uploads\/2020\/10\/president_iclas_150720_11.jpg",620,439,false],"landscape":["https:\/\/arantv.az\/wp-content\/uploads\/2020\/10\/president_iclas_150720_11.jpg",620,439,false],"portraits":["https:\/\/arantv.az\/wp-content\/uploads\/2020\/10\/president_iclas_150720_11.jpg",620,439,false],"thumbnail":["https:\/\/arantv.az\/wp-content\/uploads\/2020\/10\/president_iclas_150720_11-150x150.jpg",150,150,true],"medium":["https:\/\/arantv.az\/wp-content\/uploads\/2020\/10\/president_iclas_150720_11-300x212.jpg",300,212,true],"large":["https:\/\/arantv.az\/wp-content\/uploads\/2020\/10\/president_iclas_150720_11.jpg",620,439,false],"1536x1536":["https:\/\/arantv.az\/wp-content\/uploads\/2020\/10\/president_iclas_150720_11.jpg",620,439,false],"2048x2048":["https:\/\/arantv.az\/wp-content\/uploads\/2020\/10\/president_iclas_150720_11.jpg",620,439,false],"post-thumbnail":["https:\/\/arantv.az\/wp-content\/uploads\/2020\/10\/president_iclas_150720_11-240x172.jpg",240,172,true],"advps-thumb-one":["https:\/\/arantv.az\/wp-content\/uploads\/2020\/10\/president_iclas_150720_11.jpg",620,439,false]},"rttpg_author":{"display_name":"V\u00fcsal Rafiqo\u011flu","author_link":"https:\/\/arantv.az\/?author=2"},"rttpg_comment":0,"rttpg_category":"<a href=\"https:\/\/arantv.az\/?cat=19\" rel=\"category\">G\u00fcnd\u0259m<\/a>","rttpg_excerpt":"\u201cBizd\u0259 muzdlular yoxdur. Bu, bizim r\u0259smi b\u0259yanat\u0131m\u0131zd\u0131r. Toqqu\u015fmalar ba\u015flayandan art\u0131q 2 h\u0259ft\u0259d\u0259n \u00e7ox vaxt ke\u00e7ib v\u0259 he\u00e7 bir \u00f6lk\u0259 biz\u0259 buna dair bir d\u0259lil bel\u0259 t\u0259qdim etm\u0259yib. Bundan \u0259lav\u0259, bizim buna ehtiyac\u0131m\u0131z yoxdur. Bizim 100 mind\u0259n \u00e7ox d\u00f6y\u00fc\u015f\u00e7\u00fcd\u0259n ibar\u0259t ordumuz var. Bizim haz\u0131rda d\u00f6y\u00fc\u015f meydan\u0131nda etdikl\u0259rimiz ordumuzun \u00f6z torpaqlar\u0131n\u0131 \u00f6z\u00fcn\u00fcn azad etm\u0259y\u0259 qadir oldu\u011funu g\u00f6st\u0259rir\u201d.&hellip;","_links":{"self":[{"href":"https:\/\/arantv.az\/index.php?rest_route=\/wp\/v2\/posts\/228565"}],"collection":[{"href":"https:\/\/arantv.az\/index.php?rest_route=\/wp\/v2\/posts"}],"about":[{"href":"https:\/\/arantv.az\/index.php?rest_route=\/wp\/v2\/types\/post"}],"author":[{"embeddable":true,"href":"https:\/\/arantv.az\/index.php?rest_route=\/wp\/v2\/users\/2"}],"replies":[{"embeddable":true,"href":"https:\/\/arantv.az\/index.php?rest_route=%2Fwp%2Fv2%2Fcomments&post=228565"}],"version-history":[{"count":0,"href":"https:\/\/arantv.az\/index.php?rest_route=\/wp\/v2\/posts\/228565\/revisions"}],"wp:featuredmedia":[{"embeddable":true,"href":"https:\/\/arantv.az\/index.php?rest_route=\/wp\/v2\/media\/228566"}],"wp:attachment":[{"href":"https:\/\/arantv.az\/index.php?rest_route=%2Fwp%2Fv2%2Fmedia&parent=228565"}],"wp:term":[{"taxonomy":"category","embeddable":true,"href":"https:\/\/arantv.az\/index.php?rest_route=%2Fwp%2Fv2%2Fcategories&post=228565"},{"taxonomy":"post_tag","embeddable":true,"href":"https:\/\/arantv.az\/index.php?rest_route=%2Fwp%2Fv2%2Ftags&post=228565"}],"curies":[{"name":"wp","href":"https:\/\/api.w.org\/{rel}","templated":true}]}}