{"id":228569,"date":"2020-10-15T07:23:00","date_gmt":"2020-10-15T04:23:00","guid":{"rendered":"http:\/\/arantv.az\/?p=228569"},"modified":"2020-10-15T07:23:00","modified_gmt":"2020-10-15T04:23:00","slug":"prezident-t%c9%99kc%c9%99-dronlarla-erm%c9%99nistanin-bir-milyard-dollar-d%c9%99y%c9%99rind%c9%99-h%c9%99rbi-texnikasini-m%c9%99hv-etmisik","status":"publish","type":"post","link":"https:\/\/arantv.az\/?p=228569","title":{"rendered":"Prezident: \u201cT\u0259kc\u0259 dronlarla Erm\u0259nistan\u0131n bir milyard dollar d\u0259y\u0259rind\u0259 h\u0259rbi texnikas\u0131n\u0131 m\u0259hv etmi\u015fik\u201d"},"content":{"rendered":"<p>\u201cT\u00fcrkiy\u0259nin h\u0259rbi i\u015ftirak\u0131 daha bir feyk x\u0259b\u0259rdir. T\u00fcrkiy\u0259nin h\u0259rbi i\u015ftirak\u0131 yoxdur. Biz T\u00fcrkiy\u0259 istehsal\u0131 olan h\u0259rbi avadanl\u0131qlardan istifad\u0259 edirik, bu, do\u011frudur\u201d.<\/p>\n<p>Bu fikirl\u0259ri Az\u0259rbaycan Prezidenti \u0130lham \u018fliyev \u201cFrance 24\u201d televiziya kanal\u0131na m\u00fcsahib\u0259sind\u0259 deyib.<\/p>\n<div id=\"AdviadNativeVideo0\" class=\"AdviadNativeVideo\"><\/div>\n<p>\u201cLakin biz Rusiya istehsal\u0131 olan h\u0259rbi avadanl\u0131qlardan, \u0130srail istehsal\u0131 olan h\u0259rbi avadanl\u0131qlardan, dig\u0259r \u00f6lk\u0259l\u0259rin istehsal\u0131 olan h\u0259rbi avadanl\u0131qlardan istifad\u0259 edirik. Bunu pulsuz \u0259ld\u0259 ed\u0259n Erm\u0259nistandan f\u0259rqli olaraq biz bu h\u0259rbi avadanl\u0131qlar\u0131 al\u0131r\u0131q. Siyasi m\u00fcst\u0259vi istisna olmaqla, T\u00fcrkiy\u0259 he\u00e7 bir halda prosesd\u0259 i\u015ftirak etmir. Burada T\u00fcrkiy\u0259 qo\u015funlar\u0131 yoxdur. T\u00fcrkiy\u0259nin F-16-lar\u0131 buradad\u0131r, lakin onlar burada birg\u0259 h\u0259rbi t\u0259limd\u0259n sonra qal\u0131blar. Yeri g\u0259lmi\u015fk\u0259n, \u00f6t\u0259n il biz hava q\u00fcvv\u0259l\u0259ri d\u0259 daxil olmaqla, T\u00fcrkiy\u0259 il\u0259 10 birg\u0259 h\u0259rbi t\u0259lim ke\u00e7irmi\u015fik. Bu il pandemiya s\u0259b\u0259bind\u0259n biz c\u0259mi 2 t\u0259lim ke\u00e7irdik. Bel\u0259 al\u0131nd\u0131 ki, h\u0259rbi t\u0259limd\u0259n sonra bu toqqu\u015fma ba\u015f verdi. Bel\u0259likl\u0259, biz F-16-lar\u0131 yerd\u0259 saxlama\u011f\u0131 q\u0259rara ald\u0131q v\u0259 onlar yerd\u0259dir, havada deyil\u201d.<\/p>\n<p>D\u00f6vl\u0259t ba\u015f\u00e7\u0131s\u0131 bildirib ki, t\u0259kc\u0259 T\u00fcrkiy\u0259d\u0259n \u0259ld\u0259 etdiyimiz dronlar vasit\u0259sil\u0259 biz Erm\u0259nistan\u0131n bir milyard dollar d\u0259y\u0259rind\u0259 h\u0259rbi texnikas\u0131n\u0131 m\u0259hv etmi\u015fik, yaln\u0131z dronlar vasit\u0259sil\u0259:<\/p>\n<p>\u201c\u018flb\u0259tt\u0259, bildiyiniz kimi, biz ba\u015fqa m\u0259nb\u0259l\u0259rd\u0259n olan dronlardan da istifad\u0259 edirik. Biz artilleriyadan istifad\u0259 edirik, geni\u015f \u00e7e\u015fidd\u0259 h\u0259rbi avadanl\u0131qdan istifad\u0259 edirik. Lakin t\u0259kc\u0259 dronlar Erm\u0259nistana 1 milyard dollar ziyan vurub. Bu, onlar \u00fc\u00e7\u00fcn ciddi ziyand\u0131r. M\u0259n\u0259 maraql\u0131d\u0131r onlar b\u00fct\u00fcn bu avadanl\u0131\u011f\u0131 almaq \u00fc\u00e7\u00fcn bu q\u0259d\u0259r pulu haradan tap\u0131blar, \u00e7ox g\u00fcman ki, onu pulsuz \u0259ld\u0259 edibl\u0259r\u201d.<\/p>\n","protected":false},"excerpt":{"rendered":"<p>\u201cT\u00fcrkiy\u0259nin h\u0259rbi i\u015ftirak\u0131 daha bir feyk x\u0259b\u0259rdir. T\u00fcrkiy\u0259nin h\u0259rbi i\u015ftirak\u0131 yoxdur. Biz T\u00fcrkiy\u0259 istehsal\u0131 olan h\u0259rbi avadanl\u0131qlardan istifad\u0259 edirik, bu, do\u011frudur\u201d. Bu fikirl\u0259ri Az\u0259rbaycan Prezidenti \u0130lham \u018fliyev \u201cFrance 24\u201d televiziya kanal\u0131na m\u00fcsahib\u0259sind\u0259 deyib. \u201cLakin biz Rusiya istehsal\u0131 olan h\u0259rbi avadanl\u0131qlardan, \u0130srail istehsal\u0131 olan h\u0259rbi avadanl\u0131qlardan, dig\u0259r \u00f6lk\u0259l\u0259rin istehsal\u0131 olan h\u0259rbi avadanl\u0131qlardan istifad\u0259 edirik. Bunu pulsuz \u0259ld\u0259 ed\u0259n Erm\u0259nistandan f\u0259rqli olaraq biz bu h\u0259rbi avadanl\u0131qlar\u0131 al\u0131r\u0131q. Siyasi m\u00fcst\u0259vi istisna olmaqla, T\u00fcrkiy\u0259 he\u00e7 bir halda prosesd\u0259 i\u015ftirak etmir. Burada T\u00fcrkiy\u0259 qo\u015funlar\u0131 yoxdur. T\u00fcrkiy\u0259nin F-16-lar\u0131 buradad\u0131r, lakin onlar burada birg\u0259 h\u0259rbi t\u0259limd\u0259n sonra&hellip;<\/p>\n","protected":false},"author":2,"featured_media":228570,"comment_status":"closed","ping_status":"closed","sticky":false,"template":"","format":"standard","meta":{"om_disable_all_campaigns":false,"_monsterinsights_skip_tracking":false,"_monsterinsights_sitenote_active":false,"_monsterinsights_sitenote_note":"","_monsterinsights_sitenote_category":0},"categories":[26],"tags":[],"aioseo_notices":[],"gutentor_comment":0,"rttpg_featured_image_url":{"full":["https:\/\/arantv.az\/wp-content\/uploads\/2020\/10\/5f44a63353c24-t0shxN7_yPUZws0.jpg",620,458,false],"landscape":["https:\/\/arantv.az\/wp-content\/uploads\/2020\/10\/5f44a63353c24-t0shxN7_yPUZws0.jpg",620,458,false],"portraits":["https:\/\/arantv.az\/wp-content\/uploads\/2020\/10\/5f44a63353c24-t0shxN7_yPUZws0.jpg",620,458,false],"thumbnail":["https:\/\/arantv.az\/wp-content\/uploads\/2020\/10\/5f44a63353c24-t0shxN7_yPUZws0-150x150.jpg",150,150,true],"medium":["https:\/\/arantv.az\/wp-content\/uploads\/2020\/10\/5f44a63353c24-t0shxN7_yPUZws0-300x222.jpg",300,222,true],"large":["https:\/\/arantv.az\/wp-content\/uploads\/2020\/10\/5f44a63353c24-t0shxN7_yPUZws0.jpg",620,458,false],"1536x1536":["https:\/\/arantv.az\/wp-content\/uploads\/2020\/10\/5f44a63353c24-t0shxN7_yPUZws0.jpg",620,458,false],"2048x2048":["https:\/\/arantv.az\/wp-content\/uploads\/2020\/10\/5f44a63353c24-t0shxN7_yPUZws0.jpg",620,458,false],"post-thumbnail":["https:\/\/arantv.az\/wp-content\/uploads\/2020\/10\/5f44a63353c24-t0shxN7_yPUZws0-240x172.jpg",240,172,true],"advps-thumb-one":["https:\/\/arantv.az\/wp-content\/uploads\/2020\/10\/5f44a63353c24-t0shxN7_yPUZws0.jpg",620,458,false]},"rttpg_author":{"display_name":"V\u00fcsal Rafiqo\u011flu","author_link":"https:\/\/arantv.az\/?author=2"},"rttpg_comment":0,"rttpg_category":"<a href=\"https:\/\/arantv.az\/?cat=26\" rel=\"category\">Sosial<\/a>","rttpg_excerpt":"\u201cT\u00fcrkiy\u0259nin h\u0259rbi i\u015ftirak\u0131 daha bir feyk x\u0259b\u0259rdir. T\u00fcrkiy\u0259nin h\u0259rbi i\u015ftirak\u0131 yoxdur. Biz T\u00fcrkiy\u0259 istehsal\u0131 olan h\u0259rbi avadanl\u0131qlardan istifad\u0259 edirik, bu, do\u011frudur\u201d. Bu fikirl\u0259ri Az\u0259rbaycan Prezidenti \u0130lham \u018fliyev \u201cFrance 24\u201d televiziya kanal\u0131na m\u00fcsahib\u0259sind\u0259 deyib. \u201cLakin biz Rusiya istehsal\u0131 olan h\u0259rbi avadanl\u0131qlardan, \u0130srail istehsal\u0131 olan h\u0259rbi avadanl\u0131qlardan, dig\u0259r \u00f6lk\u0259l\u0259rin istehsal\u0131 olan h\u0259rbi avadanl\u0131qlardan istifad\u0259 edirik. Bunu pulsuz&hellip;","_links":{"self":[{"href":"https:\/\/arantv.az\/index.php?rest_route=\/wp\/v2\/posts\/228569"}],"collection":[{"href":"https:\/\/arantv.az\/index.php?rest_route=\/wp\/v2\/posts"}],"about":[{"href":"https:\/\/arantv.az\/index.php?rest_route=\/wp\/v2\/types\/post"}],"author":[{"embeddable":true,"href":"https:\/\/arantv.az\/index.php?rest_route=\/wp\/v2\/users\/2"}],"replies":[{"embeddable":true,"href":"https:\/\/arantv.az\/index.php?rest_route=%2Fwp%2Fv2%2Fcomments&post=228569"}],"version-history":[{"count":0,"href":"https:\/\/arantv.az\/index.php?rest_route=\/wp\/v2\/posts\/228569\/revisions"}],"wp:featuredmedia":[{"embeddable":true,"href":"https:\/\/arantv.az\/index.php?rest_route=\/wp\/v2\/media\/228570"}],"wp:attachment":[{"href":"https:\/\/arantv.az\/index.php?rest_route=%2Fwp%2Fv2%2Fmedia&parent=228569"}],"wp:term":[{"taxonomy":"category","embeddable":true,"href":"https:\/\/arantv.az\/index.php?rest_route=%2Fwp%2Fv2%2Fcategories&post=228569"},{"taxonomy":"post_tag","embeddable":true,"href":"https:\/\/arantv.az\/index.php?rest_route=%2Fwp%2Fv2%2Ftags&post=228569"}],"curies":[{"name":"wp","href":"https:\/\/api.w.org\/{rel}","templated":true}]}}