{"id":228577,"date":"2020-10-15T07:26:02","date_gmt":"2020-10-15T04:26:02","guid":{"rendered":"http:\/\/arantv.az\/?p=228577"},"modified":"2020-10-15T07:26:02","modified_gmt":"2020-10-15T04:26:02","slug":"putin-turkiy%c9%99-minsk-qrupunun-uzvu-kimi-qarabag-munaqis%c9%99sinin-h%c9%99llin%c9%99-tohf%c9%99-ver%c9%99-bil%c9%99r","status":"publish","type":"post","link":"https:\/\/arantv.az\/?p=228577","title":{"rendered":"Putin: \u201cT\u00fcrkiy\u0259 Minsk qrupunun \u00fczv\u00fc kimi Qaraba\u011f m\u00fcnaqi\u015f\u0259sinin h\u0259llin\u0259 t\u00f6hf\u0259 ver\u0259 bil\u0259r\u201d"},"content":{"rendered":"<p>T\u00fcrkiy\u0259 Prezidenti R\u0259c\u0259b Tayyib \u018frdo\u011fan Rusiya prezidenti Vladimir Putin\u0259 z\u0259ng edib.<\/p>\n<p>Bu bar\u0259d\u0259 TASS Kremlin m\u0259tbuat xidm\u0259tin\u0259 istinad\u0259n m\u0259lumat yay\u0131b.<\/p>\n<div id=\"AdviadNativeVideo0\" class=\"AdviadNativeVideo\"><\/div>\n<p>T\u0259r\u0259fl\u0259r Da\u011fl\u0131q Qaraba\u011f haqq\u0131nda m\u00fczakir\u0259 edibl\u0259r.<\/p>\n<p>Vladimir Putin v\u0259 R\u0259c\u0259b Tayyib \u018frdo\u011fan, x\u00fcsusil\u0259 AT\u018fT-in Minsk qrupunun i\u015fin\u0259 \u0259saslanaraq siyasi prosesin aktivl\u0259\u015fdirilm\u0259sinin lehin\u0259 dan\u0131\u015f\u0131blar.\u00a0H\u0259r iki t\u0259r\u0259f 10 oktyabrda Moskvada \u0259ld\u0259 edilmi\u015f\u00a0humanitar at\u0259\u015fk\u0259s raz\u0131la\u015fmas\u0131na riay\u0259t edilm\u0259sinin vacibliyini bir daha t\u0259sdiql\u0259yib.<\/p>\n<p>Putin T\u00fcrkiy\u0259nin AT\u018fT-in Minsk qrupunun \u00fczv\u00fc olaraq, Da\u011fl\u0131q Qaraba\u011fda m\u00fcnaqi\u015f\u0259nin deeskalasiyas\u0131na konstruktiv t\u00f6hf\u0259 ver\u0259c\u0259yin\u0259 \u00fcmid etdiyini bildirib.<\/p>\n","protected":false},"excerpt":{"rendered":"<p>T\u00fcrkiy\u0259 Prezidenti R\u0259c\u0259b Tayyib \u018frdo\u011fan Rusiya prezidenti Vladimir Putin\u0259 z\u0259ng edib. Bu bar\u0259d\u0259 TASS Kremlin m\u0259tbuat xidm\u0259tin\u0259 istinad\u0259n m\u0259lumat yay\u0131b. T\u0259r\u0259fl\u0259r Da\u011fl\u0131q Qaraba\u011f haqq\u0131nda m\u00fczakir\u0259 edibl\u0259r. Vladimir Putin v\u0259 R\u0259c\u0259b Tayyib \u018frdo\u011fan, x\u00fcsusil\u0259 AT\u018fT-in Minsk qrupunun i\u015fin\u0259 \u0259saslanaraq siyasi prosesin aktivl\u0259\u015fdirilm\u0259sinin lehin\u0259 dan\u0131\u015f\u0131blar.\u00a0H\u0259r iki t\u0259r\u0259f 10 oktyabrda Moskvada \u0259ld\u0259 edilmi\u015f\u00a0humanitar at\u0259\u015fk\u0259s raz\u0131la\u015fmas\u0131na riay\u0259t edilm\u0259sinin vacibliyini bir daha t\u0259sdiql\u0259yib. Putin T\u00fcrkiy\u0259nin AT\u018fT-in Minsk qrupunun \u00fczv\u00fc olaraq, Da\u011fl\u0131q Qaraba\u011fda m\u00fcnaqi\u015f\u0259nin deeskalasiyas\u0131na konstruktiv t\u00f6hf\u0259 ver\u0259c\u0259yin\u0259 \u00fcmid etdiyini bildirib.<\/p>\n","protected":false},"author":2,"featured_media":228578,"comment_status":"closed","ping_status":"closed","sticky":false,"template":"","format":"standard","meta":{"om_disable_all_campaigns":false,"_monsterinsights_skip_tracking":false,"_monsterinsights_sitenote_active":false,"_monsterinsights_sitenote_note":"","_monsterinsights_sitenote_category":0},"categories":[7],"tags":[],"aioseo_notices":[],"gutentor_comment":0,"rttpg_featured_image_url":{"full":["https:\/\/arantv.az\/wp-content\/uploads\/2020\/10\/erdogan_7.jpg",620,383,false],"landscape":["https:\/\/arantv.az\/wp-content\/uploads\/2020\/10\/erdogan_7.jpg",620,383,false],"portraits":["https:\/\/arantv.az\/wp-content\/uploads\/2020\/10\/erdogan_7.jpg",620,383,false],"thumbnail":["https:\/\/arantv.az\/wp-content\/uploads\/2020\/10\/erdogan_7-150x150.jpg",150,150,true],"medium":["https:\/\/arantv.az\/wp-content\/uploads\/2020\/10\/erdogan_7-300x185.jpg",300,185,true],"large":["https:\/\/arantv.az\/wp-content\/uploads\/2020\/10\/erdogan_7.jpg",620,383,false],"1536x1536":["https:\/\/arantv.az\/wp-content\/uploads\/2020\/10\/erdogan_7.jpg",620,383,false],"2048x2048":["https:\/\/arantv.az\/wp-content\/uploads\/2020\/10\/erdogan_7.jpg",620,383,false],"post-thumbnail":["https:\/\/arantv.az\/wp-content\/uploads\/2020\/10\/erdogan_7-240x172.jpg",240,172,true],"advps-thumb-one":["https:\/\/arantv.az\/wp-content\/uploads\/2020\/10\/erdogan_7.jpg",620,383,false]},"rttpg_author":{"display_name":"V\u00fcsal Rafiqo\u011flu","author_link":"https:\/\/arantv.az\/?author=2"},"rttpg_comment":0,"rttpg_category":"<a href=\"https:\/\/arantv.az\/?cat=7\" rel=\"category\">D\u00fcnya<\/a>","rttpg_excerpt":"T\u00fcrkiy\u0259 Prezidenti R\u0259c\u0259b Tayyib \u018frdo\u011fan Rusiya prezidenti Vladimir Putin\u0259 z\u0259ng edib. Bu bar\u0259d\u0259 TASS Kremlin m\u0259tbuat xidm\u0259tin\u0259 istinad\u0259n m\u0259lumat yay\u0131b. T\u0259r\u0259fl\u0259r Da\u011fl\u0131q Qaraba\u011f haqq\u0131nda m\u00fczakir\u0259 edibl\u0259r. Vladimir Putin v\u0259 R\u0259c\u0259b Tayyib \u018frdo\u011fan, x\u00fcsusil\u0259 AT\u018fT-in Minsk qrupunun i\u015fin\u0259 \u0259saslanaraq siyasi prosesin aktivl\u0259\u015fdirilm\u0259sinin lehin\u0259 dan\u0131\u015f\u0131blar.\u00a0H\u0259r iki t\u0259r\u0259f 10 oktyabrda Moskvada \u0259ld\u0259 edilmi\u015f\u00a0humanitar at\u0259\u015fk\u0259s raz\u0131la\u015fmas\u0131na riay\u0259t edilm\u0259sinin vacibliyini&hellip;","_links":{"self":[{"href":"https:\/\/arantv.az\/index.php?rest_route=\/wp\/v2\/posts\/228577"}],"collection":[{"href":"https:\/\/arantv.az\/index.php?rest_route=\/wp\/v2\/posts"}],"about":[{"href":"https:\/\/arantv.az\/index.php?rest_route=\/wp\/v2\/types\/post"}],"author":[{"embeddable":true,"href":"https:\/\/arantv.az\/index.php?rest_route=\/wp\/v2\/users\/2"}],"replies":[{"embeddable":true,"href":"https:\/\/arantv.az\/index.php?rest_route=%2Fwp%2Fv2%2Fcomments&post=228577"}],"version-history":[{"count":0,"href":"https:\/\/arantv.az\/index.php?rest_route=\/wp\/v2\/posts\/228577\/revisions"}],"wp:featuredmedia":[{"embeddable":true,"href":"https:\/\/arantv.az\/index.php?rest_route=\/wp\/v2\/media\/228578"}],"wp:attachment":[{"href":"https:\/\/arantv.az\/index.php?rest_route=%2Fwp%2Fv2%2Fmedia&parent=228577"}],"wp:term":[{"taxonomy":"category","embeddable":true,"href":"https:\/\/arantv.az\/index.php?rest_route=%2Fwp%2Fv2%2Fcategories&post=228577"},{"taxonomy":"post_tag","embeddable":true,"href":"https:\/\/arantv.az\/index.php?rest_route=%2Fwp%2Fv2%2Ftags&post=228577"}],"curies":[{"name":"wp","href":"https:\/\/api.w.org\/{rel}","templated":true}]}}