{"id":22860,"date":"2018-11-05T08:04:52","date_gmt":"2018-11-05T05:04:52","guid":{"rendered":"http:\/\/arantv.az\/?p=22860"},"modified":"2018-11-05T08:04:52","modified_gmt":"2018-11-05T05:04:52","slug":"basqa-ucun-yazdigi-sozl%c9%99ri-c%c9%99mil%c9%99-verdi-foto","status":"publish","type":"post","link":"https:\/\/arantv.az\/?p=22860","title":{"rendered":"Ba\u015fqa \u00fc\u00e7\u00fcn yazd\u0131\u011f\u0131 s\u00f6zl\u0259ri C\u0259mil\u0259 verdi- FOTO"},"content":{"rendered":"<p>Estrada v\u0259 vokal ifa\u00e7\u0131s\u0131 C\u0259mil pay\u0131za dam\u011fas\u0131n\u0131 vuracaq yeni mahn\u0131s\u0131n\u0131 sev\u0259nl\u0259rin\u0259 t\u0259qdim etm\u0259y\u0259 haz\u0131rla\u015f\u0131r.<strong>ARANTV.AZ<\/strong>-a m\u0259lumat ver\u0259n xarizmatik m\u00fc\u011f\u0259nni n\u0259hay\u0259t ki, gizli saxlad\u0131\u011f\u0131 s\u00fcrprizi a\u00e7\u0131qlad\u0131. S\u00f6hb\u0259t T\u00fcrkiy\u0259nin \u0259ks\u0259r s\u0259n\u0259t\u00e7il\u0259rin\u0259 &#8211; Sibel Can, Seda Sayan, Nil\u00fcfer, Ebru G\u00fcnde\u015f v\u0259 bir \u00e7oxlar\u0131n mahn\u0131lar\u0131n s\u00f6z yazar\u0131 Ay\u015fe Birg\u00fcl Y\u0131lmazla olan i\u015fbirliyind\u0259n gedir: &#8220;B\u0259li, zaman\u0131 yeti\u015fdiyi \u00fc\u00e7\u00fcn \u00e7al\u0131\u015fd\u0131\u011f\u0131m pr direktor Elton Hac\u0131yevin izni il\u0259 t\u00fcrk dilind\u0259 ifa etdiyim &#8220;Bana masal anlatma&#8221; (M\u0259n\u0259 na\u011f\u0131l anlatma) adl\u0131 mahn\u0131m haqq\u0131nda \u00fcr\u0259kdolusu indi dan\u0131\u015f\u0131ram. Ay\u015fe Birg\u00fcl Y\u0131lmaz bu s\u00f6zl\u0259ri ba\u015fqas\u0131n\u0131n oxumas\u0131 \u00fc\u00e7\u00fcn yazm\u0131\u015fd\u0131. Amma onun niyy\u0259ti olsa da, qism\u0259t m\u0259nim pay\u0131ma d\u00fc\u015fd\u00fc. Lirik s\u00f6zl\u0259r \u00fcz\u0259rind\u0259 olan mahn\u0131mdan \u00e7ox b\u00f6y\u00fck u\u011furlar g\u00f6zl\u0259yir\u0259m. \u0130nan\u0131n, h\u0259qiq\u0259t\u0259n, \u00e7\u0259kdiyimiz z\u0259hm\u0259tin, i\u015fimizin b\u0259hr\u0259 verdiyini g\u00f6rm\u0259k \u00e7ox sevindiricidir&#8221;, &#8211; C\u0259mil bel\u0259 dedi. M\u0259lumat \u00fc\u00e7\u00fcn bildir\u0259k ki, imicind\u0259 inan\u0131lmaz d\u0259yi\u015fiklik ed\u0259n C\u0259mil \u0259mindir ki, t\u00fcrk dilind\u0259 ifa etdiyi mahn\u0131 q\u0131sa zamanda yet\u0259rinc\u0259 dinl\u0259yici mara\u011f\u0131na s\u0259b\u0259b olacaq.<\/p>\n<p><img loading=\"lazy\" class=\"alignnone size-medium wp-image-22861\" src=\"https:\/\/arantv.az\/wp-content\/uploads\/2018\/11\/45479899_2000358043319976_6896282434313125888_n-300x300.jpg\" alt=\"\" width=\"300\" height=\"300\" \/><\/p>\n","protected":false},"excerpt":{"rendered":"<p>Estrada v\u0259 vokal ifa\u00e7\u0131s\u0131 C\u0259mil pay\u0131za dam\u011fas\u0131n\u0131 vuracaq yeni mahn\u0131s\u0131n\u0131 sev\u0259nl\u0259rin\u0259 t\u0259qdim etm\u0259y\u0259 haz\u0131rla\u015f\u0131r.ARANTV.AZ-a m\u0259lumat ver\u0259n xarizmatik m\u00fc\u011f\u0259nni n\u0259hay\u0259t ki, gizli saxlad\u0131\u011f\u0131 s\u00fcrprizi a\u00e7\u0131qlad\u0131. S\u00f6hb\u0259t T\u00fcrkiy\u0259nin \u0259ks\u0259r s\u0259n\u0259t\u00e7il\u0259rin\u0259 &#8211; Sibel Can, Seda Sayan, Nil\u00fcfer, Ebru G\u00fcnde\u015f v\u0259 bir \u00e7oxlar\u0131n mahn\u0131lar\u0131n s\u00f6z yazar\u0131 Ay\u015fe Birg\u00fcl Y\u0131lmazla olan i\u015fbirliyind\u0259n gedir: &#8220;B\u0259li, zaman\u0131 yeti\u015fdiyi \u00fc\u00e7\u00fcn \u00e7al\u0131\u015fd\u0131\u011f\u0131m pr direktor Elton Hac\u0131yevin izni il\u0259 t\u00fcrk dilind\u0259 ifa etdiyim &#8220;Bana masal anlatma&#8221; (M\u0259n\u0259 na\u011f\u0131l anlatma) adl\u0131 mahn\u0131m haqq\u0131nda \u00fcr\u0259kdolusu indi dan\u0131\u015f\u0131ram. Ay\u015fe Birg\u00fcl Y\u0131lmaz bu s\u00f6zl\u0259ri ba\u015fqas\u0131n\u0131n oxumas\u0131 \u00fc\u00e7\u00fcn yazm\u0131\u015fd\u0131. Amma onun niyy\u0259ti olsa da, qism\u0259t&hellip;<\/p>\n","protected":false},"author":2,"featured_media":22862,"comment_status":"closed","ping_status":"closed","sticky":false,"template":"","format":"standard","meta":{"om_disable_all_campaigns":false,"_monsterinsights_skip_tracking":false,"_monsterinsights_sitenote_active":false,"_monsterinsights_sitenote_note":"","_monsterinsights_sitenote_category":0},"categories":[20],"tags":[],"aioseo_notices":[],"gutentor_comment":0,"rttpg_featured_image_url":{"full":["https:\/\/arantv.az\/wp-content\/uploads\/2018\/11\/45376325_573305369765897_5794805313538359296_n.jpg",960,960,false],"landscape":["https:\/\/arantv.az\/wp-content\/uploads\/2018\/11\/45376325_573305369765897_5794805313538359296_n.jpg",960,960,false],"portraits":["https:\/\/arantv.az\/wp-content\/uploads\/2018\/11\/45376325_573305369765897_5794805313538359296_n.jpg",960,960,false],"thumbnail":["https:\/\/arantv.az\/wp-content\/uploads\/2018\/11\/45376325_573305369765897_5794805313538359296_n-150x150.jpg",150,150,true],"medium":["https:\/\/arantv.az\/wp-content\/uploads\/2018\/11\/45376325_573305369765897_5794805313538359296_n-300x300.jpg",300,300,true],"large":["https:\/\/arantv.az\/wp-content\/uploads\/2018\/11\/45376325_573305369765897_5794805313538359296_n.jpg",640,640,false],"1536x1536":["https:\/\/arantv.az\/wp-content\/uploads\/2018\/11\/45376325_573305369765897_5794805313538359296_n.jpg",960,960,false],"2048x2048":["https:\/\/arantv.az\/wp-content\/uploads\/2018\/11\/45376325_573305369765897_5794805313538359296_n.jpg",960,960,false],"post-thumbnail":["https:\/\/arantv.az\/wp-content\/uploads\/2018\/11\/45376325_573305369765897_5794805313538359296_n-240x172.jpg",240,172,true],"advps-thumb-one":["https:\/\/arantv.az\/wp-content\/uploads\/2018\/11\/45376325_573305369765897_5794805313538359296_n-960x620.jpg",960,620,true]},"rttpg_author":{"display_name":"V\u00fcsal Rafiqo\u011flu","author_link":"https:\/\/arantv.az\/?author=2"},"rttpg_comment":0,"rttpg_category":"<a href=\"https:\/\/arantv.az\/?cat=20\" rel=\"category\">\u015eou biznes<\/a>","rttpg_excerpt":"Estrada v\u0259 vokal ifa\u00e7\u0131s\u0131 C\u0259mil pay\u0131za dam\u011fas\u0131n\u0131 vuracaq yeni mahn\u0131s\u0131n\u0131 sev\u0259nl\u0259rin\u0259 t\u0259qdim etm\u0259y\u0259 haz\u0131rla\u015f\u0131r.ARANTV.AZ-a m\u0259lumat ver\u0259n xarizmatik m\u00fc\u011f\u0259nni n\u0259hay\u0259t ki, gizli saxlad\u0131\u011f\u0131 s\u00fcrprizi a\u00e7\u0131qlad\u0131. S\u00f6hb\u0259t T\u00fcrkiy\u0259nin \u0259ks\u0259r s\u0259n\u0259t\u00e7il\u0259rin\u0259 &#8211; Sibel Can, Seda Sayan, Nil\u00fcfer, Ebru G\u00fcnde\u015f v\u0259 bir \u00e7oxlar\u0131n mahn\u0131lar\u0131n s\u00f6z yazar\u0131 Ay\u015fe Birg\u00fcl Y\u0131lmazla olan i\u015fbirliyind\u0259n gedir: &#8220;B\u0259li, zaman\u0131 yeti\u015fdiyi \u00fc\u00e7\u00fcn \u00e7al\u0131\u015fd\u0131\u011f\u0131m pr direktor&hellip;","_links":{"self":[{"href":"https:\/\/arantv.az\/index.php?rest_route=\/wp\/v2\/posts\/22860"}],"collection":[{"href":"https:\/\/arantv.az\/index.php?rest_route=\/wp\/v2\/posts"}],"about":[{"href":"https:\/\/arantv.az\/index.php?rest_route=\/wp\/v2\/types\/post"}],"author":[{"embeddable":true,"href":"https:\/\/arantv.az\/index.php?rest_route=\/wp\/v2\/users\/2"}],"replies":[{"embeddable":true,"href":"https:\/\/arantv.az\/index.php?rest_route=%2Fwp%2Fv2%2Fcomments&post=22860"}],"version-history":[{"count":0,"href":"https:\/\/arantv.az\/index.php?rest_route=\/wp\/v2\/posts\/22860\/revisions"}],"wp:featuredmedia":[{"embeddable":true,"href":"https:\/\/arantv.az\/index.php?rest_route=\/wp\/v2\/media\/22862"}],"wp:attachment":[{"href":"https:\/\/arantv.az\/index.php?rest_route=%2Fwp%2Fv2%2Fmedia&parent=22860"}],"wp:term":[{"taxonomy":"category","embeddable":true,"href":"https:\/\/arantv.az\/index.php?rest_route=%2Fwp%2Fv2%2Fcategories&post=22860"},{"taxonomy":"post_tag","embeddable":true,"href":"https:\/\/arantv.az\/index.php?rest_route=%2Fwp%2Fv2%2Ftags&post=22860"}],"curies":[{"name":"wp","href":"https:\/\/api.w.org\/{rel}","templated":true}]}}