{"id":228738,"date":"2020-10-15T17:30:38","date_gmt":"2020-10-15T14:30:38","guid":{"rendered":"http:\/\/arantv.az\/?p=228738"},"modified":"2020-10-15T17:30:38","modified_gmt":"2020-10-15T14:30:38","slug":"sahib%c9%99-qafarova-ozb%c9%99kistanin-az%c9%99rbaycandaki-fovq%c9%99lad%c9%99-v%c9%99-s%c9%99lahiyy%c9%99tli-s%c9%99firini-q%c9%99bul-edib","status":"publish","type":"post","link":"https:\/\/arantv.az\/?p=228738","title":{"rendered":"Sahib\u0259 Qafarova \u00d6zb\u0259kistan\u0131n Az\u0259rbaycandak\u0131 f\u00f6vq\u0259lad\u0259 v\u0259 s\u0259lahiyy\u0259tli s\u0259firini q\u0259bul edib"},"content":{"rendered":"<p>Oktyabr\u0131n 15-d\u0259 Milli M\u0259clisin S\u0259dri Sahib\u0259 Qafarova \u00d6zb\u0259kistan\u0131n Az\u0259rbaycandak\u0131 f\u00f6vq\u0259lad\u0259 v\u0259 s\u0259lahiyy\u0259tli s\u0259firi B\u0259hram \u018f\u015frafxanovu q\u0259bul ed\u0259r\u0259k, onu \u00f6lk\u0259miz\u0259 s\u0259fir t\u0259yin olunmas\u0131 m\u00fcnasib\u0259til\u0259 t\u0259brik edib v\u0259 g\u0259l\u0259c\u0259k f\u0259aliyy\u0259tind\u0259 u\u011furlar arzulay\u0131b.<\/p>\n<p>Bu bar\u0259d\u0259 Milli M\u0259clisin M\u0259tbuat v\u0259 ictimaiyy\u0259tl\u0259 \u0259laq\u0259l\u0259r \u015f\u00f6b\u0259sind\u0259n yay\u0131lan m\u0259lumatda qeyd olunub.<\/p>\n<p>Bildirib ki, Az\u0259rbaycanla \u00d6zb\u0259kistan aras\u0131nda h\u0259r zaman dostluq m\u00fcnasib\u0259tl\u0259ri olub. D\u00f6vl\u0259t ba\u015f\u00e7\u0131lar\u0131n\u0131n qar\u015f\u0131l\u0131ql\u0131 s\u0259f\u0259rl\u0259ri b\u00fct\u00fcn sah\u0259l\u0259rd\u0259, o c\u00fcml\u0259d\u0259n, siyasi, iqtisadi v\u0259 dig\u0259r istiqam\u0259tl\u0259rd\u0259 \u0259m\u0259kda\u015fl\u0131\u011f\u0131n daha da geni\u015fl\u0259ndirilm\u0259sind\u0259 m\u00fch\u00fcm rol oynay\u0131b.<\/p>\n<div id=\"AdviadNativeVideo0\" class=\"AdviadNativeVideo\"><\/div>\n<p>Parlamentin S\u0259dri Erm\u0259nistan-Az\u0259rbaycan Da\u011fl\u0131q Qaraba\u011f m\u00fcnaqi\u015f\u0259sin\u0259 toxunaraq, problemin h\u0259lli il\u0259 ba\u011fl\u0131 BMT T\u0259hl\u00fck\u0259sizlik \u015euras\u0131n\u0131n d\u00f6rd q\u0259tnam\u0259sinin bug\u00fcn\u0259d\u0259k yerin\u0259 yetirilm\u0259diyini bildirib.<\/p>\n<p>Qeyd edib ki, Erm\u0259nistan bu g\u00fcn d\u0259 \u00f6z i\u015f\u011fal\u00e7\u0131l\u0131q siyas\u0259tini davam etdirir. Sentyabr\u0131n 27-d\u0259 t\u0259mas x\u0259ttind\u0259 d\u00fc\u015fm\u0259n n\u00f6vb\u0259ti d\u0259f\u0259 t\u0259xribat t\u00f6r\u0259d\u0259r\u0259k, h\u0259rbi v\u0259 ya\u015fay\u0131\u015f m\u0259nt\u0259q\u0259l\u0259rimizi at\u0259\u015f\u0259 tutub.<\/p>\n<p>Erm\u0259nistan silahl\u0131 q\u00fcvv\u0259l\u0259rinin t\u0259xribatlar\u0131n\u0131n qar\u015f\u0131s\u0131n\u0131 almaq, m\u00fclki \u0259halinin t\u0259hl\u00fck\u0259sizliyini t\u0259min etm\u0259k \u00fc\u00e7\u00fcn Az\u0259rbaycan Ordusu \u0259ks-h\u00fccum \u0259m\u0259liyyat\u0131na ba\u015flay\u0131b.<\/p>\n<p>Spiker x\u00fcsusi qeyd edib ki, Moskvada apar\u0131lan \u00fc\u00e7t\u0259r\u0259fli dan\u0131\u015f\u0131qlar n\u0259tic\u0259sind\u0259 humanitar at\u0259\u015fk\u0259s elan edildikd\u0259n sonra da Erm\u0259nistan silahl\u0131 q\u00fcvv\u0259l\u0259ri \u00f6z m\u0259krli niyy\u0259tl\u0259rind\u0259n \u0259l \u00e7\u0259km\u0259y\u0259r\u0259k, beyn\u0259lxalq h\u00fcququn normalar\u0131n\u0131 kobud \u015f\u0259kild\u0259 pozur, c\u0259bh\u0259 b\u00f6lg\u0259sind\u0259n uzaqda yerl\u0259\u015f\u0259n Az\u0259rbaycan\u0131n ikinci b\u00f6y\u00fck \u015f\u0259h\u0259ri G\u0259nc\u0259ni v\u0259 dig\u0259r rayon v\u0259 \u015f\u0259h\u0259rl\u0259rimizi intensiv raket at\u0259\u015fin\u0259 tutur.<\/p>\n<p>Milli M\u0259clisin s\u0259dri vur\u011fulay\u0131b ki, Az\u0259rbaycan problemin\u00a0 s\u00fclh yolu il\u0259, beyn\u0259lxalq h\u00fcquq normalar\u0131 \u00e7\u0259r\u00e7iv\u0259sind\u0259, \u00f6lk\u0259l\u0259rin \u0259razi b\u00fct\u00f6vl\u00fcy\u00fc prinsipi \u0259sas\u0131nda h\u0259llin\u0259 t\u0259r\u0259fdard\u0131r.<\/p>\n<p>\u00d6zb\u0259kistan\u0131n Az\u0259rbaycandak\u0131 f\u00f6vq\u0259lad\u0259 v\u0259 s\u0259lahiyy\u0259tli s\u0259firi B\u0259hram \u018f\u015frafxanov s\u0259mimi g\u00f6r\u00fc\u015f\u0259 g\u00f6r\u0259 minn\u0259tdarl\u0131\u011f\u0131n\u0131 ifad\u0259 edib. O, Sahib\u0259 Qafarovan\u0131 Milli M\u0259clisin s\u0259dri se\u00e7ilm\u0259si m\u00fcnasib\u0259ti il\u0259 t\u0259brik edib.<\/p>\n<p>S\u0259fir bildirib ki, Az\u0259rbaycana g\u0259ldiyi ilk g\u00fcnd\u0259n \u00f6lk\u0259d\u0259 h\u0259yata ke\u00e7iril\u0259n geni\u015fmiqyasl\u0131 islahatlar\u0131n \u015fahidi olub. O, Az\u0259rbaycanda m\u00fc\u015fahid\u0259 olunan h\u0259rt\u0259r\u0259fli inki\u015faf v\u0259 t\u0259r\u0259qqinin t\u0259qdir\u0259layiq oldu\u011funu bildirib.<\/p>\n<p>B\u0259hram \u018f\u015frafxanov Erm\u0259nistan-Az\u0259rbaycan Da\u011fl\u0131q Qaraba\u011f m\u00fcnaqi\u015f\u0259sinin h\u0259llind\u0259 \u00d6zb\u0259kistan\u0131n Az\u0259rbaycan\u0131n m\u00f6vqeyini d\u0259st\u0259kl\u0259diyini s\u00f6yl\u0259yib.<\/p>\n<p>S\u0259fir bu yax\u0131nlarda Az\u0259rbaycan t\u0259r\u0259finin \u00f6lk\u0259d\u0259 f\u0259aliyy\u0259t g\u00f6st\u0259r\u0259n diplomatik n\u00fcmay\u0259nd\u0259likl\u0259rin \u00fczvl\u0259ri \u00fc\u00e7\u00fcn G\u0259nc\u0259 \u015f\u0259h\u0259rin\u0259 t\u0259\u015fkil etdiyi s\u0259f\u0259rd\u0259n b\u0259hs edib. O, Erm\u0259nistan\u0131n m\u00fclki insanlar\u0131 v\u0259 m\u00fclki obyektl\u0259ri h\u0259d\u0259f\u0259 alan raket h\u00fccumlar\u0131n\u0131n faci\u0259vi n\u0259tic\u0259l\u0259rinin \u015fahidi oldu\u011funu deyib. G\u00fcnahs\u0131z insanlar\u0131n h\u0259d\u0259f\u0259 al\u0131naraq \u00f6ld\u00fcr\u00fclm\u0259sini \u015fidd\u0259tl\u0259 q\u0131nad\u0131\u011f\u0131n\u0131 bildirib.<\/p>\n<p>S\u0259fir diplomatik f\u0259aliyy\u0259ti m\u00fcdd\u0259tind\u0259 \u00f6lk\u0259l\u0259rimiz aras\u0131ndak\u0131 m\u00fcnasib\u0259tl\u0259rin inki\u015faf\u0131 istiqam\u0259tind\u0259 s\u0259yl\u0259rini \u0259sirg\u0259m\u0259y\u0259c\u0259yini diqq\u0259t\u0259 \u00e7atd\u0131r\u0131b.<\/p>\n<p>S\u00f6hb\u0259td\u0259 \u00f6lk\u0259l\u0259rimiz aras\u0131nda \u0259laq\u0259l\u0259rin inki\u015faf\u0131, parlamentl\u0259raras\u0131 \u0259m\u0259kda\u015fl\u0131\u011f\u0131n geni\u015fl\u0259ndirilm\u0259si, regional m\u00fcnaqi\u015f\u0259l\u0259rin h\u0259lli yollar\u0131 v\u0259 dig\u0259r m\u0259s\u0259l\u0259l\u0259r \u0259traf\u0131nda fikir m\u00fcbadil\u0259si apar\u0131l\u0131b.<\/p>\n","protected":false},"excerpt":{"rendered":"<p>Oktyabr\u0131n 15-d\u0259 Milli M\u0259clisin S\u0259dri Sahib\u0259 Qafarova \u00d6zb\u0259kistan\u0131n Az\u0259rbaycandak\u0131 f\u00f6vq\u0259lad\u0259 v\u0259 s\u0259lahiyy\u0259tli s\u0259firi B\u0259hram \u018f\u015frafxanovu q\u0259bul ed\u0259r\u0259k, onu \u00f6lk\u0259miz\u0259 s\u0259fir t\u0259yin olunmas\u0131 m\u00fcnasib\u0259til\u0259 t\u0259brik edib v\u0259 g\u0259l\u0259c\u0259k f\u0259aliyy\u0259tind\u0259 u\u011furlar arzulay\u0131b. Bu bar\u0259d\u0259 Milli M\u0259clisin M\u0259tbuat v\u0259 ictimaiyy\u0259tl\u0259 \u0259laq\u0259l\u0259r \u015f\u00f6b\u0259sind\u0259n yay\u0131lan m\u0259lumatda qeyd olunub. Bildirib ki, Az\u0259rbaycanla \u00d6zb\u0259kistan aras\u0131nda h\u0259r zaman dostluq m\u00fcnasib\u0259tl\u0259ri olub. D\u00f6vl\u0259t ba\u015f\u00e7\u0131lar\u0131n\u0131n qar\u015f\u0131l\u0131ql\u0131 s\u0259f\u0259rl\u0259ri b\u00fct\u00fcn sah\u0259l\u0259rd\u0259, o c\u00fcml\u0259d\u0259n, siyasi, iqtisadi v\u0259 dig\u0259r istiqam\u0259tl\u0259rd\u0259 \u0259m\u0259kda\u015fl\u0131\u011f\u0131n daha da geni\u015fl\u0259ndirilm\u0259sind\u0259 m\u00fch\u00fcm rol oynay\u0131b. Parlamentin S\u0259dri Erm\u0259nistan-Az\u0259rbaycan Da\u011fl\u0131q Qaraba\u011f m\u00fcnaqi\u015f\u0259sin\u0259 toxunaraq, problemin h\u0259lli il\u0259 ba\u011fl\u0131 BMT T\u0259hl\u00fck\u0259sizlik \u015euras\u0131n\u0131n d\u00f6rd q\u0259tnam\u0259sinin bug\u00fcn\u0259d\u0259k&hellip;<\/p>\n","protected":false},"author":2,"featured_media":228739,"comment_status":"closed","ping_status":"closed","sticky":false,"template":"","format":"standard","meta":{"om_disable_all_campaigns":false,"_monsterinsights_skip_tracking":false,"_monsterinsights_sitenote_active":false,"_monsterinsights_sitenote_note":"","_monsterinsights_sitenote_category":0},"categories":[24],"tags":[],"aioseo_notices":[],"gutentor_comment":0,"rttpg_featured_image_url":{"full":["https:\/\/arantv.az\/wp-content\/uploads\/2020\/10\/121512800_816870889114758_6202454381848351606_n.jpg",620,392,false],"landscape":["https:\/\/arantv.az\/wp-content\/uploads\/2020\/10\/121512800_816870889114758_6202454381848351606_n.jpg",620,392,false],"portraits":["https:\/\/arantv.az\/wp-content\/uploads\/2020\/10\/121512800_816870889114758_6202454381848351606_n.jpg",620,392,false],"thumbnail":["https:\/\/arantv.az\/wp-content\/uploads\/2020\/10\/121512800_816870889114758_6202454381848351606_n-150x150.jpg",150,150,true],"medium":["https:\/\/arantv.az\/wp-content\/uploads\/2020\/10\/121512800_816870889114758_6202454381848351606_n-300x190.jpg",300,190,true],"large":["https:\/\/arantv.az\/wp-content\/uploads\/2020\/10\/121512800_816870889114758_6202454381848351606_n.jpg",620,392,false],"1536x1536":["https:\/\/arantv.az\/wp-content\/uploads\/2020\/10\/121512800_816870889114758_6202454381848351606_n.jpg",620,392,false],"2048x2048":["https:\/\/arantv.az\/wp-content\/uploads\/2020\/10\/121512800_816870889114758_6202454381848351606_n.jpg",620,392,false],"post-thumbnail":["https:\/\/arantv.az\/wp-content\/uploads\/2020\/10\/121512800_816870889114758_6202454381848351606_n-240x172.jpg",240,172,true],"advps-thumb-one":["https:\/\/arantv.az\/wp-content\/uploads\/2020\/10\/121512800_816870889114758_6202454381848351606_n.jpg",620,392,false]},"rttpg_author":{"display_name":"V\u00fcsal Rafiqo\u011flu","author_link":"https:\/\/arantv.az\/?author=2"},"rttpg_comment":0,"rttpg_category":"<a href=\"https:\/\/arantv.az\/?cat=24\" rel=\"category\">Maraql\u0131<\/a>","rttpg_excerpt":"Oktyabr\u0131n 15-d\u0259 Milli M\u0259clisin S\u0259dri Sahib\u0259 Qafarova \u00d6zb\u0259kistan\u0131n Az\u0259rbaycandak\u0131 f\u00f6vq\u0259lad\u0259 v\u0259 s\u0259lahiyy\u0259tli s\u0259firi B\u0259hram \u018f\u015frafxanovu q\u0259bul ed\u0259r\u0259k, onu \u00f6lk\u0259miz\u0259 s\u0259fir t\u0259yin olunmas\u0131 m\u00fcnasib\u0259til\u0259 t\u0259brik edib v\u0259 g\u0259l\u0259c\u0259k f\u0259aliyy\u0259tind\u0259 u\u011furlar arzulay\u0131b. Bu bar\u0259d\u0259 Milli M\u0259clisin M\u0259tbuat v\u0259 ictimaiyy\u0259tl\u0259 \u0259laq\u0259l\u0259r \u015f\u00f6b\u0259sind\u0259n yay\u0131lan m\u0259lumatda qeyd olunub. Bildirib ki, Az\u0259rbaycanla \u00d6zb\u0259kistan aras\u0131nda h\u0259r zaman dostluq m\u00fcnasib\u0259tl\u0259ri olub. D\u00f6vl\u0259t ba\u015f\u00e7\u0131lar\u0131n\u0131n&hellip;","_links":{"self":[{"href":"https:\/\/arantv.az\/index.php?rest_route=\/wp\/v2\/posts\/228738"}],"collection":[{"href":"https:\/\/arantv.az\/index.php?rest_route=\/wp\/v2\/posts"}],"about":[{"href":"https:\/\/arantv.az\/index.php?rest_route=\/wp\/v2\/types\/post"}],"author":[{"embeddable":true,"href":"https:\/\/arantv.az\/index.php?rest_route=\/wp\/v2\/users\/2"}],"replies":[{"embeddable":true,"href":"https:\/\/arantv.az\/index.php?rest_route=%2Fwp%2Fv2%2Fcomments&post=228738"}],"version-history":[{"count":0,"href":"https:\/\/arantv.az\/index.php?rest_route=\/wp\/v2\/posts\/228738\/revisions"}],"wp:featuredmedia":[{"embeddable":true,"href":"https:\/\/arantv.az\/index.php?rest_route=\/wp\/v2\/media\/228739"}],"wp:attachment":[{"href":"https:\/\/arantv.az\/index.php?rest_route=%2Fwp%2Fv2%2Fmedia&parent=228738"}],"wp:term":[{"taxonomy":"category","embeddable":true,"href":"https:\/\/arantv.az\/index.php?rest_route=%2Fwp%2Fv2%2Fcategories&post=228738"},{"taxonomy":"post_tag","embeddable":true,"href":"https:\/\/arantv.az\/index.php?rest_route=%2Fwp%2Fv2%2Ftags&post=228738"}],"curies":[{"name":"wp","href":"https:\/\/api.w.org\/{rel}","templated":true}]}}