{"id":228750,"date":"2020-10-15T17:33:50","date_gmt":"2020-10-15T14:33:50","guid":{"rendered":"http:\/\/arantv.az\/?p=228750"},"modified":"2020-10-15T17:33:50","modified_gmt":"2020-10-15T14:33:50","slug":"ilham-%c9%99liyev-daha-alti-k%c9%99nd-isgaldan-azad-edildi","status":"publish","type":"post","link":"https:\/\/arantv.az\/?p=228750","title":{"rendered":"\u0130lham \u018fliyev: \u201cDaha alt\u0131 k\u0259nd i\u015f\u011faldan azad edildi\u201d"},"content":{"rendered":"<p>Prezident \u0130lham \u018fliyev \u201cTwitter\u201d hesab\u0131nda bir s\u0131ra \u0259razil\u0259rimizin i\u015f\u011faldan azad olunmas\u0131 il\u0259 ba\u011fl\u0131 post payla\u015f\u0131b.<\/p>\n<p>Payla\u015f\u0131mda deyilir:<\/p>\n<div id=\"AdviadNativeVideo0\" class=\"AdviadNativeVideo\"><\/div>\n<p>\u201cR\u0259\u015fad\u0259tli Az\u0259rbaycan Ordusu t\u0259r\u0259find\u0259n F\u00fczuli rayonunun Ar\u0131\u015f, C\u0259bray\u0131l rayonunun Do\u015fulu, Xocav\u0259nd rayonunun Edi\u015f\u0259, D\u00fcd\u00fck\u00e7\u00fc, Edilli, \u00c7iraquz k\u0259ndl\u0259ri i\u015f\u011faldan azad edilib. E\u015fq olsun Az\u0259rbaycan Ordusuna! Qaraba\u011f Az\u0259rbaycand\u0131r!\u201d<\/p>\n<div>\n<blockquote class=\"twitter-tweet\">\n<p dir=\"ltr\" lang=\"tr\">R\u0259\u015fad\u0259tli Az\u0259rbaycan Ordusu t\u0259r\u0259find\u0259n F\u00fczuli rayonunun Ar\u0131\u015f, C\u0259bray\u0131l rayonunun Do\u015fulu, Xocav\u0259nd rayonunun Edi\u015f\u0259, D\u00fcd\u00fck\u00e7\u00fc, Edilli, \u00c7iraquz k\u0259ndl\u0259ri i\u015f\u011faldan azad edilib. E\u015fq olsun Az\u0259rbaycan Ordusuna! Qaraba\u011f Az\u0259rbaycand\u0131r!<\/p>\n<p>\u2014 \u0130lham \u018fliyev (@azpresident)\u00a0<a href=\"https:\/\/twitter.com\/azpresident\/status\/1316735653795819521?ref_src=twsrc%5Etfw\">October 15, 2020<\/a><\/p><\/blockquote>\n<\/div>\n","protected":false},"excerpt":{"rendered":"<p>Prezident \u0130lham \u018fliyev \u201cTwitter\u201d hesab\u0131nda bir s\u0131ra \u0259razil\u0259rimizin i\u015f\u011faldan azad olunmas\u0131 il\u0259 ba\u011fl\u0131 post payla\u015f\u0131b. Payla\u015f\u0131mda deyilir: \u201cR\u0259\u015fad\u0259tli Az\u0259rbaycan Ordusu t\u0259r\u0259find\u0259n F\u00fczuli rayonunun Ar\u0131\u015f, C\u0259bray\u0131l rayonunun Do\u015fulu, Xocav\u0259nd rayonunun Edi\u015f\u0259, D\u00fcd\u00fck\u00e7\u00fc, Edilli, \u00c7iraquz k\u0259ndl\u0259ri i\u015f\u011faldan azad edilib. E\u015fq olsun Az\u0259rbaycan Ordusuna! Qaraba\u011f Az\u0259rbaycand\u0131r!\u201d R\u0259\u015fad\u0259tli Az\u0259rbaycan Ordusu t\u0259r\u0259find\u0259n F\u00fczuli rayonunun Ar\u0131\u015f, C\u0259bray\u0131l rayonunun Do\u015fulu, Xocav\u0259nd rayonunun Edi\u015f\u0259, D\u00fcd\u00fck\u00e7\u00fc, Edilli, \u00c7iraquz k\u0259ndl\u0259ri i\u015f\u011faldan azad edilib. E\u015fq olsun Az\u0259rbaycan Ordusuna! Qaraba\u011f Az\u0259rbaycand\u0131r! \u2014 \u0130lham \u018fliyev (@azpresident)\u00a0October 15, 2020<\/p>\n","protected":false},"author":2,"featured_media":228751,"comment_status":"closed","ping_status":"closed","sticky":false,"template":"","format":"standard","meta":{"om_disable_all_campaigns":false,"_monsterinsights_skip_tracking":false,"_monsterinsights_sitenote_active":false,"_monsterinsights_sitenote_note":"","_monsterinsights_sitenote_category":0},"categories":[1],"tags":[],"aioseo_notices":[],"gutentor_comment":0,"rttpg_featured_image_url":{"full":["https:\/\/arantv.az\/wp-content\/uploads\/2020\/10\/120313111_3579230668800290_4361005323338327674_o.jpg",620,392,false],"landscape":["https:\/\/arantv.az\/wp-content\/uploads\/2020\/10\/120313111_3579230668800290_4361005323338327674_o.jpg",620,392,false],"portraits":["https:\/\/arantv.az\/wp-content\/uploads\/2020\/10\/120313111_3579230668800290_4361005323338327674_o.jpg",620,392,false],"thumbnail":["https:\/\/arantv.az\/wp-content\/uploads\/2020\/10\/120313111_3579230668800290_4361005323338327674_o-150x150.jpg",150,150,true],"medium":["https:\/\/arantv.az\/wp-content\/uploads\/2020\/10\/120313111_3579230668800290_4361005323338327674_o-300x190.jpg",300,190,true],"large":["https:\/\/arantv.az\/wp-content\/uploads\/2020\/10\/120313111_3579230668800290_4361005323338327674_o.jpg",620,392,false],"1536x1536":["https:\/\/arantv.az\/wp-content\/uploads\/2020\/10\/120313111_3579230668800290_4361005323338327674_o.jpg",620,392,false],"2048x2048":["https:\/\/arantv.az\/wp-content\/uploads\/2020\/10\/120313111_3579230668800290_4361005323338327674_o.jpg",620,392,false],"post-thumbnail":["https:\/\/arantv.az\/wp-content\/uploads\/2020\/10\/120313111_3579230668800290_4361005323338327674_o-240x172.jpg",240,172,true],"advps-thumb-one":["https:\/\/arantv.az\/wp-content\/uploads\/2020\/10\/120313111_3579230668800290_4361005323338327674_o.jpg",620,392,false]},"rttpg_author":{"display_name":"V\u00fcsal Rafiqo\u011flu","author_link":"https:\/\/arantv.az\/?author=2"},"rttpg_comment":0,"rttpg_category":"<a href=\"https:\/\/arantv.az\/?cat=1\" rel=\"category\">C\u0259miyy\u0259t<\/a>","rttpg_excerpt":"Prezident \u0130lham \u018fliyev \u201cTwitter\u201d hesab\u0131nda bir s\u0131ra \u0259razil\u0259rimizin i\u015f\u011faldan azad olunmas\u0131 il\u0259 ba\u011fl\u0131 post payla\u015f\u0131b. Payla\u015f\u0131mda deyilir: \u201cR\u0259\u015fad\u0259tli Az\u0259rbaycan Ordusu t\u0259r\u0259find\u0259n F\u00fczuli rayonunun Ar\u0131\u015f, C\u0259bray\u0131l rayonunun Do\u015fulu, Xocav\u0259nd rayonunun Edi\u015f\u0259, D\u00fcd\u00fck\u00e7\u00fc, Edilli, \u00c7iraquz k\u0259ndl\u0259ri i\u015f\u011faldan azad edilib. E\u015fq olsun Az\u0259rbaycan Ordusuna! Qaraba\u011f Az\u0259rbaycand\u0131r!\u201d R\u0259\u015fad\u0259tli Az\u0259rbaycan Ordusu t\u0259r\u0259find\u0259n F\u00fczuli rayonunun Ar\u0131\u015f, C\u0259bray\u0131l rayonunun Do\u015fulu, Xocav\u0259nd rayonunun&hellip;","_links":{"self":[{"href":"https:\/\/arantv.az\/index.php?rest_route=\/wp\/v2\/posts\/228750"}],"collection":[{"href":"https:\/\/arantv.az\/index.php?rest_route=\/wp\/v2\/posts"}],"about":[{"href":"https:\/\/arantv.az\/index.php?rest_route=\/wp\/v2\/types\/post"}],"author":[{"embeddable":true,"href":"https:\/\/arantv.az\/index.php?rest_route=\/wp\/v2\/users\/2"}],"replies":[{"embeddable":true,"href":"https:\/\/arantv.az\/index.php?rest_route=%2Fwp%2Fv2%2Fcomments&post=228750"}],"version-history":[{"count":0,"href":"https:\/\/arantv.az\/index.php?rest_route=\/wp\/v2\/posts\/228750\/revisions"}],"wp:featuredmedia":[{"embeddable":true,"href":"https:\/\/arantv.az\/index.php?rest_route=\/wp\/v2\/media\/228751"}],"wp:attachment":[{"href":"https:\/\/arantv.az\/index.php?rest_route=%2Fwp%2Fv2%2Fmedia&parent=228750"}],"wp:term":[{"taxonomy":"category","embeddable":true,"href":"https:\/\/arantv.az\/index.php?rest_route=%2Fwp%2Fv2%2Fcategories&post=228750"},{"taxonomy":"post_tag","embeddable":true,"href":"https:\/\/arantv.az\/index.php?rest_route=%2Fwp%2Fv2%2Ftags&post=228750"}],"curies":[{"name":"wp","href":"https:\/\/api.w.org\/{rel}","templated":true}]}}