{"id":228786,"date":"2020-10-15T18:01:28","date_gmt":"2020-10-15T15:01:28","guid":{"rendered":"http:\/\/arantv.az\/?p=228786"},"modified":"2020-10-15T18:01:28","modified_gmt":"2020-10-15T15:01:28","slug":"fatma-yildirim-havadarlari-erm%c9%99nistani-silahlandirmaqla-regionda-sulhun-b%c9%99rq%c9%99rar-olmasina-qarsi-cixirlar","status":"publish","type":"post","link":"https:\/\/arantv.az\/?p=228786","title":{"rendered":"Fatma Y\u0131ld\u0131r\u0131m: \u201cHavadarlar\u0131 Erm\u0259nistan\u0131 silahland\u0131rmaqla regionda s\u00fclh\u00fcn b\u0259rq\u0259rar olmas\u0131na qar\u015f\u0131 \u00e7\u0131x\u0131rlar\u201d"},"content":{"rendered":"<p>\u201cBu g\u00fcn ard\u0131c\u0131l q\u0259l\u0259b\u0259 sevinci ya\u015fadan \u015fanl\u0131 ordumuzun z\u0259f\u0259rl\u0259ri Az\u0259rbaycan tarixin\u0259 q\u0131z\u0131l h\u0259rfl\u0259rl\u0259 yaz\u0131l\u0131r. Az\u0259rbaycan \u0259sg\u0259rinin d\u00fc\u015fm\u0259ni p\u0259r\u0259n-p\u0259r\u0259n salmas\u0131, i\u015f\u011fal alt\u0131nda olan torpaqlar\u0131m\u0131z\u0131 qar\u0131\u015f-qar\u0131\u015f azad etm\u0259si, h\u0259min \u0259razil\u0259rd\u0259 yenid\u0259n \u00fc\u00e7r\u0259ngli bayra\u011f\u0131m\u0131z\u0131n dal\u011falanmas\u0131 q\u0259l\u0259b\u0259 \u0259zmini daha da art\u0131r\u0131r. Tezlikl\u0259 bayra\u011f\u0131m\u0131z\u0131n b\u00fct\u00fcn Qaraba\u011f s\u0259mas\u0131n\u0131\u00a0 b\u0259z\u0259y\u0259c\u0259yin\u0259 b\u00f6y\u00fck inam yarad\u0131r. Bu haqq sava\u015f\u0131nda Az\u0259rbaycan\u0131n \u0259dal\u0259tli m\u00f6vqeyini beyn\u0259lxalq platformada d\u0259st\u0259kl\u0259y\u0259n \u00f6lk\u0259l\u0259r, x\u00fcsusil\u0259 qarda\u015f T\u00fcrkiy\u0259y\u0259 sonsuz t\u0259\u015f\u0259kk\u00fcr\u00fcm\u00fcz\u00fc bildiririk\u201d.<\/p>\n<p>Bu fikirl\u0259ri Milli M\u0259clisin deputat\u0131 Fatma Y\u0131ld\u0131r\u0131m deyib.<\/p>\n<p>O bildirib ki, Az\u0259rbaycanla T\u00fcrkiy\u0259 aras\u0131nda m\u00fcnasib\u0259tl\u0259r dostluq v\u0259 qarda\u015fl\u0131q prinsipl\u0259rin\u0259 \u0259saslan\u0131r. Mill\u0259t v\u0259kilinin s\u00f6zl\u0259rin\u0259 g\u00f6r\u0259, haz\u0131rk\u0131 m\u0259suliyy\u0259tli d\u00f6n\u0259md\u0259 T\u00fcrkiy\u0259 Prezidenti c\u0259nab R\u0259c\u0259b Tayyib \u018frdo\u011fan ba\u015fda olmaqla bu \u00f6lk\u0259nin h\u00f6kum\u0259ti v\u0259 xalq\u0131 birm\u0259nal\u0131 \u015f\u0259kild\u0259 Az\u0259rbaycan\u0131n yan\u0131ndad\u0131r v\u0259 bizim haqq i\u015fimizi d\u00fcnyada yorulmadan t\u0259bli\u011f edirl\u0259r:<\/p>\n<p>\u201cM\u0259lumdur ki, Az\u0259rbaycan ordusu do\u011fma torpaqlar\u0131m\u0131z\u0131n i\u015f\u011faldan azad olunmas\u0131 \u0259m\u0259liyyat\u0131na ba\u015flad\u0131qdan sonra b\u0259zi d\u00f6vl\u0259tl\u0259r Az\u0259rbaycana t\u0259zyiq g\u00f6st\u0259rm\u0259y\u0259 ba\u015flad\u0131lar. Amma onlar qar\u015f\u0131lar\u0131nda Az\u0259rbaycan prezidenti il\u0259 yana\u015f\u0131 T\u00fcrkiy\u0259nin prezidentini v\u0259 t\u00fcrk xalq\u0131n\u0131 g\u00f6rd\u00fcl\u0259r. Bu g\u00fcn T\u00fcrkiy\u0259 r\u0259smi s\u0259viyy\u0259d\u0259 q\u0259tiyy\u0259tl\u0259 b\u0259yan edir ki, Qaraba\u011f Az\u0259rbaycan torpa\u011f\u0131d\u0131r v\u0259 Erm\u0259nistan i\u015f\u011fala son qoymal\u0131d\u0131r. M\u0259hz bundan sonra regionda uzunm\u00fcdd\u0259tli s\u00fclh\u0259 nail olunacaq\u201d.<\/p>\n<p>Deputat s\u00f6yl\u0259yib ki, T\u00fcrkiy\u0259 t\u0259r\u0259fi h\u0259mi\u015f\u0259 biz\u0259 \u201ccan Az\u0259rbaycan\u201d dey\u0259 m\u00fcraci\u0259t edir:<\/p>\n<p>\u201cT\u00fcrkiy\u0259 d\u0259 bizim can\u0131m\u0131zd\u0131r. \u00c7\u00fcnki biz bir mill\u0259t, iki d\u00f6vl\u0259tik, soyumuz, dilimiz, dinimiz, ad\u0259t-\u0259n\u0259l\u0259rimiz eynidir. T\u0259sad\u00fcfi deyil ki, Az\u0259rbaycan v\u0259 T\u00fcrkiy\u0259 xalq\u0131 bu sevgisini tarixi binalarda, eyvanlarda iki \u00f6lk\u0259nin bayra\u011f\u0131n\u0131 yan-yana asaraq b\u00fct\u00fcn d\u00fcnyaya n\u00fcmayi\u015f etdirir. Bu aksiya h\u0259tta xarici m\u0259tbuat qurumlar\u0131nda bel\u0259 b\u00f6y\u00fck \u0259ks-s\u0259da yarad\u0131b\u201d.<\/p>\n<p>Eyni zamanda, mill\u0259t v\u0259kili Erm\u0259nistan m\u0259tbuat\u0131nda \u00e7\u0131xan T\u00fcrkiy\u0259nin d\u0259 h\u0259rbi \u0259m\u0259liyyatlarda i\u015ftirak etm\u0259si il\u0259 ba\u011fl\u0131 saxta x\u0259b\u0259rl\u0259r\u0259 d\u0259 m\u00fcnasib\u0259t bildirib:<\/p>\n<p>\u201cAz\u0259rbaycan\u0131n g\u00fccl\u00fc ordusu var v\u0259 bu g\u00fcn\u0259 kimi b\u00fct\u00fcn foto v\u0259 videog\u00f6r\u00fcnt\u00fcl\u0259rd\u0259 az\u0259rbaycanl\u0131 \u0259sg\u0259r v\u0259 zabitl\u0259rin i\u015f\u011faldan azad edilmi\u015f torpaqlarda bayraqlar\u0131m\u0131z\u0131 nec\u0259 ucaltmalar\u0131n\u0131 h\u0259r k\u0259s g\u00f6r\u00fcr. C\u0259nab prezidentin d\u0259 dediyi kimi, biz istifad\u0259 etdiyimiz silahlar\u0131n ham\u0131s\u0131n\u0131 pulla \u0259ld\u0259 etmi\u015fik. Qarda\u015f T\u00fcrkiy\u0259 h\u0259rbi s\u0259nayesinin m\u0259hsulu olan silahlar\u0131 alma\u011f\u0131m\u0131z, \u0259lb\u0259tt\u0259 ki, T\u00fcrkiy\u0259nin h\u0259rbi \u0259m\u0259liyyatlarda i\u015ftirak etm\u0259si dem\u0259k deyil.<\/p>\n<p>\u00c7\u00fcnki biz T\u00fcrkiy\u0259 il\u0259 yana\u015f\u0131 \u0130srail, Rusiya, Ukrayna v\u0259 s. bir \u00e7ox \u00f6lk\u0259l\u0259rd\u0259n d\u0259 m\u00fcxt\u0259lif silahlar alm\u0131\u015f\u0131q. D\u00fcnya ictimaiyy\u0259tind\u0259n soru\u015fmaq laz\u0131md\u0131r, b\u0259s iqtisadiyyat\u0131 iflasa u\u011fram\u0131\u015f i\u015f\u011fal\u00e7\u0131 Erm\u0259nistan bu silahlar\u0131 haradan \u0259ld\u0259 edir?! Niy\u0259 bunun hesabat\u0131n\u0131 onlardan he\u00e7 kim t\u0259l\u0259b etmir?! Erm\u0259nistan\u0131n qeyri-qanuni silahland\u0131r\u0131lmas\u0131 \u0259slind\u0259 bu \u00f6lk\u0259nin himay\u0259darlar\u0131n\u0131n regionda s\u00fclh\u00fcn b\u0259rq\u0259rar olmas\u0131na qar\u015f\u0131 olduqlar\u0131n\u0131\u00a0a\u00e7\u0131q g\u00f6st\u0259rm\u0259kd\u0259dir.<\/p>\n<p>Fatma Y\u0131ld\u0131r\u0131m\u0131n fikrinc\u0259, haz\u0131rda T\u00fcrkiy\u0259 il\u0259 Az\u0259rbaycan aras\u0131nda h\u0259rbi \u0259m\u0259kda\u015fl\u0131q \u0259laq\u0259l\u0259ri y\u00fcks\u0259k s\u0259viyy\u0259d\u0259dir:<\/p>\n<p>\u201cOrdular\u0131m\u0131z m\u00fct\u0259madi olaraq birg\u0259 h\u0259rbi t\u0259liml\u0259r ke\u00e7irirl\u0259r. T\u0259bii ki, Az\u0259rbaycan ordusunun pe\u015f\u0259karl\u0131\u011f\u0131n\u0131n artmas\u0131nda m\u0259hz T\u00fcrkiy\u0259 t\u0259cr\u00fcb\u0259si v\u0259 h\u0259rbi \u0259m\u0259kda\u015fl\u0131\u011f\u0131m\u0131z da vacib rol oynay\u0131r. Bu g\u00fcn topraqlar\u0131m\u0131z\u0131n i\u015f\u011faldan azad olunmas\u0131 m\u00fcbariz\u0259sini T\u00fcrkiy\u0259d\u0259 h\u0259rbi m\u0259kt\u0259bl\u0259rd\u0259 t\u0259hsil alm\u0131\u015f y\u00fcks\u0259k t\u0259cr\u00fcb\u0259y\u0259 malik olan pe\u015f\u0259kar zabitl\u0259rimiz h\u0259yata ke\u00e7irir. D\u00f6vl\u0259timizin ba\u015f\u00e7\u0131s\u0131n\u0131n da qeyd etdiyi kimi biz ordu quruculu\u011funda h\u0259r zaman T\u00fcrkiy\u0259 modelin\u0259 \u00fcst\u00fcnl\u00fck veririk.<\/p>\n<p>G\u00f6r\u00fcn\u0259n odur ki, bu g\u00fcn d\u00fcnya ictimaiyy\u0259ti bizim sahib oldu\u011fumuz silahlara, x\u00fcsusil\u0259 d\u0259 T\u00fcrkiy\u0259 M\u00fcdafi\u0259 S\u0259nayesinin m\u0259hsulu olan \u201cBayraktar TB2\u201d pilotsuz d\u00f6y\u00fc\u015f t\u0259yyar\u0259l\u0259rin\u0259 \u00e7ox b\u00f6y\u00fck maraq duyur. D\u00fcn\u0259n Fransan\u0131n \u201cFrance 24\u201d televiziya kanal\u0131na m\u00fcsahib\u0259si zaman\u0131 m\u00fcxbirin c\u0259nab Prezident\u0259 birba\u015fa bununla ba\u011fl\u0131 verdiyi sual bu mara\u011f\u0131n t\u0259zah\u00fcr\u00fcd\u00fcr. \u018flb\u0259tt\u0259 ki, ordumuzun \u201cBaytaktar TB2\u201d pilotsuz d\u00f6y\u00fc\u015f t\u0259yyar\u0259l\u0259rin\u0259 sahib olmas\u0131 bizi \u00e7ox sevindirir. \u00c7\u00fcnki bu m\u00fcharib\u0259d\u0259 h\u0259min PUA-lar say\u0259sind\u0259 m\u00fcz\u0259ff\u0259r ordumuz \u00e7ox q\u0259l\u0259b\u0259l\u0259r\u0259 nail olur, eyni zamanda, itkil\u0259rimizin qar\u015f\u0131s\u0131n\u0131 al\u0131r\u201d.<\/p>\n<p>Deputat eyni zamanda, g\u0259l\u0259c\u0259kd\u0259 i\u015f\u011faldan azad olunmu\u015f \u015f\u0259h\u0259rl\u0259rimizd\u0259 bir k\u00fc\u00e7\u0259nin, bu t\u0259yyar\u0259nin ixtira\u00e7\u0131s\u0131 S\u0259lcuq Bayraktar\u0131n \u015f\u0259r\u0259fin\u0259 adland\u0131r\u0131lmas\u0131n\u0131 da t\u0259klif edib.<\/p>\n","protected":false},"excerpt":{"rendered":"<p>\u201cBu g\u00fcn ard\u0131c\u0131l q\u0259l\u0259b\u0259 sevinci ya\u015fadan \u015fanl\u0131 ordumuzun z\u0259f\u0259rl\u0259ri Az\u0259rbaycan tarixin\u0259 q\u0131z\u0131l h\u0259rfl\u0259rl\u0259 yaz\u0131l\u0131r. Az\u0259rbaycan \u0259sg\u0259rinin d\u00fc\u015fm\u0259ni p\u0259r\u0259n-p\u0259r\u0259n salmas\u0131, i\u015f\u011fal alt\u0131nda olan torpaqlar\u0131m\u0131z\u0131 qar\u0131\u015f-qar\u0131\u015f azad etm\u0259si, h\u0259min \u0259razil\u0259rd\u0259 yenid\u0259n \u00fc\u00e7r\u0259ngli bayra\u011f\u0131m\u0131z\u0131n dal\u011falanmas\u0131 q\u0259l\u0259b\u0259 \u0259zmini daha da art\u0131r\u0131r. Tezlikl\u0259 bayra\u011f\u0131m\u0131z\u0131n b\u00fct\u00fcn Qaraba\u011f s\u0259mas\u0131n\u0131\u00a0 b\u0259z\u0259y\u0259c\u0259yin\u0259 b\u00f6y\u00fck inam yarad\u0131r. Bu haqq sava\u015f\u0131nda Az\u0259rbaycan\u0131n \u0259dal\u0259tli m\u00f6vqeyini beyn\u0259lxalq platformada d\u0259st\u0259kl\u0259y\u0259n \u00f6lk\u0259l\u0259r, x\u00fcsusil\u0259 qarda\u015f T\u00fcrkiy\u0259y\u0259 sonsuz t\u0259\u015f\u0259kk\u00fcr\u00fcm\u00fcz\u00fc bildiririk\u201d. Bu fikirl\u0259ri Milli M\u0259clisin deputat\u0131 Fatma Y\u0131ld\u0131r\u0131m deyib. O bildirib ki, Az\u0259rbaycanla T\u00fcrkiy\u0259 aras\u0131nda m\u00fcnasib\u0259tl\u0259r dostluq v\u0259 qarda\u015fl\u0131q prinsipl\u0259rin\u0259 \u0259saslan\u0131r. Mill\u0259t v\u0259kilinin s\u00f6zl\u0259rin\u0259 g\u00f6r\u0259, haz\u0131rk\u0131 m\u0259suliyy\u0259tli d\u00f6n\u0259md\u0259 T\u00fcrkiy\u0259&hellip;<\/p>\n","protected":false},"author":2,"featured_media":228787,"comment_status":"closed","ping_status":"closed","sticky":false,"template":"","format":"standard","meta":{"om_disable_all_campaigns":false,"_monsterinsights_skip_tracking":false,"_monsterinsights_sitenote_active":false,"_monsterinsights_sitenote_note":"","_monsterinsights_sitenote_category":0},"categories":[19],"tags":[],"aioseo_notices":[],"gutentor_comment":0,"rttpg_featured_image_url":{"full":["https:\/\/arantv.az\/wp-content\/uploads\/2020\/10\/fatma.jpg",620,413,false],"landscape":["https:\/\/arantv.az\/wp-content\/uploads\/2020\/10\/fatma.jpg",620,413,false],"portraits":["https:\/\/arantv.az\/wp-content\/uploads\/2020\/10\/fatma.jpg",620,413,false],"thumbnail":["https:\/\/arantv.az\/wp-content\/uploads\/2020\/10\/fatma-150x150.jpg",150,150,true],"medium":["https:\/\/arantv.az\/wp-content\/uploads\/2020\/10\/fatma-300x200.jpg",300,200,true],"large":["https:\/\/arantv.az\/wp-content\/uploads\/2020\/10\/fatma.jpg",620,413,false],"1536x1536":["https:\/\/arantv.az\/wp-content\/uploads\/2020\/10\/fatma.jpg",620,413,false],"2048x2048":["https:\/\/arantv.az\/wp-content\/uploads\/2020\/10\/fatma.jpg",620,413,false],"post-thumbnail":["https:\/\/arantv.az\/wp-content\/uploads\/2020\/10\/fatma-240x172.jpg",240,172,true],"advps-thumb-one":["https:\/\/arantv.az\/wp-content\/uploads\/2020\/10\/fatma.jpg",620,413,false]},"rttpg_author":{"display_name":"V\u00fcsal Rafiqo\u011flu","author_link":"https:\/\/arantv.az\/?author=2"},"rttpg_comment":0,"rttpg_category":"<a href=\"https:\/\/arantv.az\/?cat=19\" rel=\"category\">G\u00fcnd\u0259m<\/a>","rttpg_excerpt":"\u201cBu g\u00fcn ard\u0131c\u0131l q\u0259l\u0259b\u0259 sevinci ya\u015fadan \u015fanl\u0131 ordumuzun z\u0259f\u0259rl\u0259ri Az\u0259rbaycan tarixin\u0259 q\u0131z\u0131l h\u0259rfl\u0259rl\u0259 yaz\u0131l\u0131r. Az\u0259rbaycan \u0259sg\u0259rinin d\u00fc\u015fm\u0259ni p\u0259r\u0259n-p\u0259r\u0259n salmas\u0131, i\u015f\u011fal alt\u0131nda olan torpaqlar\u0131m\u0131z\u0131 qar\u0131\u015f-qar\u0131\u015f azad etm\u0259si, h\u0259min \u0259razil\u0259rd\u0259 yenid\u0259n \u00fc\u00e7r\u0259ngli bayra\u011f\u0131m\u0131z\u0131n dal\u011falanmas\u0131 q\u0259l\u0259b\u0259 \u0259zmini daha da art\u0131r\u0131r. Tezlikl\u0259 bayra\u011f\u0131m\u0131z\u0131n b\u00fct\u00fcn Qaraba\u011f s\u0259mas\u0131n\u0131\u00a0 b\u0259z\u0259y\u0259c\u0259yin\u0259 b\u00f6y\u00fck inam yarad\u0131r. Bu haqq sava\u015f\u0131nda Az\u0259rbaycan\u0131n \u0259dal\u0259tli m\u00f6vqeyini beyn\u0259lxalq platformada d\u0259st\u0259kl\u0259y\u0259n&hellip;","_links":{"self":[{"href":"https:\/\/arantv.az\/index.php?rest_route=\/wp\/v2\/posts\/228786"}],"collection":[{"href":"https:\/\/arantv.az\/index.php?rest_route=\/wp\/v2\/posts"}],"about":[{"href":"https:\/\/arantv.az\/index.php?rest_route=\/wp\/v2\/types\/post"}],"author":[{"embeddable":true,"href":"https:\/\/arantv.az\/index.php?rest_route=\/wp\/v2\/users\/2"}],"replies":[{"embeddable":true,"href":"https:\/\/arantv.az\/index.php?rest_route=%2Fwp%2Fv2%2Fcomments&post=228786"}],"version-history":[{"count":0,"href":"https:\/\/arantv.az\/index.php?rest_route=\/wp\/v2\/posts\/228786\/revisions"}],"wp:featuredmedia":[{"embeddable":true,"href":"https:\/\/arantv.az\/index.php?rest_route=\/wp\/v2\/media\/228787"}],"wp:attachment":[{"href":"https:\/\/arantv.az\/index.php?rest_route=%2Fwp%2Fv2%2Fmedia&parent=228786"}],"wp:term":[{"taxonomy":"category","embeddable":true,"href":"https:\/\/arantv.az\/index.php?rest_route=%2Fwp%2Fv2%2Fcategories&post=228786"},{"taxonomy":"post_tag","embeddable":true,"href":"https:\/\/arantv.az\/index.php?rest_route=%2Fwp%2Fv2%2Ftags&post=228786"}],"curies":[{"name":"wp","href":"https:\/\/api.w.org\/{rel}","templated":true}]}}