{"id":228804,"date":"2020-10-16T07:00:10","date_gmt":"2020-10-16T04:00:10","guid":{"rendered":"http:\/\/arantv.az\/?p=228804"},"modified":"2020-10-16T07:00:10","modified_gmt":"2020-10-16T04:00:10","slug":"ceyhun-bayramov-v%c9%99-mevlut-cavusoglu-az%c9%99rbaycanli-dinc-insanlarin-novb%c9%99ti-d%c9%99f%c9%99-at%c9%99s%c9%99-tutulmasini-muzakir%c9%99-edib","status":"publish","type":"post","link":"https:\/\/arantv.az\/?p=228804","title":{"rendered":"Ceyhun Bayramov v\u0259 Mevl\u00fct \u00c7avu\u015fo\u011flu az\u0259rbaycanl\u0131 dinc insanlar\u0131n n\u00f6vb\u0259ti d\u0259f\u0259 at\u0259\u015f\u0259 tutulmas\u0131n\u0131 m\u00fczakir\u0259 edib"},"content":{"rendered":"<p>Bu ilin 15 oktyabr tarixind\u0259 Az\u0259rbaycan Respublikas\u0131 Xarici \u0130\u015fl\u0259r naziri Ceyhun Bayramovun T\u00fcrkiy\u0259 Respublikas\u0131n\u0131n Xarici \u0130\u015fl\u0259r naziri Mevl\u00fct \u00c7avu\u015fo\u011flu aras\u0131nda telefon dan\u0131\u015f\u0131\u011f\u0131 ba\u015f tutub.<\/p>\n<p>Bu bar\u0259d\u0259 X\u0130N-d\u0259n a\u00e7\u0131qlama verilib.<\/p>\n<div id=\"AdviadNativeVideo0\" class=\"AdviadNativeVideo\"><\/div>\n<p>Bildirilib ki, nazir Ceyhun Bayramov Erm\u0259nistan t\u0259r\u0259find\u0259n humanitar at\u0259\u015fk\u0259sin kobud \u015f\u0259kild\u0259 pozulmas\u0131 v\u0259 Az\u0259rbaycanl\u0131 dinc insanlar\u0131n v\u0259 m\u00fclki obyektl\u0259rin at\u0259\u015f\u0259 tutulmas\u0131 bar\u0259d\u0259 m\u0259lumat verib. \u0130nsanlar\u0131n d\u0259fn m\u0259rasimind\u0259 at\u0259\u015f\u0259 tutulmas\u0131n\u0131 barbarl\u0131q kimi qiym\u0259tl\u0259ndir\u0259n nazir Ceyhun Bayramov, T\u0259rt\u0259rd\u0259 3 m\u00fclki \u015f\u0259xsin q\u0259tli v\u0259 5 n\u0259f\u0259rin yaralanmas\u0131 il\u0259 n\u0259tic\u0259l\u0259n\u0259n h\u00fccumu Erm\u0259nistan\u0131n n\u00f6vb\u0259ti m\u00fcharib\u0259 cinay\u0259ti oldu\u011funu vur\u011fulay\u0131b.<\/p>\n<p>Nazir Mevl\u00fct \u00c7avu\u015fo\u011flu Erm\u0259nistan silahl\u0131 q\u00fcvv\u0259l\u0259rinin dinc insanlar\u0131 h\u0259d\u0259f\u0259 al\u0131nmas\u0131n\u0131 q\u0259tiyy\u0259tl\u0259 pisl\u0259yib. M\u00fclki insanlar\u0131n h\u0259yat\u0131n\u0131 itirm\u0259si il\u0259 ba\u011fl\u0131 ciddi narahatl\u0131\u011f\u0131n\u0131 ifad\u0259 edib.<\/p>\n<p>Nazirl\u0259r b\u00f6lg\u0259d\u0259 s\u00fclh\u00fcn t\u0259min olunmas\u0131 \u00fc\u00e7\u00fcn BMT T\u015e-nin q\u0259tnam\u0259l\u0259rinin t\u0259l\u0259b etdiyi kimi Erm\u0259nistan\u0131n i\u015f\u011fal\u00e7\u0131 q\u00fcvv\u0259l\u0259rinin Az\u0259rbaycan\u0131n i\u015f\u011fal olunmu\u015f b\u00fct\u00fcn torpaqlar\u0131ndan \u00e7\u0131xmas\u0131n\u0131n vacibliyini vur\u011fulay\u0131blar.<\/p>\n","protected":false},"excerpt":{"rendered":"<p>Bu ilin 15 oktyabr tarixind\u0259 Az\u0259rbaycan Respublikas\u0131 Xarici \u0130\u015fl\u0259r naziri Ceyhun Bayramovun T\u00fcrkiy\u0259 Respublikas\u0131n\u0131n Xarici \u0130\u015fl\u0259r naziri Mevl\u00fct \u00c7avu\u015fo\u011flu aras\u0131nda telefon dan\u0131\u015f\u0131\u011f\u0131 ba\u015f tutub. Bu bar\u0259d\u0259 X\u0130N-d\u0259n a\u00e7\u0131qlama verilib. Bildirilib ki, nazir Ceyhun Bayramov Erm\u0259nistan t\u0259r\u0259find\u0259n humanitar at\u0259\u015fk\u0259sin kobud \u015f\u0259kild\u0259 pozulmas\u0131 v\u0259 Az\u0259rbaycanl\u0131 dinc insanlar\u0131n v\u0259 m\u00fclki obyektl\u0259rin at\u0259\u015f\u0259 tutulmas\u0131 bar\u0259d\u0259 m\u0259lumat verib. \u0130nsanlar\u0131n d\u0259fn m\u0259rasimind\u0259 at\u0259\u015f\u0259 tutulmas\u0131n\u0131 barbarl\u0131q kimi qiym\u0259tl\u0259ndir\u0259n nazir Ceyhun Bayramov, T\u0259rt\u0259rd\u0259 3 m\u00fclki \u015f\u0259xsin q\u0259tli v\u0259 5 n\u0259f\u0259rin yaralanmas\u0131 il\u0259 n\u0259tic\u0259l\u0259n\u0259n h\u00fccumu Erm\u0259nistan\u0131n n\u00f6vb\u0259ti m\u00fcharib\u0259 cinay\u0259ti oldu\u011funu vur\u011fulay\u0131b. Nazir Mevl\u00fct \u00c7avu\u015fo\u011flu Erm\u0259nistan silahl\u0131 q\u00fcvv\u0259l\u0259rinin dinc insanlar\u0131&hellip;<\/p>\n","protected":false},"author":2,"featured_media":228805,"comment_status":"closed","ping_status":"closed","sticky":false,"template":"","format":"standard","meta":{"om_disable_all_campaigns":false,"_monsterinsights_skip_tracking":false,"_monsterinsights_sitenote_active":false,"_monsterinsights_sitenote_note":"","_monsterinsights_sitenote_category":0},"categories":[4],"tags":[],"aioseo_notices":[],"gutentor_comment":0,"rttpg_featured_image_url":{"full":["https:\/\/arantv.az\/wp-content\/uploads\/2020\/10\/1602789603img__0.jpg",555,465,false],"landscape":["https:\/\/arantv.az\/wp-content\/uploads\/2020\/10\/1602789603img__0.jpg",555,465,false],"portraits":["https:\/\/arantv.az\/wp-content\/uploads\/2020\/10\/1602789603img__0.jpg",555,465,false],"thumbnail":["https:\/\/arantv.az\/wp-content\/uploads\/2020\/10\/1602789603img__0-150x150.jpg",150,150,true],"medium":["https:\/\/arantv.az\/wp-content\/uploads\/2020\/10\/1602789603img__0-300x251.jpg",300,251,true],"large":["https:\/\/arantv.az\/wp-content\/uploads\/2020\/10\/1602789603img__0.jpg",555,465,false],"1536x1536":["https:\/\/arantv.az\/wp-content\/uploads\/2020\/10\/1602789603img__0.jpg",555,465,false],"2048x2048":["https:\/\/arantv.az\/wp-content\/uploads\/2020\/10\/1602789603img__0.jpg",555,465,false],"post-thumbnail":["https:\/\/arantv.az\/wp-content\/uploads\/2020\/10\/1602789603img__0-240x172.jpg",240,172,true],"advps-thumb-one":["https:\/\/arantv.az\/wp-content\/uploads\/2020\/10\/1602789603img__0.jpg",555,465,false]},"rttpg_author":{"display_name":"V\u00fcsal Rafiqo\u011flu","author_link":"https:\/\/arantv.az\/?author=2"},"rttpg_comment":0,"rttpg_category":"<a href=\"https:\/\/arantv.az\/?cat=4\" rel=\"category\">Siyas\u0259t<\/a>","rttpg_excerpt":"Bu ilin 15 oktyabr tarixind\u0259 Az\u0259rbaycan Respublikas\u0131 Xarici \u0130\u015fl\u0259r naziri Ceyhun Bayramovun T\u00fcrkiy\u0259 Respublikas\u0131n\u0131n Xarici \u0130\u015fl\u0259r naziri Mevl\u00fct \u00c7avu\u015fo\u011flu aras\u0131nda telefon dan\u0131\u015f\u0131\u011f\u0131 ba\u015f tutub. Bu bar\u0259d\u0259 X\u0130N-d\u0259n a\u00e7\u0131qlama verilib. Bildirilib ki, nazir Ceyhun Bayramov Erm\u0259nistan t\u0259r\u0259find\u0259n humanitar at\u0259\u015fk\u0259sin kobud \u015f\u0259kild\u0259 pozulmas\u0131 v\u0259 Az\u0259rbaycanl\u0131 dinc insanlar\u0131n v\u0259 m\u00fclki obyektl\u0259rin at\u0259\u015f\u0259 tutulmas\u0131 bar\u0259d\u0259 m\u0259lumat verib. \u0130nsanlar\u0131n d\u0259fn&hellip;","_links":{"self":[{"href":"https:\/\/arantv.az\/index.php?rest_route=\/wp\/v2\/posts\/228804"}],"collection":[{"href":"https:\/\/arantv.az\/index.php?rest_route=\/wp\/v2\/posts"}],"about":[{"href":"https:\/\/arantv.az\/index.php?rest_route=\/wp\/v2\/types\/post"}],"author":[{"embeddable":true,"href":"https:\/\/arantv.az\/index.php?rest_route=\/wp\/v2\/users\/2"}],"replies":[{"embeddable":true,"href":"https:\/\/arantv.az\/index.php?rest_route=%2Fwp%2Fv2%2Fcomments&post=228804"}],"version-history":[{"count":0,"href":"https:\/\/arantv.az\/index.php?rest_route=\/wp\/v2\/posts\/228804\/revisions"}],"wp:featuredmedia":[{"embeddable":true,"href":"https:\/\/arantv.az\/index.php?rest_route=\/wp\/v2\/media\/228805"}],"wp:attachment":[{"href":"https:\/\/arantv.az\/index.php?rest_route=%2Fwp%2Fv2%2Fmedia&parent=228804"}],"wp:term":[{"taxonomy":"category","embeddable":true,"href":"https:\/\/arantv.az\/index.php?rest_route=%2Fwp%2Fv2%2Fcategories&post=228804"},{"taxonomy":"post_tag","embeddable":true,"href":"https:\/\/arantv.az\/index.php?rest_route=%2Fwp%2Fv2%2Ftags&post=228804"}],"curies":[{"name":"wp","href":"https:\/\/api.w.org\/{rel}","templated":true}]}}