{"id":228808,"date":"2020-10-16T07:01:47","date_gmt":"2020-10-16T04:01:47","guid":{"rendered":"http:\/\/arantv.az\/?p=228808"},"modified":"2020-10-16T07:01:47","modified_gmt":"2020-10-16T04:01:47","slug":"merkel-karantin-rejiminin-yenid%c9%99n-t%c9%99tbiqinin-almaniya-iqtisadiyyatinin-tab-g%c9%99tirm%c9%99y%c9%99c%c9%99yini-b%c9%99yan-edib","status":"publish","type":"post","link":"https:\/\/arantv.az\/?p=228808","title":{"rendered":"Merkel karantin rejiminin yenid\u0259n t\u0259tbiqinin Almaniya iqtisadiyyat\u0131n\u0131n tab g\u0259tirm\u0259y\u0259c\u0259yini b\u0259yan edib"},"content":{"rendered":"<p>\u201cAlmaniya koronavirusun birinci dal\u011fas\u0131 zaman\u0131 oldu\u011fu kimi, iqtisadi bax\u0131mdan karantin rejiminin yenid\u0259n t\u0259tbiqin\u0259 imkan ver\u0259 bilm\u0259z, pandemiyaya n\u0259zar\u0259ti \u0259l\u0259 ke\u00e7irm\u0259k \u00fc\u00e7\u00fcn t\u0259cili t\u0259dbirl\u0259r g\u00f6r\u00fclm\u0259lidir\u201d.<\/p>\n<p>TASS x\u0259b\u0259r verir ki, bunu \u00e7\u0259r\u015f\u0259nb\u0259 g\u00fcn\u00fc federal \u0259yal\u0259tl\u0259rin ba\u015f nazirl\u0259ri il\u0259 g\u00f6r\u00fc\u015fd\u0259n sonra Berlind\u0259 t\u0259\u015fkil edil\u0259n m\u0259tbuat konfrans\u0131nda\u00a0Almaniyan\u0131n kansleri Angela Merkel b\u0259yan edib.<\/p>\n<div id=\"AdviadNativeVideo0\" class=\"AdviadNativeVideo\"><\/div>\n<p>\u201cT\u0259kc\u0259 bu il 250 milyard avrodan art\u0131q borcu olan yeni h\u00f6kum\u0259t b\u00fcdc\u0259sini q\u0259bul etdik. Buna g\u00f6r\u0259 iqtisadi sah\u0259 d\u0259 daxil olmaqla, yaz f\u0259slind\u0259 ya\u015fad\u0131\u011f\u0131m\u0131z virusun indi ikinci dal\u011fas\u0131n\u0131 bu c\u00fcr n\u0259tic\u0259l\u0259rl\u0259 qar\u015f\u0131laya bilm\u0259rik\u201d, &#8211; Merkel deyib. Onun s\u00f6zl\u0259rin\u0259 g\u00f6r\u0259, s\u00f6hb\u0259t yaln\u0131z s\u0259hiyy\u0259 sistemind\u0259n getmir.<\/p>\n<p>Kansler \u00f6lk\u0259nin pandemiya il\u0259 m\u00fcbariz\u0259d\u0259 kritik m\u0259rh\u0259l\u0259d\u0259 oldu\u011funu\u00a0v\u0259 \u00f6n\u00fcm\u00fczd\u0259ki h\u0259ft\u0259l\u0259rd\u0259 insanlar\u0131n nec\u0259 davranaca\u011f\u0131ndan as\u0131l\u0131 olaraq v\u0259ziyy\u0259tin d\u0259yi\u015f\u0259 bil\u0259c\u0259yini vur\u011fulay\u0131b. Merkel virusa yeni yoluxma hallar\u0131n\u0131n say\u0131ndak\u0131 art\u0131mdan narahat oldu\u011funu s\u00f6yl\u0259yib.<\/p>\n<p>Almaniya Federativ Respublikas\u0131 h\u00f6kum\u0259tinin ba\u015f\u00e7\u0131s\u0131 iclas\u0131n n\u0259tic\u0259l\u0259rinin tamamil\u0259 q\u0259na\u0259tb\u0259x\u015f olmad\u0131\u011f\u0131n\u0131 etiraf edib.<\/p>\n","protected":false},"excerpt":{"rendered":"<p>\u201cAlmaniya koronavirusun birinci dal\u011fas\u0131 zaman\u0131 oldu\u011fu kimi, iqtisadi bax\u0131mdan karantin rejiminin yenid\u0259n t\u0259tbiqin\u0259 imkan ver\u0259 bilm\u0259z, pandemiyaya n\u0259zar\u0259ti \u0259l\u0259 ke\u00e7irm\u0259k \u00fc\u00e7\u00fcn t\u0259cili t\u0259dbirl\u0259r g\u00f6r\u00fclm\u0259lidir\u201d. TASS x\u0259b\u0259r verir ki, bunu \u00e7\u0259r\u015f\u0259nb\u0259 g\u00fcn\u00fc federal \u0259yal\u0259tl\u0259rin ba\u015f nazirl\u0259ri il\u0259 g\u00f6r\u00fc\u015fd\u0259n sonra Berlind\u0259 t\u0259\u015fkil edil\u0259n m\u0259tbuat konfrans\u0131nda\u00a0Almaniyan\u0131n kansleri Angela Merkel b\u0259yan edib. \u201cT\u0259kc\u0259 bu il 250 milyard avrodan art\u0131q borcu olan yeni h\u00f6kum\u0259t b\u00fcdc\u0259sini q\u0259bul etdik. Buna g\u00f6r\u0259 iqtisadi sah\u0259 d\u0259 daxil olmaqla, yaz f\u0259slind\u0259 ya\u015fad\u0131\u011f\u0131m\u0131z virusun indi ikinci dal\u011fas\u0131n\u0131 bu c\u00fcr n\u0259tic\u0259l\u0259rl\u0259 qar\u015f\u0131laya bilm\u0259rik\u201d, &#8211; Merkel deyib. Onun s\u00f6zl\u0259rin\u0259 g\u00f6r\u0259, s\u00f6hb\u0259t yaln\u0131z s\u0259hiyy\u0259&hellip;<\/p>\n","protected":false},"author":2,"featured_media":228809,"comment_status":"closed","ping_status":"closed","sticky":false,"template":"","format":"standard","meta":{"om_disable_all_campaigns":false,"_monsterinsights_skip_tracking":false,"_monsterinsights_sitenote_active":false,"_monsterinsights_sitenote_note":"","_monsterinsights_sitenote_category":0},"categories":[7],"tags":[],"aioseo_notices":[],"gutentor_comment":0,"rttpg_featured_image_url":{"full":["https:\/\/arantv.az\/wp-content\/uploads\/2020\/10\/merkel.jpg",620,349,false],"landscape":["https:\/\/arantv.az\/wp-content\/uploads\/2020\/10\/merkel.jpg",620,349,false],"portraits":["https:\/\/arantv.az\/wp-content\/uploads\/2020\/10\/merkel.jpg",620,349,false],"thumbnail":["https:\/\/arantv.az\/wp-content\/uploads\/2020\/10\/merkel-150x150.jpg",150,150,true],"medium":["https:\/\/arantv.az\/wp-content\/uploads\/2020\/10\/merkel-300x169.jpg",300,169,true],"large":["https:\/\/arantv.az\/wp-content\/uploads\/2020\/10\/merkel.jpg",620,349,false],"1536x1536":["https:\/\/arantv.az\/wp-content\/uploads\/2020\/10\/merkel.jpg",620,349,false],"2048x2048":["https:\/\/arantv.az\/wp-content\/uploads\/2020\/10\/merkel.jpg",620,349,false],"post-thumbnail":["https:\/\/arantv.az\/wp-content\/uploads\/2020\/10\/merkel-240x172.jpg",240,172,true],"advps-thumb-one":["https:\/\/arantv.az\/wp-content\/uploads\/2020\/10\/merkel.jpg",620,349,false]},"rttpg_author":{"display_name":"V\u00fcsal Rafiqo\u011flu","author_link":"https:\/\/arantv.az\/?author=2"},"rttpg_comment":0,"rttpg_category":"<a href=\"https:\/\/arantv.az\/?cat=7\" rel=\"category\">D\u00fcnya<\/a>","rttpg_excerpt":"\u201cAlmaniya koronavirusun birinci dal\u011fas\u0131 zaman\u0131 oldu\u011fu kimi, iqtisadi bax\u0131mdan karantin rejiminin yenid\u0259n t\u0259tbiqin\u0259 imkan ver\u0259 bilm\u0259z, pandemiyaya n\u0259zar\u0259ti \u0259l\u0259 ke\u00e7irm\u0259k \u00fc\u00e7\u00fcn t\u0259cili t\u0259dbirl\u0259r g\u00f6r\u00fclm\u0259lidir\u201d. TASS x\u0259b\u0259r verir ki, bunu \u00e7\u0259r\u015f\u0259nb\u0259 g\u00fcn\u00fc federal \u0259yal\u0259tl\u0259rin ba\u015f nazirl\u0259ri il\u0259 g\u00f6r\u00fc\u015fd\u0259n sonra Berlind\u0259 t\u0259\u015fkil edil\u0259n m\u0259tbuat konfrans\u0131nda\u00a0Almaniyan\u0131n kansleri Angela Merkel b\u0259yan edib. \u201cT\u0259kc\u0259 bu il 250 milyard avrodan art\u0131q&hellip;","_links":{"self":[{"href":"https:\/\/arantv.az\/index.php?rest_route=\/wp\/v2\/posts\/228808"}],"collection":[{"href":"https:\/\/arantv.az\/index.php?rest_route=\/wp\/v2\/posts"}],"about":[{"href":"https:\/\/arantv.az\/index.php?rest_route=\/wp\/v2\/types\/post"}],"author":[{"embeddable":true,"href":"https:\/\/arantv.az\/index.php?rest_route=\/wp\/v2\/users\/2"}],"replies":[{"embeddable":true,"href":"https:\/\/arantv.az\/index.php?rest_route=%2Fwp%2Fv2%2Fcomments&post=228808"}],"version-history":[{"count":0,"href":"https:\/\/arantv.az\/index.php?rest_route=\/wp\/v2\/posts\/228808\/revisions"}],"wp:featuredmedia":[{"embeddable":true,"href":"https:\/\/arantv.az\/index.php?rest_route=\/wp\/v2\/media\/228809"}],"wp:attachment":[{"href":"https:\/\/arantv.az\/index.php?rest_route=%2Fwp%2Fv2%2Fmedia&parent=228808"}],"wp:term":[{"taxonomy":"category","embeddable":true,"href":"https:\/\/arantv.az\/index.php?rest_route=%2Fwp%2Fv2%2Fcategories&post=228808"},{"taxonomy":"post_tag","embeddable":true,"href":"https:\/\/arantv.az\/index.php?rest_route=%2Fwp%2Fv2%2Ftags&post=228808"}],"curies":[{"name":"wp","href":"https:\/\/api.w.org\/{rel}","templated":true}]}}