{"id":228816,"date":"2020-10-16T07:03:30","date_gmt":"2020-10-16T04:03:30","guid":{"rendered":"http:\/\/arantv.az\/?p=228816"},"modified":"2020-10-16T07:03:30","modified_gmt":"2020-10-16T04:03:30","slug":"avropa-komissiyasinin-prezidenti-iclasi-covid-19-subh%c9%99sin%c9%99-gor%c9%99-t%c9%99rk-etdi","status":"publish","type":"post","link":"https:\/\/arantv.az\/?p=228816","title":{"rendered":"Avropa Komissiyas\u0131n\u0131n prezidenti iclas\u0131 COVID-19 \u015f\u00fcbh\u0259sin\u0259 g\u00f6r\u0259 t\u0259rk etdi"},"content":{"rendered":"<p>Avropa Komissiyas\u0131n\u0131n Prezidenti Ursula fon der Lyayen Avropa \u0130ttifaq\u0131na \u00fczv 27 \u00f6lk\u0259 liderinin topland\u0131\u011f\u0131 binan\u0131 koronavirus \u015f\u00fcbh\u0259si s\u0259b\u0259bil\u0259 t\u0259rk edib.<\/p>\n<div id=\"AdviadNativeVideo0\" class=\"AdviadNativeVideo\"><\/div>\n<p>Bu bar\u0259d\u0259 Avropa Komissiyas\u0131n\u0131n lideri \u201cTwitter\u201d hesab\u0131nda yaz\u0131b.<\/p>\n<p>\u201cM\u0259n\u0259 indic\u0259 dedil\u0259r ki, bu g\u00fcn s\u0259h\u0259r m\u0259nim ofisimin \u0259m\u0259kda\u015flar\u0131ndan birinin COVID-19 testinin n\u0259tic\u0259si m\u00fcsb\u0259t \u00e7\u0131x\u0131b. M\u0259nim testimin n\u0259tic\u0259si m\u0259nfi olub. Ancaq ehtiyat t\u0259dbiri olaraq m\u0259n \u00f6z\u00fcn\u00fct\u0259crid\u0259 yollanmaq \u00fc\u00e7\u00fcn d\u0259rhal \u015furan\u0131 t\u0259rk edir\u0259m\u201d, &#8211; dey\u0259 o bildirib.<\/p>\n","protected":false},"excerpt":{"rendered":"<p>Avropa Komissiyas\u0131n\u0131n Prezidenti Ursula fon der Lyayen Avropa \u0130ttifaq\u0131na \u00fczv 27 \u00f6lk\u0259 liderinin topland\u0131\u011f\u0131 binan\u0131 koronavirus \u015f\u00fcbh\u0259si s\u0259b\u0259bil\u0259 t\u0259rk edib. Bu bar\u0259d\u0259 Avropa Komissiyas\u0131n\u0131n lideri \u201cTwitter\u201d hesab\u0131nda yaz\u0131b. \u201cM\u0259n\u0259 indic\u0259 dedil\u0259r ki, bu g\u00fcn s\u0259h\u0259r m\u0259nim ofisimin \u0259m\u0259kda\u015flar\u0131ndan birinin COVID-19 testinin n\u0259tic\u0259si m\u00fcsb\u0259t \u00e7\u0131x\u0131b. M\u0259nim testimin n\u0259tic\u0259si m\u0259nfi olub. Ancaq ehtiyat t\u0259dbiri olaraq m\u0259n \u00f6z\u00fcn\u00fct\u0259crid\u0259 yollanmaq \u00fc\u00e7\u00fcn d\u0259rhal \u015furan\u0131 t\u0259rk edir\u0259m\u201d, &#8211; dey\u0259 o bildirib.<\/p>\n","protected":false},"author":2,"featured_media":228818,"comment_status":"closed","ping_status":"closed","sticky":false,"template":"","format":"standard","meta":{"om_disable_all_campaigns":false,"_monsterinsights_skip_tracking":false,"_monsterinsights_sitenote_active":false,"_monsterinsights_sitenote_note":"","_monsterinsights_sitenote_category":0},"categories":[5],"tags":[],"aioseo_notices":[],"gutentor_comment":0,"rttpg_featured_image_url":{"full":["https:\/\/arantv.az\/wp-content\/uploads\/2020\/10\/ASzdxfcgv.jpg",620,349,false],"landscape":["https:\/\/arantv.az\/wp-content\/uploads\/2020\/10\/ASzdxfcgv.jpg",620,349,false],"portraits":["https:\/\/arantv.az\/wp-content\/uploads\/2020\/10\/ASzdxfcgv.jpg",620,349,false],"thumbnail":["https:\/\/arantv.az\/wp-content\/uploads\/2020\/10\/ASzdxfcgv-150x150.jpg",150,150,true],"medium":["https:\/\/arantv.az\/wp-content\/uploads\/2020\/10\/ASzdxfcgv-300x169.jpg",300,169,true],"large":["https:\/\/arantv.az\/wp-content\/uploads\/2020\/10\/ASzdxfcgv.jpg",620,349,false],"1536x1536":["https:\/\/arantv.az\/wp-content\/uploads\/2020\/10\/ASzdxfcgv.jpg",620,349,false],"2048x2048":["https:\/\/arantv.az\/wp-content\/uploads\/2020\/10\/ASzdxfcgv.jpg",620,349,false],"post-thumbnail":["https:\/\/arantv.az\/wp-content\/uploads\/2020\/10\/ASzdxfcgv-240x172.jpg",240,172,true],"advps-thumb-one":["https:\/\/arantv.az\/wp-content\/uploads\/2020\/10\/ASzdxfcgv.jpg",620,349,false]},"rttpg_author":{"display_name":"V\u00fcsal Rafiqo\u011flu","author_link":"https:\/\/arantv.az\/?author=2"},"rttpg_comment":0,"rttpg_category":"<a href=\"https:\/\/arantv.az\/?cat=5\" rel=\"category\">Hadis\u0259<\/a>","rttpg_excerpt":"Avropa Komissiyas\u0131n\u0131n Prezidenti Ursula fon der Lyayen Avropa \u0130ttifaq\u0131na \u00fczv 27 \u00f6lk\u0259 liderinin topland\u0131\u011f\u0131 binan\u0131 koronavirus \u015f\u00fcbh\u0259si s\u0259b\u0259bil\u0259 t\u0259rk edib. Bu bar\u0259d\u0259 Avropa Komissiyas\u0131n\u0131n lideri \u201cTwitter\u201d hesab\u0131nda yaz\u0131b. \u201cM\u0259n\u0259 indic\u0259 dedil\u0259r ki, bu g\u00fcn s\u0259h\u0259r m\u0259nim ofisimin \u0259m\u0259kda\u015flar\u0131ndan birinin COVID-19 testinin n\u0259tic\u0259si m\u00fcsb\u0259t \u00e7\u0131x\u0131b. M\u0259nim testimin n\u0259tic\u0259si m\u0259nfi olub. Ancaq ehtiyat t\u0259dbiri olaraq m\u0259n \u00f6z\u00fcn\u00fct\u0259crid\u0259&hellip;","_links":{"self":[{"href":"https:\/\/arantv.az\/index.php?rest_route=\/wp\/v2\/posts\/228816"}],"collection":[{"href":"https:\/\/arantv.az\/index.php?rest_route=\/wp\/v2\/posts"}],"about":[{"href":"https:\/\/arantv.az\/index.php?rest_route=\/wp\/v2\/types\/post"}],"author":[{"embeddable":true,"href":"https:\/\/arantv.az\/index.php?rest_route=\/wp\/v2\/users\/2"}],"replies":[{"embeddable":true,"href":"https:\/\/arantv.az\/index.php?rest_route=%2Fwp%2Fv2%2Fcomments&post=228816"}],"version-history":[{"count":0,"href":"https:\/\/arantv.az\/index.php?rest_route=\/wp\/v2\/posts\/228816\/revisions"}],"wp:featuredmedia":[{"embeddable":true,"href":"https:\/\/arantv.az\/index.php?rest_route=\/wp\/v2\/media\/228818"}],"wp:attachment":[{"href":"https:\/\/arantv.az\/index.php?rest_route=%2Fwp%2Fv2%2Fmedia&parent=228816"}],"wp:term":[{"taxonomy":"category","embeddable":true,"href":"https:\/\/arantv.az\/index.php?rest_route=%2Fwp%2Fv2%2Fcategories&post=228816"},{"taxonomy":"post_tag","embeddable":true,"href":"https:\/\/arantv.az\/index.php?rest_route=%2Fwp%2Fv2%2Ftags&post=228816"}],"curies":[{"name":"wp","href":"https:\/\/api.w.org\/{rel}","templated":true}]}}