{"id":228825,"date":"2020-10-16T07:07:50","date_gmt":"2020-10-16T04:07:50","guid":{"rendered":"http:\/\/arantv.az\/?p=228825"},"modified":"2020-10-16T07:07:50","modified_gmt":"2020-10-16T04:07:50","slug":"g%c9%99nc%c9%99-sakini-bicaq-x%c9%99sar%c9%99tl%c9%99ri-il%c9%99-x%c9%99st%c9%99xanaya-yerl%c9%99sdirilib","status":"publish","type":"post","link":"https:\/\/arantv.az\/?p=228825","title":{"rendered":"G\u0259nc\u0259 sakini b\u0131\u00e7aq x\u0259sar\u0259tl\u0259ri il\u0259 x\u0259st\u0259xanaya yerl\u0259\u015fdirilib"},"content":{"rendered":"<p>G\u0259nc\u0259d\u0259 b\u0131\u00e7aqlanma hadis\u0259si ba\u015f verib.<\/p>\n<p>APA-n\u0131n yerli b\u00fcrosunun m\u0259lumat\u0131na g\u00f6r\u0259, hadis\u0259 \u015f\u0259h\u0259rin Nat\u0259van q\u0259s\u0259b\u0259sind\u0259 qeyd\u0259 al\u0131n\u0131b.<\/p>\n<p>40 ya\u015fl\u0131 Qurbanov V\u00fcqar \u0130slam o\u011flu h\u0259r iki budunun k\u0259silmi\u015f-de\u015filmi\u015f b\u0131\u00e7aq x\u0259sar\u0259tl\u0259ri il\u0259 x\u0259st\u0259xanaya yerl\u0259\u015fdirilib. X\u0259st\u0259 d\u0259rhal \u0259m\u0259liyyat olunub, v\u0259ziyy\u0259tinin orta a\u011f\u0131r oldu\u011fu bildirilir.<\/p>\n<p>Hadis\u0259 il\u0259 ba\u011fl\u0131 polis\u0259 m\u0259lumat verilib. V.Qurbanovun hans\u0131 \u015f\u0259raitd\u0259 b\u0131\u00e7aq x\u0259sar\u0259ti almas\u0131 m\u0259lum deyil.<\/p>\n<p>Faktla ba\u011fl\u0131 ara\u015fd\u0131rma apar\u0131l\u0131r.<\/p>\n","protected":false},"excerpt":{"rendered":"<p>G\u0259nc\u0259d\u0259 b\u0131\u00e7aqlanma hadis\u0259si ba\u015f verib. APA-n\u0131n yerli b\u00fcrosunun m\u0259lumat\u0131na g\u00f6r\u0259, hadis\u0259 \u015f\u0259h\u0259rin Nat\u0259van q\u0259s\u0259b\u0259sind\u0259 qeyd\u0259 al\u0131n\u0131b. 40 ya\u015fl\u0131 Qurbanov V\u00fcqar \u0130slam o\u011flu h\u0259r iki budunun k\u0259silmi\u015f-de\u015filmi\u015f b\u0131\u00e7aq x\u0259sar\u0259tl\u0259ri il\u0259 x\u0259st\u0259xanaya yerl\u0259\u015fdirilib. X\u0259st\u0259 d\u0259rhal \u0259m\u0259liyyat olunub, v\u0259ziyy\u0259tinin orta a\u011f\u0131r oldu\u011fu bildirilir. Hadis\u0259 il\u0259 ba\u011fl\u0131 polis\u0259 m\u0259lumat verilib. V.Qurbanovun hans\u0131 \u015f\u0259raitd\u0259 b\u0131\u00e7aq x\u0259sar\u0259ti almas\u0131 m\u0259lum deyil. Faktla ba\u011fl\u0131 ara\u015fd\u0131rma apar\u0131l\u0131r.<\/p>\n","protected":false},"author":2,"featured_media":228826,"comment_status":"closed","ping_status":"closed","sticky":false,"template":"","format":"standard","meta":{"om_disable_all_campaigns":false,"_monsterinsights_skip_tracking":false,"_monsterinsights_sitenote_active":false,"_monsterinsights_sitenote_note":"","_monsterinsights_sitenote_category":0},"categories":[3],"tags":[],"aioseo_notices":[],"gutentor_comment":0,"rttpg_featured_image_url":{"full":["https:\/\/arantv.az\/wp-content\/uploads\/2020\/10\/ed601885784bfc3d4a9d6376a4280f14.jpg",450,300,false],"landscape":["https:\/\/arantv.az\/wp-content\/uploads\/2020\/10\/ed601885784bfc3d4a9d6376a4280f14.jpg",450,300,false],"portraits":["https:\/\/arantv.az\/wp-content\/uploads\/2020\/10\/ed601885784bfc3d4a9d6376a4280f14.jpg",450,300,false],"thumbnail":["https:\/\/arantv.az\/wp-content\/uploads\/2020\/10\/ed601885784bfc3d4a9d6376a4280f14-150x150.jpg",150,150,true],"medium":["https:\/\/arantv.az\/wp-content\/uploads\/2020\/10\/ed601885784bfc3d4a9d6376a4280f14-300x200.jpg",300,200,true],"large":["https:\/\/arantv.az\/wp-content\/uploads\/2020\/10\/ed601885784bfc3d4a9d6376a4280f14.jpg",450,300,false],"1536x1536":["https:\/\/arantv.az\/wp-content\/uploads\/2020\/10\/ed601885784bfc3d4a9d6376a4280f14.jpg",450,300,false],"2048x2048":["https:\/\/arantv.az\/wp-content\/uploads\/2020\/10\/ed601885784bfc3d4a9d6376a4280f14.jpg",450,300,false],"post-thumbnail":["https:\/\/arantv.az\/wp-content\/uploads\/2020\/10\/ed601885784bfc3d4a9d6376a4280f14-240x172.jpg",240,172,true],"advps-thumb-one":["https:\/\/arantv.az\/wp-content\/uploads\/2020\/10\/ed601885784bfc3d4a9d6376a4280f14.jpg",450,300,false]},"rttpg_author":{"display_name":"V\u00fcsal Rafiqo\u011flu","author_link":"https:\/\/arantv.az\/?author=2"},"rttpg_comment":0,"rttpg_category":"<a href=\"https:\/\/arantv.az\/?cat=3\" rel=\"category\">Kriminal<\/a>","rttpg_excerpt":"G\u0259nc\u0259d\u0259 b\u0131\u00e7aqlanma hadis\u0259si ba\u015f verib. APA-n\u0131n yerli b\u00fcrosunun m\u0259lumat\u0131na g\u00f6r\u0259, hadis\u0259 \u015f\u0259h\u0259rin Nat\u0259van q\u0259s\u0259b\u0259sind\u0259 qeyd\u0259 al\u0131n\u0131b. 40 ya\u015fl\u0131 Qurbanov V\u00fcqar \u0130slam o\u011flu h\u0259r iki budunun k\u0259silmi\u015f-de\u015filmi\u015f b\u0131\u00e7aq x\u0259sar\u0259tl\u0259ri il\u0259 x\u0259st\u0259xanaya yerl\u0259\u015fdirilib. X\u0259st\u0259 d\u0259rhal \u0259m\u0259liyyat olunub, v\u0259ziyy\u0259tinin orta a\u011f\u0131r oldu\u011fu bildirilir. Hadis\u0259 il\u0259 ba\u011fl\u0131 polis\u0259 m\u0259lumat verilib. V.Qurbanovun hans\u0131 \u015f\u0259raitd\u0259 b\u0131\u00e7aq x\u0259sar\u0259ti almas\u0131 m\u0259lum deyil. Faktla&hellip;","_links":{"self":[{"href":"https:\/\/arantv.az\/index.php?rest_route=\/wp\/v2\/posts\/228825"}],"collection":[{"href":"https:\/\/arantv.az\/index.php?rest_route=\/wp\/v2\/posts"}],"about":[{"href":"https:\/\/arantv.az\/index.php?rest_route=\/wp\/v2\/types\/post"}],"author":[{"embeddable":true,"href":"https:\/\/arantv.az\/index.php?rest_route=\/wp\/v2\/users\/2"}],"replies":[{"embeddable":true,"href":"https:\/\/arantv.az\/index.php?rest_route=%2Fwp%2Fv2%2Fcomments&post=228825"}],"version-history":[{"count":0,"href":"https:\/\/arantv.az\/index.php?rest_route=\/wp\/v2\/posts\/228825\/revisions"}],"wp:featuredmedia":[{"embeddable":true,"href":"https:\/\/arantv.az\/index.php?rest_route=\/wp\/v2\/media\/228826"}],"wp:attachment":[{"href":"https:\/\/arantv.az\/index.php?rest_route=%2Fwp%2Fv2%2Fmedia&parent=228825"}],"wp:term":[{"taxonomy":"category","embeddable":true,"href":"https:\/\/arantv.az\/index.php?rest_route=%2Fwp%2Fv2%2Fcategories&post=228825"},{"taxonomy":"post_tag","embeddable":true,"href":"https:\/\/arantv.az\/index.php?rest_route=%2Fwp%2Fv2%2Ftags&post=228825"}],"curies":[{"name":"wp","href":"https:\/\/api.w.org\/{rel}","templated":true}]}}