{"id":228829,"date":"2020-10-16T07:09:49","date_gmt":"2020-10-16T04:09:49","guid":{"rendered":"http:\/\/arantv.az\/?p=228829"},"modified":"2020-10-16T07:09:49","modified_gmt":"2020-10-16T04:09:49","slug":"abseronda-komendant-saati-qaydalarini-pozanlar-saxlanilib-foto","status":"publish","type":"post","link":"https:\/\/arantv.az\/?p=228829","title":{"rendered":"Ab\u015feronda komendant saat\u0131 qaydalar\u0131n\u0131 pozanlar saxlan\u0131l\u0131b &#8211; FOTO"},"content":{"rendered":"<div class=\"news-content\">\n<div>\n<p>Sentyabr\u0131n 28-d\u0259 saat 21:00-dan sonra Bak\u0131da komendant saat\u0131 t\u0259tbiq edilib. Buna uy\u011fun olaraq, paytaxt \u0259razisi il\u0259 yana\u015f\u0131 Ab\u015feron rayonu \u0259razisind\u0259 polis \u0259m\u0259kda\u015flar\u0131 Daxili Qo\u015funlar\u0131n h\u0259rbi qulluq\u00e7ular\u0131 il\u0259 birg\u0259 postlarda xidm\u0259t\u0259 t\u0259hkim edilibl\u0259r.<\/p>\n<p>APA x\u0259b\u0259r verir ki, saat 06-00-a q\u0259d\u0259r xidm\u0259t aparan \u0259m\u0259kda\u015flar avtomobil v\u0259 piyadalara n\u0259zar\u0259t edir.<\/p>\n<p>Avtomobill\u0259r saxlan\u0131laraq s\u00fcr\u00fcc\u00fc v\u0259 s\u0259rni\u015finl\u0259rin s\u0259n\u0259di yoxlan\u0131l\u0131r. Bundan ba\u015fqa, avtomobilin y\u00fck yerin\u0259 d\u0259 bax\u0131\u015f ke\u00e7irilir. Qurulan postda m\u00fcvafiq icaz\u0259si olmayan s\u00fcr\u00fcc\u00fc v\u0259 s\u0259rni\u015finl\u0259r a\u015fkar edilib. H\u0259min h\u0259r\u0259k\u0259t i\u015ftirak\u00e7\u0131lar\u0131 Ab\u015feron Rayon Polis \u0130dar\u0259sinin \u0259m\u0259kda\u015flar\u0131 t\u0259r\u0259find\u0259n saxlan\u0131l\u0131b.<\/p>\n<p>Qeyd ed\u0259k ki, Ab\u015feron rayonu \u0259razisind\u0259 bir ne\u00e7\u0259 stasionar post qurulub.<\/p>\n<p>Haz\u0131rda Bak\u0131, G\u0259nc\u0259, Sumqay\u0131t, Yevlax, Ming\u0259\u00e7evir, Naftalan \u015f\u0259h\u0259rl\u0259rind\u0259, Ab\u015feron, C\u0259bray\u0131l, F\u00fczuli, A\u011fcab\u0259di, Beyl\u0259qan, A\u011fdam, B\u0259rd\u0259, T\u0259rt\u0259r, Goranboy, G\u00f6yg\u00f6l, Da\u015fk\u0259s\u0259n, G\u0259d\u0259b\u0259y, Tovuz, \u015e\u0259mkir, Qazax v\u0259 A\u011fstafa rayonlar\u0131nda h\u0259rbi v\u0259ziyy\u0259t d\u00f6vr\u00fcnd\u0259 saat 21:00-dan saat 06:00-d\u0259k komendant saat\u0131 t\u0259tbiq edilib. Bu \u0259razil\u0259rd\u0259 \u015f\u0259xsl\u0259rin x\u00fcsusi icaz\u0259 v\u0259 \u015f\u0259xsiyy\u0259tini t\u0259sdiq ed\u0259n s\u0259n\u0259dl\u0259ri olmadan k\u00fc\u00e7\u0259l\u0259rd\u0259 v\u0259 dig\u0259r ictimai yerl\u0259rd\u0259 olmalar\u0131 qada\u011fan edilib, x\u00fcsusi giri\u015f-\u00e7\u0131x\u0131\u015f rejimi t\u0259tbiq olunub, n\u0259qliyyat vasit\u0259l\u0259rinin h\u0259r\u0259k\u0259tinin m\u0259hdudla\u015fd\u0131r\u0131lmas\u0131 \u00fc\u00e7\u00fcn t\u0259dbirl\u0259r g\u00f6r\u00fcl\u00fcb.<\/p>\n<p><img src=\"https:\/\/a.radikal.ru\/a07\/2010\/81\/aa5d83e3deca.jpg\" \/>\u00a0<img src=\"https:\/\/c.radikal.ru\/c20\/2010\/7b\/ed7a16d7acd1.jpg\" \/>\u00a0<img src=\"https:\/\/a.radikal.ru\/a36\/2010\/bf\/05fa835fac70.jpg\" \/>\u00a0<img src=\"https:\/\/c.radikal.ru\/c08\/2010\/9c\/70d643b97f1c.jpg\" \/>\u00a0<img src=\"https:\/\/c.radikal.ru\/c34\/2010\/92\/747659262e82.jpg\" \/>\u00a0<img src=\"https:\/\/a.radikal.ru\/a12\/2010\/40\/bf905f274f96.jpg\" \/><\/p>\n<\/div>\n<\/div>\n<div class=\"subs-in-social subs-facebook\">\n<div class=\"subs-message\"><\/div>\n<\/div>\n","protected":false},"excerpt":{"rendered":"<p>Sentyabr\u0131n 28-d\u0259 saat 21:00-dan sonra Bak\u0131da komendant saat\u0131 t\u0259tbiq edilib. Buna uy\u011fun olaraq, paytaxt \u0259razisi il\u0259 yana\u015f\u0131 Ab\u015feron rayonu \u0259razisind\u0259 polis \u0259m\u0259kda\u015flar\u0131 Daxili Qo\u015funlar\u0131n h\u0259rbi qulluq\u00e7ular\u0131 il\u0259 birg\u0259 postlarda xidm\u0259t\u0259 t\u0259hkim edilibl\u0259r. APA x\u0259b\u0259r verir ki, saat 06-00-a q\u0259d\u0259r xidm\u0259t aparan \u0259m\u0259kda\u015flar avtomobil v\u0259 piyadalara n\u0259zar\u0259t edir. Avtomobill\u0259r saxlan\u0131laraq s\u00fcr\u00fcc\u00fc v\u0259 s\u0259rni\u015finl\u0259rin s\u0259n\u0259di yoxlan\u0131l\u0131r. Bundan ba\u015fqa, avtomobilin y\u00fck yerin\u0259 d\u0259 bax\u0131\u015f ke\u00e7irilir. Qurulan postda m\u00fcvafiq icaz\u0259si olmayan s\u00fcr\u00fcc\u00fc v\u0259 s\u0259rni\u015finl\u0259r a\u015fkar edilib. H\u0259min h\u0259r\u0259k\u0259t i\u015ftirak\u00e7\u0131lar\u0131 Ab\u015feron Rayon Polis \u0130dar\u0259sinin \u0259m\u0259kda\u015flar\u0131 t\u0259r\u0259find\u0259n saxlan\u0131l\u0131b. Qeyd ed\u0259k ki, Ab\u015feron rayonu \u0259razisind\u0259 bir ne\u00e7\u0259&hellip;<\/p>\n","protected":false},"author":2,"featured_media":228830,"comment_status":"closed","ping_status":"closed","sticky":false,"template":"","format":"standard","meta":{"om_disable_all_campaigns":false,"_monsterinsights_skip_tracking":false,"_monsterinsights_sitenote_active":false,"_monsterinsights_sitenote_note":"","_monsterinsights_sitenote_category":0},"categories":[26],"tags":[],"aioseo_notices":[],"gutentor_comment":0,"rttpg_featured_image_url":{"full":["https:\/\/arantv.az\/wp-content\/uploads\/2020\/10\/b16d8441104f36bf8a9429f82143ea8a.jpg",450,300,false],"landscape":["https:\/\/arantv.az\/wp-content\/uploads\/2020\/10\/b16d8441104f36bf8a9429f82143ea8a.jpg",450,300,false],"portraits":["https:\/\/arantv.az\/wp-content\/uploads\/2020\/10\/b16d8441104f36bf8a9429f82143ea8a.jpg",450,300,false],"thumbnail":["https:\/\/arantv.az\/wp-content\/uploads\/2020\/10\/b16d8441104f36bf8a9429f82143ea8a-150x150.jpg",150,150,true],"medium":["https:\/\/arantv.az\/wp-content\/uploads\/2020\/10\/b16d8441104f36bf8a9429f82143ea8a-300x200.jpg",300,200,true],"large":["https:\/\/arantv.az\/wp-content\/uploads\/2020\/10\/b16d8441104f36bf8a9429f82143ea8a.jpg",450,300,false],"1536x1536":["https:\/\/arantv.az\/wp-content\/uploads\/2020\/10\/b16d8441104f36bf8a9429f82143ea8a.jpg",450,300,false],"2048x2048":["https:\/\/arantv.az\/wp-content\/uploads\/2020\/10\/b16d8441104f36bf8a9429f82143ea8a.jpg",450,300,false],"post-thumbnail":["https:\/\/arantv.az\/wp-content\/uploads\/2020\/10\/b16d8441104f36bf8a9429f82143ea8a-240x172.jpg",240,172,true],"advps-thumb-one":["https:\/\/arantv.az\/wp-content\/uploads\/2020\/10\/b16d8441104f36bf8a9429f82143ea8a.jpg",450,300,false]},"rttpg_author":{"display_name":"V\u00fcsal Rafiqo\u011flu","author_link":"https:\/\/arantv.az\/?author=2"},"rttpg_comment":0,"rttpg_category":"<a href=\"https:\/\/arantv.az\/?cat=26\" rel=\"category\">Sosial<\/a>","rttpg_excerpt":"Sentyabr\u0131n 28-d\u0259 saat 21:00-dan sonra Bak\u0131da komendant saat\u0131 t\u0259tbiq edilib. Buna uy\u011fun olaraq, paytaxt \u0259razisi il\u0259 yana\u015f\u0131 Ab\u015feron rayonu \u0259razisind\u0259 polis \u0259m\u0259kda\u015flar\u0131 Daxili Qo\u015funlar\u0131n h\u0259rbi qulluq\u00e7ular\u0131 il\u0259 birg\u0259 postlarda xidm\u0259t\u0259 t\u0259hkim edilibl\u0259r. APA x\u0259b\u0259r verir ki, saat 06-00-a q\u0259d\u0259r xidm\u0259t aparan \u0259m\u0259kda\u015flar avtomobil v\u0259 piyadalara n\u0259zar\u0259t edir. Avtomobill\u0259r saxlan\u0131laraq s\u00fcr\u00fcc\u00fc v\u0259 s\u0259rni\u015finl\u0259rin s\u0259n\u0259di yoxlan\u0131l\u0131r. Bundan&hellip;","_links":{"self":[{"href":"https:\/\/arantv.az\/index.php?rest_route=\/wp\/v2\/posts\/228829"}],"collection":[{"href":"https:\/\/arantv.az\/index.php?rest_route=\/wp\/v2\/posts"}],"about":[{"href":"https:\/\/arantv.az\/index.php?rest_route=\/wp\/v2\/types\/post"}],"author":[{"embeddable":true,"href":"https:\/\/arantv.az\/index.php?rest_route=\/wp\/v2\/users\/2"}],"replies":[{"embeddable":true,"href":"https:\/\/arantv.az\/index.php?rest_route=%2Fwp%2Fv2%2Fcomments&post=228829"}],"version-history":[{"count":0,"href":"https:\/\/arantv.az\/index.php?rest_route=\/wp\/v2\/posts\/228829\/revisions"}],"wp:featuredmedia":[{"embeddable":true,"href":"https:\/\/arantv.az\/index.php?rest_route=\/wp\/v2\/media\/228830"}],"wp:attachment":[{"href":"https:\/\/arantv.az\/index.php?rest_route=%2Fwp%2Fv2%2Fmedia&parent=228829"}],"wp:term":[{"taxonomy":"category","embeddable":true,"href":"https:\/\/arantv.az\/index.php?rest_route=%2Fwp%2Fv2%2Fcategories&post=228829"},{"taxonomy":"post_tag","embeddable":true,"href":"https:\/\/arantv.az\/index.php?rest_route=%2Fwp%2Fv2%2Ftags&post=228829"}],"curies":[{"name":"wp","href":"https:\/\/api.w.org\/{rel}","templated":true}]}}