{"id":228878,"date":"2020-10-16T07:46:18","date_gmt":"2020-10-16T04:46:18","guid":{"rendered":"http:\/\/arantv.az\/?p=228878"},"modified":"2020-10-16T07:46:18","modified_gmt":"2020-10-16T04:46:18","slug":"ukrayna-m%c9%99tbuati-az%c9%99rbaycan-prezidenti-ilham-%c9%99liyevin-isgaldan-azad-edil%c9%99n-k%c9%99ndl%c9%99rimizl%c9%99-bagli-novb%c9%99ti-aciqlamasina-genis-yer-ayirib","status":"publish","type":"post","link":"https:\/\/arantv.az\/?p=228878","title":{"rendered":"Ukrayna m\u0259tbuat\u0131 Az\u0259rbaycan Prezidenti \u0130lham \u018fliyevin i\u015f\u011faldan azad edil\u0259n k\u0259ndl\u0259rimizl\u0259 ba\u011fl\u0131 n\u00f6vb\u0259ti a\u00e7\u0131qlamas\u0131na geni\u015f yer ay\u0131r\u0131b"},"content":{"rendered":"<p>Ukraynan\u0131n n\u00fcfuzlu K\u0130V-l\u0259ri Az\u0259rbaycan Prezidenti, Silahl\u0131 Q\u00fcvv\u0259l\u0259rin Ali Ba\u015f Komandan\u0131 \u0130lham \u018fliyevin b\u0259zi k\u0259ndl\u0259rimizin i\u015f\u011faldan azad edilm\u0259si il\u0259 ba\u011fl\u0131 n\u00f6vb\u0259ti a\u00e7\u0131qlamas\u0131na dair m\u0259qal\u0259l\u0259r d\u0259rc edib.<\/p>\n<p>ARANTV.AZ\u00a0x\u0259b\u0259r verir ki, Ukrinform, \u201cRBK-Ukrayna\u201d informasiya agentliyind\u0259, \u201cSeqodnya\u201d, \u201cKorrespondent\u201d portallar\u0131nda d\u0259rc edil\u0259n m\u0259qal\u0259l\u0259rd\u0259 Az\u0259rbaycan Respublikas\u0131n\u0131n Prezidenti \u0130lham \u018fliyevin r\u0259smi \u201cTwitter\u201d s\u0259hif\u0259sin\u0259 istinadla yaz\u0131l\u0131b: \u201c R\u0259\u015fad\u0259tli Az\u0259rbaycan Ordusu t\u0259r\u0259find\u0259n F\u00fczuli rayonunun Ar\u0131\u015f, C\u0259bray\u0131l rayonunun Do\u015fulu, Xocav\u0259nd rayonunun Edi\u015f\u0259, D\u00fcd\u00fck\u00e7\u00fc, Edilli, \u00c7iraquz k\u0259ndl\u0259ri i\u015f\u011faldan azad edilib\u201d.<\/p>\n<p><img loading=\"lazy\" class=\"alignnone size-medium wp-image-228882\" src=\"https:\/\/arantv.az\/wp-content\/uploads\/2020\/10\/1602801865131548290_1000x669-189x300.jpg\" alt=\"\" width=\"189\" height=\"300\" \/><img loading=\"lazy\" class=\"alignnone size-medium wp-image-228881\" src=\"https:\/\/arantv.az\/wp-content\/uploads\/2020\/10\/16028018655622848963_1000x669-191x300.jpg\" alt=\"\" width=\"191\" height=\"300\" \/><img loading=\"lazy\" class=\"alignnone size-medium wp-image-228880\" src=\"https:\/\/arantv.az\/wp-content\/uploads\/2020\/10\/16028018656328526734_1000x669-194x300.jpg\" alt=\"\" width=\"194\" height=\"300\" \/><img loading=\"lazy\" class=\"alignnone size-medium wp-image-228879\" src=\"https:\/\/arantv.az\/wp-content\/uploads\/2020\/10\/16028018653115737511_1000x669-191x300.jpg\" alt=\"\" width=\"191\" height=\"300\" \/><\/p>\n<p>&nbsp;<\/p>\n<p><a class=\"azertac-link\" href=\"https:\/\/azertag.az\/\" target=\"_blank\" rel=\"noopener\">AZ\u018fRTAC<\/a><\/p>\n","protected":false},"excerpt":{"rendered":"<p>Ukraynan\u0131n n\u00fcfuzlu K\u0130V-l\u0259ri Az\u0259rbaycan Prezidenti, Silahl\u0131 Q\u00fcvv\u0259l\u0259rin Ali Ba\u015f Komandan\u0131 \u0130lham \u018fliyevin b\u0259zi k\u0259ndl\u0259rimizin i\u015f\u011faldan azad edilm\u0259si il\u0259 ba\u011fl\u0131 n\u00f6vb\u0259ti a\u00e7\u0131qlamas\u0131na dair m\u0259qal\u0259l\u0259r d\u0259rc edib. ARANTV.AZ\u00a0x\u0259b\u0259r verir ki, Ukrinform, \u201cRBK-Ukrayna\u201d informasiya agentliyind\u0259, \u201cSeqodnya\u201d, \u201cKorrespondent\u201d portallar\u0131nda d\u0259rc edil\u0259n m\u0259qal\u0259l\u0259rd\u0259 Az\u0259rbaycan Respublikas\u0131n\u0131n Prezidenti \u0130lham \u018fliyevin r\u0259smi \u201cTwitter\u201d s\u0259hif\u0259sin\u0259 istinadla yaz\u0131l\u0131b: \u201c R\u0259\u015fad\u0259tli Az\u0259rbaycan Ordusu t\u0259r\u0259find\u0259n F\u00fczuli rayonunun Ar\u0131\u015f, C\u0259bray\u0131l rayonunun Do\u015fulu, Xocav\u0259nd rayonunun Edi\u015f\u0259, D\u00fcd\u00fck\u00e7\u00fc, Edilli, \u00c7iraquz k\u0259ndl\u0259ri i\u015f\u011faldan azad edilib\u201d. &nbsp; AZ\u018fRTAC<\/p>\n","protected":false},"author":2,"featured_media":228879,"comment_status":"closed","ping_status":"closed","sticky":false,"template":"","format":"standard","meta":{"om_disable_all_campaigns":false,"_monsterinsights_skip_tracking":false,"_monsterinsights_sitenote_active":false,"_monsterinsights_sitenote_note":"","_monsterinsights_sitenote_category":0},"categories":[19],"tags":[],"aioseo_notices":[],"gutentor_comment":0,"rttpg_featured_image_url":{"full":["https:\/\/arantv.az\/wp-content\/uploads\/2020\/10\/16028018653115737511_1000x669.jpg",425,669,false],"landscape":["https:\/\/arantv.az\/wp-content\/uploads\/2020\/10\/16028018653115737511_1000x669.jpg",425,669,false],"portraits":["https:\/\/arantv.az\/wp-content\/uploads\/2020\/10\/16028018653115737511_1000x669.jpg",425,669,false],"thumbnail":["https:\/\/arantv.az\/wp-content\/uploads\/2020\/10\/16028018653115737511_1000x669-150x150.jpg",150,150,true],"medium":["https:\/\/arantv.az\/wp-content\/uploads\/2020\/10\/16028018653115737511_1000x669-191x300.jpg",191,300,true],"large":["https:\/\/arantv.az\/wp-content\/uploads\/2020\/10\/16028018653115737511_1000x669.jpg",425,669,false],"1536x1536":["https:\/\/arantv.az\/wp-content\/uploads\/2020\/10\/16028018653115737511_1000x669.jpg",425,669,false],"2048x2048":["https:\/\/arantv.az\/wp-content\/uploads\/2020\/10\/16028018653115737511_1000x669.jpg",425,669,false],"post-thumbnail":["https:\/\/arantv.az\/wp-content\/uploads\/2020\/10\/16028018653115737511_1000x669-240x172.jpg",240,172,true],"advps-thumb-one":["https:\/\/arantv.az\/wp-content\/uploads\/2020\/10\/16028018653115737511_1000x669-425x620.jpg",425,620,true]},"rttpg_author":{"display_name":"V\u00fcsal Rafiqo\u011flu","author_link":"https:\/\/arantv.az\/?author=2"},"rttpg_comment":0,"rttpg_category":"<a href=\"https:\/\/arantv.az\/?cat=19\" rel=\"category\">G\u00fcnd\u0259m<\/a>","rttpg_excerpt":"Ukraynan\u0131n n\u00fcfuzlu K\u0130V-l\u0259ri Az\u0259rbaycan Prezidenti, Silahl\u0131 Q\u00fcvv\u0259l\u0259rin Ali Ba\u015f Komandan\u0131 \u0130lham \u018fliyevin b\u0259zi k\u0259ndl\u0259rimizin i\u015f\u011faldan azad edilm\u0259si il\u0259 ba\u011fl\u0131 n\u00f6vb\u0259ti a\u00e7\u0131qlamas\u0131na dair m\u0259qal\u0259l\u0259r d\u0259rc edib. ARANTV.AZ\u00a0x\u0259b\u0259r verir ki, Ukrinform, \u201cRBK-Ukrayna\u201d informasiya agentliyind\u0259, \u201cSeqodnya\u201d, \u201cKorrespondent\u201d portallar\u0131nda d\u0259rc edil\u0259n m\u0259qal\u0259l\u0259rd\u0259 Az\u0259rbaycan Respublikas\u0131n\u0131n Prezidenti \u0130lham \u018fliyevin r\u0259smi \u201cTwitter\u201d s\u0259hif\u0259sin\u0259 istinadla yaz\u0131l\u0131b: \u201c R\u0259\u015fad\u0259tli Az\u0259rbaycan Ordusu t\u0259r\u0259find\u0259n F\u00fczuli rayonunun&hellip;","_links":{"self":[{"href":"https:\/\/arantv.az\/index.php?rest_route=\/wp\/v2\/posts\/228878"}],"collection":[{"href":"https:\/\/arantv.az\/index.php?rest_route=\/wp\/v2\/posts"}],"about":[{"href":"https:\/\/arantv.az\/index.php?rest_route=\/wp\/v2\/types\/post"}],"author":[{"embeddable":true,"href":"https:\/\/arantv.az\/index.php?rest_route=\/wp\/v2\/users\/2"}],"replies":[{"embeddable":true,"href":"https:\/\/arantv.az\/index.php?rest_route=%2Fwp%2Fv2%2Fcomments&post=228878"}],"version-history":[{"count":0,"href":"https:\/\/arantv.az\/index.php?rest_route=\/wp\/v2\/posts\/228878\/revisions"}],"wp:featuredmedia":[{"embeddable":true,"href":"https:\/\/arantv.az\/index.php?rest_route=\/wp\/v2\/media\/228879"}],"wp:attachment":[{"href":"https:\/\/arantv.az\/index.php?rest_route=%2Fwp%2Fv2%2Fmedia&parent=228878"}],"wp:term":[{"taxonomy":"category","embeddable":true,"href":"https:\/\/arantv.az\/index.php?rest_route=%2Fwp%2Fv2%2Fcategories&post=228878"},{"taxonomy":"post_tag","embeddable":true,"href":"https:\/\/arantv.az\/index.php?rest_route=%2Fwp%2Fv2%2Ftags&post=228878"}],"curies":[{"name":"wp","href":"https:\/\/api.w.org\/{rel}","templated":true}]}}