{"id":22890,"date":"2018-11-05T09:09:10","date_gmt":"2018-11-05T06:09:10","guid":{"rendered":"http:\/\/arantv.az\/?p=22890"},"modified":"2018-11-05T09:09:10","modified_gmt":"2018-11-05T06:09:10","slug":"bu-gund%c9%99n-milli-m%c9%99clisd%c9%99-budc%c9%99-muzakir%c9%99l%c9%99ri-baslayir","status":"publish","type":"post","link":"https:\/\/arantv.az\/?p=22890","title":{"rendered":"Bu g\u00fcnd\u0259n Milli M\u0259clisd\u0259 b\u00fcdc\u0259 m\u00fczakir\u0259l\u0259ri ba\u015flay\u0131r"},"content":{"rendered":"<p><b>Bu g\u00fcnd\u0259n &#8211; noyabr\u0131n 5-d\u0259 Milli M\u0259clisd\u0259 2019-cu ilin d\u00f6vl\u0259t b\u00fcdc\u0259 z\u0259rfi m\u00fczakir\u0259y\u0259 \u00e7\u0131xar\u0131lacaq.<\/p>\n<p>ARANTV.AZ-\u0131n m\u0259lumat\u0131na g\u00f6r\u0259, &#8220;2019-cu il d\u00f6vl\u0259t b\u00fcdc\u0259si haqq\u0131nda\u201d, &#8221; 2019-cu il \u00fc\u00e7\u00fcn ya\u015fay\u0131\u015f minimumu haqq\u0131nda\u201d, &#8220;2019-cu il \u00fc\u00e7\u00fcn ehtiyac meyar\u0131n\u0131n h\u0259ddi haqq\u0131nda\u201d, &#8220;D\u00f6vl\u0259t Sosial M\u00fcdafi\u0259 Fondunun 2019-cu il b\u00fcdc\u0259si haqq\u0131nda\u201d qanun layih\u0259l\u0259ri, Milli M\u0259clisin v\u0259 Hesablama Palatas\u0131n\u0131n n\u00f6vb\u0259ti il \u00fc\u00e7\u00fcn x\u0259rcl\u0259r smetalar\u0131 bu g\u00fcn bir ne\u00e7\u0259 komit\u0259nin birg\u0259 iclas\u0131nda m\u00fczakir\u0259 edil\u0259c\u0259k, m\u00fczakir\u0259l\u0259r m\u0259rh\u0259l\u0259li \u015f\u0259kild\u0259 apar\u0131lacaq.<\/p>\n<p>B\u00fcdc\u0259 z\u0259rfi komit\u0259l\u0259rd\u0259 m\u00fczakir\u0259 edildikd\u0259n sonra layih\u0259nin parlamentin plenar iclas\u0131na t\u00f6vsiy\u0259 olunaca\u011f\u0131 g\u00f6zl\u0259nilir.<\/p>\n<p>Daha sonra is\u0259 s\u0259n\u0259dl\u0259 ba\u011fl\u0131 noyabr\u0131n 13-14-15-23-30-da parlamentin plenar iclaslar\u0131n\u0131n ke\u00e7irilm\u0259si v\u0259 b\u00fcdc\u0259 z\u0259rfinin 3 oxunu\u015fda q\u0259bul edilm\u0259si n\u0259z\u0259rd\u0259 tutulur.<\/p>\n<p>Xat\u0131rladaq ki, Az\u0259rbaycan\u0131n 2019-cu il d\u00f6vl\u0259t b\u00fcdc\u0259sinin g\u0259lirl\u0259ri 22 917,5 milyon manat, x\u0259rcl\u0259ri 24 780,1 milyon manat proqnozla\u015fd\u0131r\u0131l\u0131r.<\/p>\n<p>\u00dcnvanl\u0131 d\u00f6vl\u0259t sosial yard\u0131m\u0131n\u0131n t\u0259yin edilm\u0259si m\u0259qs\u0259dil\u0259 g\u0259l\u0259n il \u00fc\u00e7\u00fcn ehtiyac meyar\u0131n\u0131n h\u0259ddi 143 manat m\u0259bl\u0259\u011find\u0259 m\u00fc\u0259yy\u0259n edilib.<\/p>\n<p>Bununla yana\u015f\u0131, 2019-cu il \u00fc\u00e7\u00fcn ya\u015fay\u0131\u015f minimumunun \u00f6lk\u0259 \u00fczr\u0259 180 manat, \u0259m\u0259k qabiliyy\u0259tli \u0259hali \u00fc\u00e7\u00fcn 191 manat, pensiya\u00e7\u0131lar \u00fc\u00e7\u00fcn 149 manat, u\u015faqlar \u00fc\u00e7\u00fcn 160 manat m\u00fc\u0259yy\u0259nl\u0259\u015fib.<\/p>\n<p>\u0130\u015fsizlikd\u0259n s\u0131\u011forta fondunun 2019-cu il b\u00fcdc\u0259sinin g\u0259lirl\u0259ri v\u0259 x\u0259rcl\u0259ri 83 milyon 451 min 400 manat m\u0259bl\u0259\u011find\u0259 proqnozla\u015fd\u0131r\u0131l\u0131b.<\/p>\n<p>&#8220;Sosial t\u0259minat v\u0259 m\u00fcdafi\u0259ni h\u0259yata ke\u00e7ir\u0259n m\u00fcvafiq icra hakimiyy\u0259ti orqan\u0131n\u0131n 2019-cu il b\u00fcdc\u0259si haqq\u0131nda&#8221; qanun layih\u0259sind\u0259 DSMF-nin g\u0259l\u0259n il \u00fc\u00e7\u00fcn g\u0259lir v\u0259 x\u0259rcl\u0259ri 3 928 104 000 manat s\u0259viyy\u0259sind\u0259 n\u0259z\u0259rd\u0259 tutulub.<\/p>\n<p>Qanun layih\u0259sin\u0259 \u0259sas\u0259n, 2019-cu ild\u0259 DSMF-nin m\u0259cburi d\u00f6vl\u0259t sosial s\u0131\u011forta haqlar\u0131 \u00fczr\u0259 daxilolmalar\u0131 2 419 371 590 manat, b\u00fcdc\u0259d\u0259n maliyy\u0259l\u0259\u015f\u0259n t\u0259\u015fkilatlar \u00fczr\u0259 811 687 000 manat, b\u00fcdc\u0259d\u0259n maliyy\u0259l\u0259\u015f\u0259n t\u0259\u015fkilatlarda i\u015fl\u0259y\u0259nl\u0259r \u00fczr\u0259 110 684 590, qeyri-b\u00fcdc\u0259 sektoru \u00fczr\u0259 1 497 000 000 manat, o c\u00fcml\u0259d\u0259n sahibkarl\u0131q f\u0259aliyy\u0259ti il\u0259 m\u0259\u015f\u011ful olan fiziki \u015f\u0259xsl\u0259r \u00fczr\u0259 65 000 000, sair g\u0259lirl\u0259r 6 000 000 manat n\u0259z\u0259rd\u0259 tutulub.<\/b>\u00a0modern.az<\/p>\n","protected":false},"excerpt":{"rendered":"<p>Bu g\u00fcnd\u0259n &#8211; noyabr\u0131n 5-d\u0259 Milli M\u0259clisd\u0259 2019-cu ilin d\u00f6vl\u0259t b\u00fcdc\u0259 z\u0259rfi m\u00fczakir\u0259y\u0259 \u00e7\u0131xar\u0131lacaq. ARANTV.AZ-\u0131n m\u0259lumat\u0131na g\u00f6r\u0259, &#8220;2019-cu il d\u00f6vl\u0259t b\u00fcdc\u0259si haqq\u0131nda\u201d, &#8221; 2019-cu il \u00fc\u00e7\u00fcn ya\u015fay\u0131\u015f minimumu haqq\u0131nda\u201d, &#8220;2019-cu il \u00fc\u00e7\u00fcn ehtiyac meyar\u0131n\u0131n h\u0259ddi haqq\u0131nda\u201d, &#8220;D\u00f6vl\u0259t Sosial M\u00fcdafi\u0259 Fondunun 2019-cu il b\u00fcdc\u0259si haqq\u0131nda\u201d qanun layih\u0259l\u0259ri, Milli M\u0259clisin v\u0259 Hesablama Palatas\u0131n\u0131n n\u00f6vb\u0259ti il \u00fc\u00e7\u00fcn x\u0259rcl\u0259r smetalar\u0131 bu g\u00fcn bir ne\u00e7\u0259 komit\u0259nin birg\u0259 iclas\u0131nda m\u00fczakir\u0259 edil\u0259c\u0259k, m\u00fczakir\u0259l\u0259r m\u0259rh\u0259l\u0259li \u015f\u0259kild\u0259 apar\u0131lacaq. B\u00fcdc\u0259 z\u0259rfi komit\u0259l\u0259rd\u0259 m\u00fczakir\u0259 edildikd\u0259n sonra layih\u0259nin parlamentin plenar iclas\u0131na t\u00f6vsiy\u0259 olunaca\u011f\u0131 g\u00f6zl\u0259nilir. Daha sonra is\u0259 s\u0259n\u0259dl\u0259 ba\u011fl\u0131 noyabr\u0131n 13-14-15-23-30-da parlamentin&hellip;<\/p>\n","protected":false},"author":2,"featured_media":22891,"comment_status":"closed","ping_status":"closed","sticky":false,"template":"","format":"standard","meta":{"om_disable_all_campaigns":false,"_monsterinsights_skip_tracking":false,"_monsterinsights_sitenote_active":false,"_monsterinsights_sitenote_note":"","_monsterinsights_sitenote_category":0},"categories":[19],"tags":[],"aioseo_notices":[],"gutentor_comment":0,"rttpg_featured_image_url":{"full":["https:\/\/arantv.az\/wp-content\/uploads\/2018\/11\/1541396173_0001.jpg",450,337,false],"landscape":["https:\/\/arantv.az\/wp-content\/uploads\/2018\/11\/1541396173_0001.jpg",450,337,false],"portraits":["https:\/\/arantv.az\/wp-content\/uploads\/2018\/11\/1541396173_0001.jpg",450,337,false],"thumbnail":["https:\/\/arantv.az\/wp-content\/uploads\/2018\/11\/1541396173_0001-150x150.jpg",150,150,true],"medium":["https:\/\/arantv.az\/wp-content\/uploads\/2018\/11\/1541396173_0001-300x225.jpg",300,225,true],"large":["https:\/\/arantv.az\/wp-content\/uploads\/2018\/11\/1541396173_0001.jpg",450,337,false],"1536x1536":["https:\/\/arantv.az\/wp-content\/uploads\/2018\/11\/1541396173_0001.jpg",450,337,false],"2048x2048":["https:\/\/arantv.az\/wp-content\/uploads\/2018\/11\/1541396173_0001.jpg",450,337,false],"post-thumbnail":["https:\/\/arantv.az\/wp-content\/uploads\/2018\/11\/1541396173_0001-240x172.jpg",240,172,true],"advps-thumb-one":["https:\/\/arantv.az\/wp-content\/uploads\/2018\/11\/1541396173_0001.jpg",450,337,false]},"rttpg_author":{"display_name":"V\u00fcsal Rafiqo\u011flu","author_link":"https:\/\/arantv.az\/?author=2"},"rttpg_comment":0,"rttpg_category":"<a href=\"https:\/\/arantv.az\/?cat=19\" rel=\"category\">G\u00fcnd\u0259m<\/a>","rttpg_excerpt":"Bu g\u00fcnd\u0259n &#8211; noyabr\u0131n 5-d\u0259 Milli M\u0259clisd\u0259 2019-cu ilin d\u00f6vl\u0259t b\u00fcdc\u0259 z\u0259rfi m\u00fczakir\u0259y\u0259 \u00e7\u0131xar\u0131lacaq. ARANTV.AZ-\u0131n m\u0259lumat\u0131na g\u00f6r\u0259, &#8220;2019-cu il d\u00f6vl\u0259t b\u00fcdc\u0259si haqq\u0131nda\u201d, &#8221; 2019-cu il \u00fc\u00e7\u00fcn ya\u015fay\u0131\u015f minimumu haqq\u0131nda\u201d, &#8220;2019-cu il \u00fc\u00e7\u00fcn ehtiyac meyar\u0131n\u0131n h\u0259ddi haqq\u0131nda\u201d, &#8220;D\u00f6vl\u0259t Sosial M\u00fcdafi\u0259 Fondunun 2019-cu il b\u00fcdc\u0259si haqq\u0131nda\u201d qanun layih\u0259l\u0259ri, Milli M\u0259clisin v\u0259 Hesablama Palatas\u0131n\u0131n n\u00f6vb\u0259ti il \u00fc\u00e7\u00fcn x\u0259rcl\u0259r&hellip;","_links":{"self":[{"href":"https:\/\/arantv.az\/index.php?rest_route=\/wp\/v2\/posts\/22890"}],"collection":[{"href":"https:\/\/arantv.az\/index.php?rest_route=\/wp\/v2\/posts"}],"about":[{"href":"https:\/\/arantv.az\/index.php?rest_route=\/wp\/v2\/types\/post"}],"author":[{"embeddable":true,"href":"https:\/\/arantv.az\/index.php?rest_route=\/wp\/v2\/users\/2"}],"replies":[{"embeddable":true,"href":"https:\/\/arantv.az\/index.php?rest_route=%2Fwp%2Fv2%2Fcomments&post=22890"}],"version-history":[{"count":0,"href":"https:\/\/arantv.az\/index.php?rest_route=\/wp\/v2\/posts\/22890\/revisions"}],"wp:featuredmedia":[{"embeddable":true,"href":"https:\/\/arantv.az\/index.php?rest_route=\/wp\/v2\/media\/22891"}],"wp:attachment":[{"href":"https:\/\/arantv.az\/index.php?rest_route=%2Fwp%2Fv2%2Fmedia&parent=22890"}],"wp:term":[{"taxonomy":"category","embeddable":true,"href":"https:\/\/arantv.az\/index.php?rest_route=%2Fwp%2Fv2%2Fcategories&post=22890"},{"taxonomy":"post_tag","embeddable":true,"href":"https:\/\/arantv.az\/index.php?rest_route=%2Fwp%2Fv2%2Ftags&post=22890"}],"curies":[{"name":"wp","href":"https:\/\/api.w.org\/{rel}","templated":true}]}}