{"id":22893,"date":"2018-11-05T09:11:36","date_gmt":"2018-11-05T06:11:36","guid":{"rendered":"http:\/\/arantv.az\/?p=22893"},"modified":"2018-11-05T09:11:36","modified_gmt":"2018-11-05T06:11:36","slug":"prezident-ilham-%c9%99liyev-f%c9%99l%c9%99stinin-xarici-isl%c9%99r-nazirini-q%c9%99bul-edib","status":"publish","type":"post","link":"https:\/\/arantv.az\/?p=22893","title":{"rendered":"Prezident \u0130lham \u018fliyev F\u0259l\u0259stinin xarici i\u015fl\u0259r nazirini q\u0259bul edib"},"content":{"rendered":"<p><strong>ARANTV.AZ\u00a0<\/strong> x\u0259b\u0259r verir ki, Az\u0259rbaycan Respublikas\u0131n\u0131n Prezidenti \u0130lham \u018fliyev noyabr\u0131n 4-d\u0259 F\u0259l\u0259stin D\u00f6vl\u0259tinin xarici i\u015fl\u0259r naziri Riad \u018fl-Malikini q\u0259bul edib.<\/p>\n<p>D\u00f6vl\u0259timizin ba\u015f\u00e7\u0131s\u0131 Az\u0259rbaycan\u0131n F\u0259l\u0259stin m\u0259s\u0259l\u0259sin\u0259 m\u00fcnasib\u0259td\u0259 daim h\u0259mr\u0259ylik n\u00fcmayi\u015f etdirdiyini v\u0259 d\u0259st\u0259yini \u0259sirg\u0259m\u0259diyini qeyd ed\u0259r\u0259k, noyabr\u0131n 5-d\u0259 Bak\u0131da ke\u00e7iril\u0259c\u0259k F\u0259l\u0259stin D\u00f6vl\u0259tinin Asiya \u00f6lk\u0259l\u0259rind\u0259ki s\u0259firl\u0259rinin toplant\u0131s\u0131na Az\u0259rbaycan\u0131n ev sahibliyi etm\u0259sinin bunun bariz n\u00fcmun\u0259si oldu\u011funu vur\u011fulad\u0131. Prezident \u0130lham \u018fliyev Az\u0259rbaycan\u0131n BMT-nin m\u00fcvafiq q\u0259tnam\u0259 v\u0259 q\u0259rarlar\u0131na uy\u011fun olaraq F\u0259l\u0259stin m\u0259s\u0259l\u0259sinin iki d\u00f6vl\u0259t prinsipi \u0259sas\u0131nda h\u0259llini d\u0259st\u0259kl\u0259diyini v\u0259 bu m\u00f6vqenin beyn\u0259lxalq t\u0259\u015fkilatlar \u00e7\u0259r\u00e7iv\u0259sind\u0259 birm\u0259nal\u0131 \u015f\u0259kild\u0259 ifad\u0259 olundu\u011funu qeyd etdi. D\u00f6vl\u0259timizin ba\u015f\u00e7\u0131s\u0131 Az\u0259rbaycan\u0131n \u0130slam h\u0259mr\u0259yliyinin g\u00fccl\u0259ndirilm\u0259sin\u0259 ard\u0131c\u0131l s\u00fcr\u0259td\u0259 t\u00f6hf\u0259 verdiyini bildirdi.<\/p>\n<p>F\u0259l\u0259stin D\u00f6vl\u0259tinin xarici i\u015fl\u0259r naziri Riad \u018fl-Maliki F\u0259l\u0259stin Prezidenti Mahmud Abbas\u0131n salamlar\u0131n\u0131 v\u0259 \u0259n xo\u015f arzular\u0131n\u0131 d\u00f6vl\u0259timizin ba\u015f\u00e7\u0131s\u0131na \u00e7atd\u0131rd\u0131. O, Az\u0259rbaycan\u0131n F\u0259l\u0259stin D\u00f6vl\u0259tinin Asiya \u00f6lk\u0259l\u0259rind\u0259ki s\u0259firl\u0259rinin toplant\u0131s\u0131na v\u0259 \u0259vv\u0259lki ill\u0259rd\u0259 F\u0259l\u0259stinl\u0259 \u0259laq\u0259dar m\u00fcxt\u0259lif humanitar t\u0259dbirl\u0259r\u0259 ev sahibliyi etdiyi \u00fc\u00e7\u00fcn Prezident \u0130lham \u018fliyev\u0259 F\u0259l\u0259stin D\u00f6vl\u0259ti ad\u0131ndan d\u0259rin minn\u0259tdarl\u0131\u011f\u0131n\u0131 bildirdi. Riad \u018fl-Maliki d\u00f6vl\u0259timizin ba\u015f\u00e7\u0131s\u0131n\u0131n 2017-ci il dekabr\u0131n 13-d\u0259 \u0130stanbulda ke\u00e7irilmi\u015f \u0130slam \u018fm\u0259kda\u015fl\u0131q T\u0259\u015fkilat\u0131n\u0131n Q\u00fcds m\u0259s\u0259l\u0259si il\u0259 ba\u011fl\u0131 f\u00f6vq\u0259lad\u0259 Zirv\u0259 toplant\u0131s\u0131nda i\u015ftirak\u0131 v\u0259 \u00e7\u0131x\u0131\u015f\u0131n\u0131n y\u00fcks\u0259k qiym\u0259tl\u0259ndirildiyini vur\u011fulad\u0131. F\u0259l\u0259stin D\u00f6vl\u0259tinin xarici i\u015fl\u0259r naziri Riad \u018fl-Maliki Az\u0259rbaycan\u0131n beyn\u0259lxalq ictimaiyy\u0259td\u0259 b\u00f6y\u00fck h\u00f6rm\u0259t v\u0259 n\u00fcfuza malik d\u00f6vl\u0259t oldu\u011funu dey\u0259r\u0259k, \u00f6lk\u0259mizin 2019-2022-ci ill\u0259rd\u0259 Qo\u015fulmama H\u0259r\u0259kat\u0131na u\u011furlu s\u0259drlik ed\u0259c\u0259yin\u0259 \u0259minliyini ifad\u0259 etdi.<\/p>\n<p>Prezident \u0130lham \u018fliyev F\u0259l\u0259stin D\u00f6vl\u0259tinin Prezidenti Mahmud Abbas\u0131n salamlar\u0131na g\u00f6r\u0259 minn\u0259tdarl\u0131\u011f\u0131n\u0131 bildirdi, onun da salamlar\u0131n\u0131 F\u0259l\u0259stin Prezidentin\u0259 \u00e7atd\u0131rma\u011f\u0131 xahi\u015f etdi.<\/p>\n","protected":false},"excerpt":{"rendered":"<p>ARANTV.AZ\u00a0 x\u0259b\u0259r verir ki, Az\u0259rbaycan Respublikas\u0131n\u0131n Prezidenti \u0130lham \u018fliyev noyabr\u0131n 4-d\u0259 F\u0259l\u0259stin D\u00f6vl\u0259tinin xarici i\u015fl\u0259r naziri Riad \u018fl-Malikini q\u0259bul edib. D\u00f6vl\u0259timizin ba\u015f\u00e7\u0131s\u0131 Az\u0259rbaycan\u0131n F\u0259l\u0259stin m\u0259s\u0259l\u0259sin\u0259 m\u00fcnasib\u0259td\u0259 daim h\u0259mr\u0259ylik n\u00fcmayi\u015f etdirdiyini v\u0259 d\u0259st\u0259yini \u0259sirg\u0259m\u0259diyini qeyd ed\u0259r\u0259k, noyabr\u0131n 5-d\u0259 Bak\u0131da ke\u00e7iril\u0259c\u0259k F\u0259l\u0259stin D\u00f6vl\u0259tinin Asiya \u00f6lk\u0259l\u0259rind\u0259ki s\u0259firl\u0259rinin toplant\u0131s\u0131na Az\u0259rbaycan\u0131n ev sahibliyi etm\u0259sinin bunun bariz n\u00fcmun\u0259si oldu\u011funu vur\u011fulad\u0131. Prezident \u0130lham \u018fliyev Az\u0259rbaycan\u0131n BMT-nin m\u00fcvafiq q\u0259tnam\u0259 v\u0259 q\u0259rarlar\u0131na uy\u011fun olaraq F\u0259l\u0259stin m\u0259s\u0259l\u0259sinin iki d\u00f6vl\u0259t prinsipi \u0259sas\u0131nda h\u0259llini d\u0259st\u0259kl\u0259diyini v\u0259 bu m\u00f6vqenin beyn\u0259lxalq t\u0259\u015fkilatlar \u00e7\u0259r\u00e7iv\u0259sind\u0259 birm\u0259nal\u0131 \u015f\u0259kild\u0259 ifad\u0259 olundu\u011funu qeyd etdi. D\u00f6vl\u0259timizin ba\u015f\u00e7\u0131s\u0131 Az\u0259rbaycan\u0131n \u0130slam h\u0259mr\u0259yliyinin&hellip;<\/p>\n","protected":false},"author":2,"featured_media":22894,"comment_status":"closed","ping_status":"closed","sticky":false,"template":"","format":"standard","meta":{"om_disable_all_campaigns":false,"_monsterinsights_skip_tracking":false,"_monsterinsights_sitenote_active":false,"_monsterinsights_sitenote_note":"","_monsterinsights_sitenote_category":0},"categories":[8],"tags":[],"aioseo_notices":[],"gutentor_comment":0,"rttpg_featured_image_url":{"full":["https:\/\/arantv.az\/wp-content\/uploads\/2018\/11\/if387jkpc744ued4j8ooqcogm2il-2.jpg",956,669,false],"landscape":["https:\/\/arantv.az\/wp-content\/uploads\/2018\/11\/if387jkpc744ued4j8ooqcogm2il-2.jpg",956,669,false],"portraits":["https:\/\/arantv.az\/wp-content\/uploads\/2018\/11\/if387jkpc744ued4j8ooqcogm2il-2.jpg",956,669,false],"thumbnail":["https:\/\/arantv.az\/wp-content\/uploads\/2018\/11\/if387jkpc744ued4j8ooqcogm2il-2-150x150.jpg",150,150,true],"medium":["https:\/\/arantv.az\/wp-content\/uploads\/2018\/11\/if387jkpc744ued4j8ooqcogm2il-2-300x210.jpg",300,210,true],"large":["https:\/\/arantv.az\/wp-content\/uploads\/2018\/11\/if387jkpc744ued4j8ooqcogm2il-2.jpg",640,448,false],"1536x1536":["https:\/\/arantv.az\/wp-content\/uploads\/2018\/11\/if387jkpc744ued4j8ooqcogm2il-2.jpg",956,669,false],"2048x2048":["https:\/\/arantv.az\/wp-content\/uploads\/2018\/11\/if387jkpc744ued4j8ooqcogm2il-2.jpg",956,669,false],"post-thumbnail":["https:\/\/arantv.az\/wp-content\/uploads\/2018\/11\/if387jkpc744ued4j8ooqcogm2il-2-240x172.jpg",240,172,true],"advps-thumb-one":["https:\/\/arantv.az\/wp-content\/uploads\/2018\/11\/if387jkpc744ued4j8ooqcogm2il-2-956x620.jpg",956,620,true]},"rttpg_author":{"display_name":"V\u00fcsal Rafiqo\u011flu","author_link":"https:\/\/arantv.az\/?author=2"},"rttpg_comment":0,"rttpg_category":"<a href=\"https:\/\/arantv.az\/?cat=8\" rel=\"category\">\u018fsas s\u0259hif\u0259<\/a>","rttpg_excerpt":"ARANTV.AZ\u00a0 x\u0259b\u0259r verir ki, Az\u0259rbaycan Respublikas\u0131n\u0131n Prezidenti \u0130lham \u018fliyev noyabr\u0131n 4-d\u0259 F\u0259l\u0259stin D\u00f6vl\u0259tinin xarici i\u015fl\u0259r naziri Riad \u018fl-Malikini q\u0259bul edib. D\u00f6vl\u0259timizin ba\u015f\u00e7\u0131s\u0131 Az\u0259rbaycan\u0131n F\u0259l\u0259stin m\u0259s\u0259l\u0259sin\u0259 m\u00fcnasib\u0259td\u0259 daim h\u0259mr\u0259ylik n\u00fcmayi\u015f etdirdiyini v\u0259 d\u0259st\u0259yini \u0259sirg\u0259m\u0259diyini qeyd ed\u0259r\u0259k, noyabr\u0131n 5-d\u0259 Bak\u0131da ke\u00e7iril\u0259c\u0259k F\u0259l\u0259stin D\u00f6vl\u0259tinin Asiya \u00f6lk\u0259l\u0259rind\u0259ki s\u0259firl\u0259rinin toplant\u0131s\u0131na Az\u0259rbaycan\u0131n ev sahibliyi etm\u0259sinin bunun bariz n\u00fcmun\u0259si oldu\u011funu vur\u011fulad\u0131. Prezident&hellip;","_links":{"self":[{"href":"https:\/\/arantv.az\/index.php?rest_route=\/wp\/v2\/posts\/22893"}],"collection":[{"href":"https:\/\/arantv.az\/index.php?rest_route=\/wp\/v2\/posts"}],"about":[{"href":"https:\/\/arantv.az\/index.php?rest_route=\/wp\/v2\/types\/post"}],"author":[{"embeddable":true,"href":"https:\/\/arantv.az\/index.php?rest_route=\/wp\/v2\/users\/2"}],"replies":[{"embeddable":true,"href":"https:\/\/arantv.az\/index.php?rest_route=%2Fwp%2Fv2%2Fcomments&post=22893"}],"version-history":[{"count":0,"href":"https:\/\/arantv.az\/index.php?rest_route=\/wp\/v2\/posts\/22893\/revisions"}],"wp:featuredmedia":[{"embeddable":true,"href":"https:\/\/arantv.az\/index.php?rest_route=\/wp\/v2\/media\/22894"}],"wp:attachment":[{"href":"https:\/\/arantv.az\/index.php?rest_route=%2Fwp%2Fv2%2Fmedia&parent=22893"}],"wp:term":[{"taxonomy":"category","embeddable":true,"href":"https:\/\/arantv.az\/index.php?rest_route=%2Fwp%2Fv2%2Fcategories&post=22893"},{"taxonomy":"post_tag","embeddable":true,"href":"https:\/\/arantv.az\/index.php?rest_route=%2Fwp%2Fv2%2Ftags&post=22893"}],"curies":[{"name":"wp","href":"https:\/\/api.w.org\/{rel}","templated":true}]}}