{"id":22896,"date":"2018-11-05T09:12:57","date_gmt":"2018-11-05T06:12:57","guid":{"rendered":"http:\/\/arantv.az\/?p=22896"},"modified":"2018-11-05T09:12:57","modified_gmt":"2018-11-05T06:12:57","slug":"prezident-ilham-%c9%99liyev-s%c9%99udiyy%c9%99-%c9%99r%c9%99bistaninin-daxili-isl%c9%99r-nazirinin-basciliq-etdiyi-numay%c9%99nd%c9%99-hey%c9%99tini-q%c9%99bul-edib","status":"publish","type":"post","link":"https:\/\/arantv.az\/?p=22896","title":{"rendered":"Prezident \u0130lham \u018fliyev S\u0259udiyy\u0259 \u018fr\u0259bistan\u0131n\u0131n daxili i\u015fl\u0259r nazirinin ba\u015f\u00e7\u0131l\u0131q etdiyi n\u00fcmay\u0259nd\u0259 hey\u0259tini q\u0259bul edib"},"content":{"rendered":"<p><strong>ARANTV.AZ<\/strong> x\u0259b\u0259r verir ki, Az\u0259rbaycan Respublikas\u0131n\u0131n Prezidenti \u0130lham \u018fliyev noyabr\u0131n 4-d\u0259 S\u0259udiyy\u0259 \u018fr\u0259bistan\u0131 Krall\u0131\u011f\u0131n\u0131n daxili i\u015fl\u0259r naziri \u015fahzad\u0259 \u018fbd\u00fcl\u0259ziz bin S\u0259ud bin Nayif Al S\u0259udun ba\u015f\u00e7\u0131l\u0131q etdiyi n\u00fcmay\u0259nd\u0259 hey\u0259tini q\u0259bul edib.<\/p>\n<p>D\u00f6vl\u0259timizin ba\u015f\u00e7\u0131s\u0131 Az\u0259rbaycan Respublikas\u0131 il\u0259 S\u0259udiyy\u0259 \u018fr\u0259bistan\u0131 Krall\u0131\u011f\u0131 aras\u0131nda \u0259laq\u0259l\u0259rin \u00e7ox y\u00fcks\u0259k s\u0259viyy\u0259d\u0259 oldu\u011funu qeyd ed\u0259r\u0259k, \u00f6z\u00fcn\u00fcn S\u0259udiyy\u0259 \u018fr\u0259bistan\u0131na s\u0259f\u0259ri v\u0259 s\u0259f\u0259r zaman\u0131 Kral H\u0259zr\u0259tl\u0259ri v\u0259 dig\u0259r r\u0259hb\u0259r \u015f\u0259xsl\u0259r il\u0259 apar\u0131lan m\u00fczakir\u0259l\u0259ri m\u0259mnunluqla yad etdi, bu m\u00fczakir\u0259l\u0259rin \u0259laq\u0259l\u0259rimizin inki\u015faf\u0131 \u00fc\u00e7\u00fcn \u00f6n\u0259mli rol oynad\u0131\u011f\u0131n\u0131 bildirdi. Prezident \u0130lham \u018fliyev dedi ki, \u00f6lk\u0259l\u0259rimiz m\u00fcxt\u0259lif sah\u0259l\u0259rd\u0259 u\u011furlu \u0259m\u0259kda\u015fl\u0131q edir, siyasi \u0259laq\u0259l\u0259r \u00e7ox y\u00fcks\u0259k s\u0259viyy\u0259d\u0259dir v\u0259 beyn\u0259lxalq t\u0259\u015fkilatlar \u00e7\u0259r\u00e7iv\u0259sind\u0259 daim bir-birini d\u0259st\u0259kl\u0259yir. D\u00f6vl\u0259timizin ba\u015f\u00e7\u0131s\u0131 bildirdi ki, Erm\u0259nistan-Az\u0259rbaycan Da\u011fl\u0131q Qaraba\u011f m\u00fcnaqi\u015f\u0259si il\u0259 ba\u011fl\u0131 S\u0259udiyy\u0259 \u018fr\u0259bistan\u0131n\u0131n \u0259dal\u0259tli v\u0259 qarda\u015fl\u0131q hissl\u0259rin\u0259 \u0259saslanan m\u00f6vqeyi Az\u0259rbaycanda \u00e7ox b\u00f6y\u00fck minn\u0259tdarl\u0131q hissi il\u0259 qar\u015f\u0131lan\u0131r. Prezident \u0130lham \u018fliyev vur\u011fulad\u0131 ki, Az\u0259rbaycan xalq\u0131 S\u0259udiyy\u0259 \u018fr\u0259bistan\u0131n\u0131n bu m\u00fcnaqi\u015f\u0259 v\u0259 i\u015f\u011fala g\u00f6r\u0259 Erm\u0259nistanla he\u00e7 bir \u0259laq\u0259 yaratmad\u0131\u011f\u0131n\u0131 yax\u015f\u0131 bilir v\u0259 bu, bizim dostlu\u011fumuzun, qarda\u015fl\u0131\u011f\u0131m\u0131z\u0131n bariz n\u00fcmun\u0259sidir.<\/p>\n<p>\u0130qtisadi sah\u0259y\u0259 toxunan Prezident \u0130lham \u018fliyev son zamanlar bu istiqam\u0259td\u0259 inki\u015fafla ba\u011fl\u0131 \u00e7ox ciddi add\u0131mlar\u0131n at\u0131ld\u0131\u011f\u0131n\u0131 dedi v\u0259 g\u0259l\u0259c\u0259k ill\u0259rd\u0259 s\u0259rmay\u0259 qoyulu\u015fu v\u0259 ticar\u0259t d\u00f6vriyy\u0259sinin art\u0131r\u0131lmas\u0131 il\u0259 \u0259laq\u0259dar daha geni\u015f t\u0259dbirl\u0259rin h\u0259yata ke\u00e7iril\u0259c\u0259yin\u0259 \u0259minliyini ifad\u0259 etdi. Son vaxtlar S\u0259udiyy\u0259 \u018fr\u0259bistan\u0131ndan Az\u0259rbaycana g\u0259l\u0259n turistl\u0259rin say\u0131n\u0131n d\u0259f\u0259l\u0259rl\u0259 artd\u0131\u011f\u0131n\u0131 qeyd ed\u0259n Prezident \u0130lham \u018fliyev bunu dostlu\u011fumuzun n\u00f6vb\u0259ti t\u0259zah\u00fcr\u00fc kimi d\u0259y\u0259rl\u0259ndirdi. D\u00f6vl\u0259timizin ba\u015f\u00e7\u0131s\u0131 qeyd etdi ki, \u00f6lk\u0259l\u0259rimizin t\u0259hl\u00fck\u0259sizlik sah\u0259sind\u0259 \u0259m\u0259kda\u015fl\u0131\u011f\u0131 da yax\u015f\u0131 s\u0259viyy\u0259d\u0259dir. Prezident \u0130lham \u018fliyev \u0259minliyini bildirdi ki, S\u0259udiyy\u0259 \u018fr\u0259bistan\u0131 Krall\u0131\u011f\u0131n\u0131n daxili i\u015fl\u0259r naziri \u015fahzad\u0259 \u018fbd\u00fcl\u0259ziz bin S\u0259ud bin Nayif Al S\u0259udun bu s\u0259f\u0259ri \u00f6lk\u0259l\u0259rimiz aras\u0131nda \u0259m\u0259kda\u015fl\u0131\u011f\u0131n, o c\u00fcml\u0259d\u0259n Daxili \u0130\u015fl\u0259r nazirlikl\u0259ri aras\u0131nda \u0259laq\u0259l\u0259rin inki\u015faf\u0131na \u00f6z t\u00f6hf\u0259sini ver\u0259c\u0259k.<\/p>\n<p>Xo\u015f s\u00f6zl\u0259r\u0259 g\u00f6r\u0259 minn\u0259tdarl\u0131\u011f\u0131n\u0131 bildir\u0259n S\u0259udiyy\u0259 \u018fr\u0259bistan\u0131 Krall\u0131\u011f\u0131n\u0131n daxili i\u015fl\u0259r naziri \u015fahzad\u0259 \u018fbd\u00fcl\u0259ziz bin S\u0259ud bin Nayif Al S\u0259ud, ilk n\u00f6vb\u0259d\u0259, \u0130ki M\u00fcq\u0259dd\u0259s Oca\u011f\u0131n Xadimi, S\u0259udiyy\u0259 \u018fr\u0259bistan\u0131n\u0131n Kral\u0131 Salman bin \u018fbd\u00fcl\u0259ziz Al S\u0259udun v\u0259 S\u0259udiyy\u0259 \u018fr\u0259bistan\u0131 Krall\u0131\u011f\u0131n\u0131n V\u0259li\u0259hdi M\u0259h\u0259mm\u0259d bin Salman bin \u018fbd\u00fcl\u0259ziz Al S\u0259udun salamlar\u0131n\u0131 d\u00f6vl\u0259timizin ba\u015f\u00e7\u0131s\u0131na \u00e7atd\u0131rd\u0131. O qeyd etdi ki, \u00f6lk\u0259l\u0259rimiz aras\u0131nda ikit\u0259r\u0259fli m\u00fcnasib\u0259tl\u0259r getdikc\u0259 inki\u015faf edir, m\u00fcxt\u0259lif m\u0259s\u0259l\u0259l\u0259r\u0259 dair y\u00fcks\u0259k s\u0259viyy\u0259li koordinasiya m\u00f6vcuddur. S\u0259udiyy\u0259 \u018fr\u0259bistan\u0131n\u0131n Az\u0259rbaycan \u00fc\u00e7\u00fcn qarda\u015f, yax\u0131n v\u0259 strateji t\u0259r\u0259fda\u015f \u00f6lk\u0259 oldu\u011funu vur\u011fulayan qonaq \u00f6lk\u0259l\u0259rimizin Daxili \u0130\u015fl\u0259r nazirlikl\u0259ri aras\u0131nda da \u0259m\u0259kda\u015fl\u0131\u011f\u0131n y\u00fcks\u0259k s\u0259viyy\u0259d\u0259 oldu\u011funu dedi. Bu bax\u0131m\u0131ndan qonaq Az\u0259rbaycan\u0131n daxili i\u015fl\u0259r nazirinin S\u0259udiyy\u0259 \u018fr\u0259bistan\u0131 Krall\u0131\u011f\u0131na s\u0259f\u0259ri zaman\u0131 iki \u00f6lk\u0259 aras\u0131nda t\u0259hl\u00fck\u0259sizlik sah\u0259sind\u0259 \u0259m\u0259kda\u015fl\u0131\u011fa dair imzalanm\u0131\u015f sazi\u015fin \u00f6n\u0259mini vur\u011fulad\u0131.<\/p>\n<p>Prezident \u0130lham \u018fliyev S\u0259udiyy\u0259 \u018fr\u0259bistan\u0131n\u0131n Kral\u0131 Salman bin \u018fbd\u00fcl\u0259ziz Al S\u0259udun v\u0259 S\u0259udiyy\u0259 \u018fr\u0259bistan\u0131 Krall\u0131\u011f\u0131n\u0131n V\u0259li\u0259hdi M\u0259h\u0259mm\u0259d bin Salman bin \u018fbd\u00fcl\u0259ziz Al S\u0259udun salamlar\u0131na g\u00f6r\u0259 t\u0259\u015f\u0259kk\u00fcr etdi, onun da salamlar\u0131n\u0131 S\u0259udiyy\u0259 \u018fr\u0259bistan\u0131n\u0131n Kral\u0131na v\u0259 V\u0259li\u0259hdin\u0259 \u00e7atd\u0131rma\u011f\u0131 xahi\u015f etdi.<\/p>\n","protected":false},"excerpt":{"rendered":"<p>ARANTV.AZ x\u0259b\u0259r verir ki, Az\u0259rbaycan Respublikas\u0131n\u0131n Prezidenti \u0130lham \u018fliyev noyabr\u0131n 4-d\u0259 S\u0259udiyy\u0259 \u018fr\u0259bistan\u0131 Krall\u0131\u011f\u0131n\u0131n daxili i\u015fl\u0259r naziri \u015fahzad\u0259 \u018fbd\u00fcl\u0259ziz bin S\u0259ud bin Nayif Al S\u0259udun ba\u015f\u00e7\u0131l\u0131q etdiyi n\u00fcmay\u0259nd\u0259 hey\u0259tini q\u0259bul edib. D\u00f6vl\u0259timizin ba\u015f\u00e7\u0131s\u0131 Az\u0259rbaycan Respublikas\u0131 il\u0259 S\u0259udiyy\u0259 \u018fr\u0259bistan\u0131 Krall\u0131\u011f\u0131 aras\u0131nda \u0259laq\u0259l\u0259rin \u00e7ox y\u00fcks\u0259k s\u0259viyy\u0259d\u0259 oldu\u011funu qeyd ed\u0259r\u0259k, \u00f6z\u00fcn\u00fcn S\u0259udiyy\u0259 \u018fr\u0259bistan\u0131na s\u0259f\u0259ri v\u0259 s\u0259f\u0259r zaman\u0131 Kral H\u0259zr\u0259tl\u0259ri v\u0259 dig\u0259r r\u0259hb\u0259r \u015f\u0259xsl\u0259r il\u0259 apar\u0131lan m\u00fczakir\u0259l\u0259ri m\u0259mnunluqla yad etdi, bu m\u00fczakir\u0259l\u0259rin \u0259laq\u0259l\u0259rimizin inki\u015faf\u0131 \u00fc\u00e7\u00fcn \u00f6n\u0259mli rol oynad\u0131\u011f\u0131n\u0131 bildirdi. Prezident \u0130lham \u018fliyev dedi ki, \u00f6lk\u0259l\u0259rimiz m\u00fcxt\u0259lif sah\u0259l\u0259rd\u0259 u\u011furlu \u0259m\u0259kda\u015fl\u0131q edir, siyasi \u0259laq\u0259l\u0259r \u00e7ox y\u00fcks\u0259k&hellip;<\/p>\n","protected":false},"author":2,"featured_media":22898,"comment_status":"closed","ping_status":"closed","sticky":false,"template":"","format":"standard","meta":{"om_disable_all_campaigns":false,"_monsterinsights_skip_tracking":false,"_monsterinsights_sitenote_active":false,"_monsterinsights_sitenote_note":"","_monsterinsights_sitenote_category":0},"categories":[8],"tags":[],"aioseo_notices":[],"gutentor_comment":0,"rttpg_featured_image_url":{"full":["https:\/\/arantv.az\/wp-content\/uploads\/2018\/11\/if387jkpc744ued4j8ooqcogm2il-1.jpg",1000,657,false],"landscape":["https:\/\/arantv.az\/wp-content\/uploads\/2018\/11\/if387jkpc744ued4j8ooqcogm2il-1.jpg",1000,657,false],"portraits":["https:\/\/arantv.az\/wp-content\/uploads\/2018\/11\/if387jkpc744ued4j8ooqcogm2il-1.jpg",1000,657,false],"thumbnail":["https:\/\/arantv.az\/wp-content\/uploads\/2018\/11\/if387jkpc744ued4j8ooqcogm2il-1-150x150.jpg",150,150,true],"medium":["https:\/\/arantv.az\/wp-content\/uploads\/2018\/11\/if387jkpc744ued4j8ooqcogm2il-1-300x197.jpg",300,197,true],"large":["https:\/\/arantv.az\/wp-content\/uploads\/2018\/11\/if387jkpc744ued4j8ooqcogm2il-1.jpg",640,420,false],"1536x1536":["https:\/\/arantv.az\/wp-content\/uploads\/2018\/11\/if387jkpc744ued4j8ooqcogm2il-1.jpg",1000,657,false],"2048x2048":["https:\/\/arantv.az\/wp-content\/uploads\/2018\/11\/if387jkpc744ued4j8ooqcogm2il-1.jpg",1000,657,false],"post-thumbnail":["https:\/\/arantv.az\/wp-content\/uploads\/2018\/11\/if387jkpc744ued4j8ooqcogm2il-1-240x172.jpg",240,172,true],"advps-thumb-one":["https:\/\/arantv.az\/wp-content\/uploads\/2018\/11\/if387jkpc744ued4j8ooqcogm2il-1-1000x620.jpg",1000,620,true]},"rttpg_author":{"display_name":"V\u00fcsal Rafiqo\u011flu","author_link":"https:\/\/arantv.az\/?author=2"},"rttpg_comment":0,"rttpg_category":"<a href=\"https:\/\/arantv.az\/?cat=8\" rel=\"category\">\u018fsas s\u0259hif\u0259<\/a>","rttpg_excerpt":"ARANTV.AZ x\u0259b\u0259r verir ki, Az\u0259rbaycan Respublikas\u0131n\u0131n Prezidenti \u0130lham \u018fliyev noyabr\u0131n 4-d\u0259 S\u0259udiyy\u0259 \u018fr\u0259bistan\u0131 Krall\u0131\u011f\u0131n\u0131n daxili i\u015fl\u0259r naziri \u015fahzad\u0259 \u018fbd\u00fcl\u0259ziz bin S\u0259ud bin Nayif Al S\u0259udun ba\u015f\u00e7\u0131l\u0131q etdiyi n\u00fcmay\u0259nd\u0259 hey\u0259tini q\u0259bul edib. D\u00f6vl\u0259timizin ba\u015f\u00e7\u0131s\u0131 Az\u0259rbaycan Respublikas\u0131 il\u0259 S\u0259udiyy\u0259 \u018fr\u0259bistan\u0131 Krall\u0131\u011f\u0131 aras\u0131nda \u0259laq\u0259l\u0259rin \u00e7ox y\u00fcks\u0259k s\u0259viyy\u0259d\u0259 oldu\u011funu qeyd ed\u0259r\u0259k, \u00f6z\u00fcn\u00fcn S\u0259udiyy\u0259 \u018fr\u0259bistan\u0131na s\u0259f\u0259ri v\u0259 s\u0259f\u0259r zaman\u0131 Kral&hellip;","_links":{"self":[{"href":"https:\/\/arantv.az\/index.php?rest_route=\/wp\/v2\/posts\/22896"}],"collection":[{"href":"https:\/\/arantv.az\/index.php?rest_route=\/wp\/v2\/posts"}],"about":[{"href":"https:\/\/arantv.az\/index.php?rest_route=\/wp\/v2\/types\/post"}],"author":[{"embeddable":true,"href":"https:\/\/arantv.az\/index.php?rest_route=\/wp\/v2\/users\/2"}],"replies":[{"embeddable":true,"href":"https:\/\/arantv.az\/index.php?rest_route=%2Fwp%2Fv2%2Fcomments&post=22896"}],"version-history":[{"count":0,"href":"https:\/\/arantv.az\/index.php?rest_route=\/wp\/v2\/posts\/22896\/revisions"}],"wp:featuredmedia":[{"embeddable":true,"href":"https:\/\/arantv.az\/index.php?rest_route=\/wp\/v2\/media\/22898"}],"wp:attachment":[{"href":"https:\/\/arantv.az\/index.php?rest_route=%2Fwp%2Fv2%2Fmedia&parent=22896"}],"wp:term":[{"taxonomy":"category","embeddable":true,"href":"https:\/\/arantv.az\/index.php?rest_route=%2Fwp%2Fv2%2Fcategories&post=22896"},{"taxonomy":"post_tag","embeddable":true,"href":"https:\/\/arantv.az\/index.php?rest_route=%2Fwp%2Fv2%2Ftags&post=22896"}],"curies":[{"name":"wp","href":"https:\/\/api.w.org\/{rel}","templated":true}]}}