{"id":228969,"date":"2020-10-17T12:04:46","date_gmt":"2020-10-17T09:04:46","guid":{"rendered":"http:\/\/arantv.az\/?p=228969"},"modified":"2020-10-17T12:04:46","modified_gmt":"2020-10-17T09:04:46","slug":"ovannisyan-erm%c9%99ni-kisil%c9%99rinin-qarabagdan-qacdigini-etiraf-etdi","status":"publish","type":"post","link":"https:\/\/arantv.az\/?p=228969","title":{"rendered":"Ovannisyan erm\u0259ni ki\u015fil\u0259rinin Qaraba\u011fdan qa\u00e7d\u0131\u011f\u0131n\u0131 etiraf etdi"},"content":{"rendered":"<p>Erm\u0259nistan Silahl\u0131 Q\u00fcvv\u0259l\u0259rinin 5-ci da\u011f at\u0131c\u0131 alay\u0131n\u0131n 1-ci alay\u0131n\u0131n d\u00fcn\u0259n gec\u0259 300 ehtiyatda olan h\u0259rb\u00e7i il\u0259 birlikd\u0259 m\u00f6vqel\u0259rini t\u0259rk ed\u0259r\u0259k, \u00e7ox sayda \u00f6l\u00fc v\u0259 yaralananlar\u0131 qoyaraq, geri \u00e7\u0259kilm\u0259sin\u0259 g\u00f6r\u0259 q\u0259z\u0259bl\u0259n\u0259n Erm\u0259nistan M\u00fcdafi\u0259 Nazirliyinin isti v\u0259 h\u0259l\u0259lik t\u0259hl\u00fck\u0259siz kabinetind\u0259 oturan Artsrun Ovannisyan erm\u0259ni h\u0259rb\u00e7il\u0259rin\u0259 m\u00fcraci\u0259t edib v\u0259 onlar\u0131 qad\u0131nlar\u0131na layiq olma\u011fa, \u00f6l\u0259n\u0259 q\u0259d\u0259r d\u00f6zm\u0259y\u0259 \u00e7a\u011f\u0131r\u0131b.<\/p>\n<p>Armiya.az-\u0131n m\u0259lumat\u0131na g\u00f6r\u0259, bu bar\u0259d\u0259 o, \u00f6z\u00fcn\u00fcn \u201cFacebook\u201d hesab\u0131nda yaz\u0131b.<\/p>\n<div id=\"AdviadNativeVideo0\" class=\"AdviadNativeVideo\">\n<div class=\"adviad-inboard sm-screen\">\n<div class=\"adviad-ui-components-credits\">\n<div id=\"NMCallButton-box\">\n<div><\/div>\n<\/div>\n<\/div>\n<\/div>\n<\/div>\n<p>\u201cH\u0259tta t\u0259l\u0259b\u0259 q\u0131zlar da \u00f6z b\u00f6lm\u0259l\u0259rini yarad\u0131blar v\u0259 c\u0259sar\u0259tl\u0259 d\u00f6y\u00fc\u015f\u00fcrl\u0259r. Onlar intihar\u00e7\u0131 olma\u011fa haz\u0131rd\u0131rlar. B\u0259s siz? G\u0259lin, onlara layiq olaq\u201d, &#8211; dey\u0259 A.Ovannisyan pafosla yaz\u0131b.<\/p>\n<p>O, h\u0259m\u00e7inin, m\u00fcharib\u0259y\u0259 yaz\u0131lmaqdan imtina ed\u0259n erm\u0259ni g\u0259ncl\u0259rin\u0259 d\u0259 m\u00fcraci\u0259t edib.<\/p>\n<p>\u201cBayraqlar\u0131 ma\u015f\u0131nlara taxaraq v\u0259 v\u0259t\u0259np\u0259rv\u0259rlik mahn\u0131lar\u0131 il\u0259 \u0130r\u0259van\u0131n \u0259traf\u0131nda g\u0259zm\u0259kl\u0259, z\u0259f\u0259ri yax\u0131nla\u015fd\u0131rm\u0131rs\u0131n\u0131z. Silah g\u00f6t\u00fcr\u00fcn v\u0259 ir\u0259li, \u00f6n c\u0259bh\u0259y\u0259\u201d, &#8211; dey\u0259 o bildirib.<\/p>\n","protected":false},"excerpt":{"rendered":"<p>Erm\u0259nistan Silahl\u0131 Q\u00fcvv\u0259l\u0259rinin 5-ci da\u011f at\u0131c\u0131 alay\u0131n\u0131n 1-ci alay\u0131n\u0131n d\u00fcn\u0259n gec\u0259 300 ehtiyatda olan h\u0259rb\u00e7i il\u0259 birlikd\u0259 m\u00f6vqel\u0259rini t\u0259rk ed\u0259r\u0259k, \u00e7ox sayda \u00f6l\u00fc v\u0259 yaralananlar\u0131 qoyaraq, geri \u00e7\u0259kilm\u0259sin\u0259 g\u00f6r\u0259 q\u0259z\u0259bl\u0259n\u0259n Erm\u0259nistan M\u00fcdafi\u0259 Nazirliyinin isti v\u0259 h\u0259l\u0259lik t\u0259hl\u00fck\u0259siz kabinetind\u0259 oturan Artsrun Ovannisyan erm\u0259ni h\u0259rb\u00e7il\u0259rin\u0259 m\u00fcraci\u0259t edib v\u0259 onlar\u0131 qad\u0131nlar\u0131na layiq olma\u011fa, \u00f6l\u0259n\u0259 q\u0259d\u0259r d\u00f6zm\u0259y\u0259 \u00e7a\u011f\u0131r\u0131b. Armiya.az-\u0131n m\u0259lumat\u0131na g\u00f6r\u0259, bu bar\u0259d\u0259 o, \u00f6z\u00fcn\u00fcn \u201cFacebook\u201d hesab\u0131nda yaz\u0131b. \u201cH\u0259tta t\u0259l\u0259b\u0259 q\u0131zlar da \u00f6z b\u00f6lm\u0259l\u0259rini yarad\u0131blar v\u0259 c\u0259sar\u0259tl\u0259 d\u00f6y\u00fc\u015f\u00fcrl\u0259r. Onlar intihar\u00e7\u0131 olma\u011fa haz\u0131rd\u0131rlar. B\u0259s siz? G\u0259lin, onlara layiq olaq\u201d, &#8211; dey\u0259 A.Ovannisyan pafosla yaz\u0131b. O,&hellip;<\/p>\n","protected":false},"author":2,"featured_media":228970,"comment_status":"closed","ping_status":"closed","sticky":false,"template":"","format":"standard","meta":{"om_disable_all_campaigns":false,"_monsterinsights_skip_tracking":false,"_monsterinsights_sitenote_active":false,"_monsterinsights_sitenote_note":"","_monsterinsights_sitenote_category":0},"categories":[7],"tags":[],"aioseo_notices":[],"gutentor_comment":0,"rttpg_featured_image_url":{"full":["https:\/\/arantv.az\/wp-content\/uploads\/2020\/10\/24864-1602915177.jpg",620,335,false],"landscape":["https:\/\/arantv.az\/wp-content\/uploads\/2020\/10\/24864-1602915177.jpg",620,335,false],"portraits":["https:\/\/arantv.az\/wp-content\/uploads\/2020\/10\/24864-1602915177.jpg",620,335,false],"thumbnail":["https:\/\/arantv.az\/wp-content\/uploads\/2020\/10\/24864-1602915177-150x150.jpg",150,150,true],"medium":["https:\/\/arantv.az\/wp-content\/uploads\/2020\/10\/24864-1602915177-300x162.jpg",300,162,true],"large":["https:\/\/arantv.az\/wp-content\/uploads\/2020\/10\/24864-1602915177.jpg",620,335,false],"1536x1536":["https:\/\/arantv.az\/wp-content\/uploads\/2020\/10\/24864-1602915177.jpg",620,335,false],"2048x2048":["https:\/\/arantv.az\/wp-content\/uploads\/2020\/10\/24864-1602915177.jpg",620,335,false],"post-thumbnail":["https:\/\/arantv.az\/wp-content\/uploads\/2020\/10\/24864-1602915177-240x172.jpg",240,172,true],"advps-thumb-one":["https:\/\/arantv.az\/wp-content\/uploads\/2020\/10\/24864-1602915177.jpg",620,335,false]},"rttpg_author":{"display_name":"V\u00fcsal Rafiqo\u011flu","author_link":"https:\/\/arantv.az\/?author=2"},"rttpg_comment":0,"rttpg_category":"<a href=\"https:\/\/arantv.az\/?cat=7\" rel=\"category\">D\u00fcnya<\/a>","rttpg_excerpt":"Erm\u0259nistan Silahl\u0131 Q\u00fcvv\u0259l\u0259rinin 5-ci da\u011f at\u0131c\u0131 alay\u0131n\u0131n 1-ci alay\u0131n\u0131n d\u00fcn\u0259n gec\u0259 300 ehtiyatda olan h\u0259rb\u00e7i il\u0259 birlikd\u0259 m\u00f6vqel\u0259rini t\u0259rk ed\u0259r\u0259k, \u00e7ox sayda \u00f6l\u00fc v\u0259 yaralananlar\u0131 qoyaraq, geri \u00e7\u0259kilm\u0259sin\u0259 g\u00f6r\u0259 q\u0259z\u0259bl\u0259n\u0259n Erm\u0259nistan M\u00fcdafi\u0259 Nazirliyinin isti v\u0259 h\u0259l\u0259lik t\u0259hl\u00fck\u0259siz kabinetind\u0259 oturan Artsrun Ovannisyan erm\u0259ni h\u0259rb\u00e7il\u0259rin\u0259 m\u00fcraci\u0259t edib v\u0259 onlar\u0131 qad\u0131nlar\u0131na layiq olma\u011fa, \u00f6l\u0259n\u0259 q\u0259d\u0259r d\u00f6zm\u0259y\u0259 \u00e7a\u011f\u0131r\u0131b. Armiya.az-\u0131n&hellip;","_links":{"self":[{"href":"https:\/\/arantv.az\/index.php?rest_route=\/wp\/v2\/posts\/228969"}],"collection":[{"href":"https:\/\/arantv.az\/index.php?rest_route=\/wp\/v2\/posts"}],"about":[{"href":"https:\/\/arantv.az\/index.php?rest_route=\/wp\/v2\/types\/post"}],"author":[{"embeddable":true,"href":"https:\/\/arantv.az\/index.php?rest_route=\/wp\/v2\/users\/2"}],"replies":[{"embeddable":true,"href":"https:\/\/arantv.az\/index.php?rest_route=%2Fwp%2Fv2%2Fcomments&post=228969"}],"version-history":[{"count":0,"href":"https:\/\/arantv.az\/index.php?rest_route=\/wp\/v2\/posts\/228969\/revisions"}],"wp:featuredmedia":[{"embeddable":true,"href":"https:\/\/arantv.az\/index.php?rest_route=\/wp\/v2\/media\/228970"}],"wp:attachment":[{"href":"https:\/\/arantv.az\/index.php?rest_route=%2Fwp%2Fv2%2Fmedia&parent=228969"}],"wp:term":[{"taxonomy":"category","embeddable":true,"href":"https:\/\/arantv.az\/index.php?rest_route=%2Fwp%2Fv2%2Fcategories&post=228969"},{"taxonomy":"post_tag","embeddable":true,"href":"https:\/\/arantv.az\/index.php?rest_route=%2Fwp%2Fv2%2Ftags&post=228969"}],"curies":[{"name":"wp","href":"https:\/\/api.w.org\/{rel}","templated":true}]}}