{"id":228978,"date":"2020-10-17T12:41:02","date_gmt":"2020-10-17T09:41:02","guid":{"rendered":"http:\/\/arantv.az\/?p=228978"},"modified":"2020-10-17T12:41:02","modified_gmt":"2020-10-17T09:41:02","slug":"zakir-h%c9%99s%c9%99nov-v%c9%99-hulusi-akar-erm%c9%99nil%c9%99rin-g%c9%99nc%c9%99y%c9%99-xain-hucumunu-muzakir%c9%99-etdi","status":"publish","type":"post","link":"https:\/\/arantv.az\/?p=228978","title":{"rendered":"Zakir H\u0259s\u0259nov v\u0259 Hulusi Akar erm\u0259nil\u0259rin G\u0259nc\u0259y\u0259 xain h\u00fccumunu m\u00fczakir\u0259 etdi"},"content":{"rendered":"<p>T\u00fcrkiy\u0259nin Milli M\u00fcdafi\u0259 naziri Hulusi Akarla Az\u0259rbaycan M\u00fcdafi\u0259 Naziri Zakir H\u0259s\u0259nov aras\u0131nda telefon dan\u0131\u015f\u0131\u011f\u0131 olub.<\/p>\n<p>Bu bar\u0259d\u0259 \u201cAnadolu\u201d Agentliyi x\u0259b\u0259r yay\u0131b.<\/p>\n<div id=\"AdviadNativeVideo0\" class=\"AdviadNativeVideo\"><\/div>\n<p>Hulusi Akar i\u015f\u011fal\u00e7\u0131 Erm\u0259nistan ordusunun gec\u0259 vaxt\u0131 Az\u0259rbaycan\u0131n iki b\u00f6y\u00fck \u015f\u0259h\u0259rin\u0259 dinc sakinl\u0259rin ya\u015fad\u0131\u011f\u0131 yerl\u0259r\u0259 xain h\u00fccumunu k\u0259skin q\u0131nay\u0131b.<\/p>\n<p>\u201cErm\u0259nistan m\u00fcharib\u0259 cinay\u0259tl\u0259ri t\u00f6r\u0259tm\u0259y\u0259 davam edir, at\u0259\u015fk\u0259s, m\u00fczakir\u0259 \u00e7a\u011f\u0131r\u0131\u015f\u0131 ed\u0259nl\u0259r is\u0259 bunu uzaqdan seyr edir\u201d, &#8211; dey\u0259 o\u00a0bildirib.<\/p>\n<p>Hulusi Akar\u00a0F\u00fczulinin i\u015f\u011faldan azad edilm\u0259si v\u0259 Az\u0259rbaycan\u0131n m\u00fclki ya\u015fay\u0131\u015f yerl\u0259rin\u0259 h\u00fccum ed\u0259n Erm\u0259nistan\u0131n\u00a0\u201cSu-25\u201d h\u0259rbi t\u0259yyar\u0259sini vurmas\u0131 m\u00fcnasib\u0259til\u0259 d\u0259 t\u0259brik edib.<\/p>\n","protected":false},"excerpt":{"rendered":"<p>T\u00fcrkiy\u0259nin Milli M\u00fcdafi\u0259 naziri Hulusi Akarla Az\u0259rbaycan M\u00fcdafi\u0259 Naziri Zakir H\u0259s\u0259nov aras\u0131nda telefon dan\u0131\u015f\u0131\u011f\u0131 olub. Bu bar\u0259d\u0259 \u201cAnadolu\u201d Agentliyi x\u0259b\u0259r yay\u0131b. Hulusi Akar i\u015f\u011fal\u00e7\u0131 Erm\u0259nistan ordusunun gec\u0259 vaxt\u0131 Az\u0259rbaycan\u0131n iki b\u00f6y\u00fck \u015f\u0259h\u0259rin\u0259 dinc sakinl\u0259rin ya\u015fad\u0131\u011f\u0131 yerl\u0259r\u0259 xain h\u00fccumunu k\u0259skin q\u0131nay\u0131b. \u201cErm\u0259nistan m\u00fcharib\u0259 cinay\u0259tl\u0259ri t\u00f6r\u0259tm\u0259y\u0259 davam edir, at\u0259\u015fk\u0259s, m\u00fczakir\u0259 \u00e7a\u011f\u0131r\u0131\u015f\u0131 ed\u0259nl\u0259r is\u0259 bunu uzaqdan seyr edir\u201d, &#8211; dey\u0259 o\u00a0bildirib. Hulusi Akar\u00a0F\u00fczulinin i\u015f\u011faldan azad edilm\u0259si v\u0259 Az\u0259rbaycan\u0131n m\u00fclki ya\u015fay\u0131\u015f yerl\u0259rin\u0259 h\u00fccum ed\u0259n Erm\u0259nistan\u0131n\u00a0\u201cSu-25\u201d h\u0259rbi t\u0259yyar\u0259sini vurmas\u0131 m\u00fcnasib\u0259til\u0259 d\u0259 t\u0259brik edib.<\/p>\n","protected":false},"author":2,"featured_media":228979,"comment_status":"closed","ping_status":"closed","sticky":false,"template":"","format":"standard","meta":{"om_disable_all_campaigns":false,"_monsterinsights_skip_tracking":false,"_monsterinsights_sitenote_active":false,"_monsterinsights_sitenote_note":"","_monsterinsights_sitenote_category":0},"categories":[19],"tags":[],"aioseo_notices":[],"gutentor_comment":0,"rttpg_featured_image_url":{"full":["https:\/\/arantv.az\/wp-content\/uploads\/2020\/10\/page.jpg",620,434,false],"landscape":["https:\/\/arantv.az\/wp-content\/uploads\/2020\/10\/page.jpg",620,434,false],"portraits":["https:\/\/arantv.az\/wp-content\/uploads\/2020\/10\/page.jpg",620,434,false],"thumbnail":["https:\/\/arantv.az\/wp-content\/uploads\/2020\/10\/page-150x150.jpg",150,150,true],"medium":["https:\/\/arantv.az\/wp-content\/uploads\/2020\/10\/page-300x210.jpg",300,210,true],"large":["https:\/\/arantv.az\/wp-content\/uploads\/2020\/10\/page.jpg",620,434,false],"1536x1536":["https:\/\/arantv.az\/wp-content\/uploads\/2020\/10\/page.jpg",620,434,false],"2048x2048":["https:\/\/arantv.az\/wp-content\/uploads\/2020\/10\/page.jpg",620,434,false],"post-thumbnail":["https:\/\/arantv.az\/wp-content\/uploads\/2020\/10\/page-240x172.jpg",240,172,true],"advps-thumb-one":["https:\/\/arantv.az\/wp-content\/uploads\/2020\/10\/page.jpg",620,434,false]},"rttpg_author":{"display_name":"V\u00fcsal Rafiqo\u011flu","author_link":"https:\/\/arantv.az\/?author=2"},"rttpg_comment":0,"rttpg_category":"<a href=\"https:\/\/arantv.az\/?cat=19\" rel=\"category\">G\u00fcnd\u0259m<\/a>","rttpg_excerpt":"T\u00fcrkiy\u0259nin Milli M\u00fcdafi\u0259 naziri Hulusi Akarla Az\u0259rbaycan M\u00fcdafi\u0259 Naziri Zakir H\u0259s\u0259nov aras\u0131nda telefon dan\u0131\u015f\u0131\u011f\u0131 olub. Bu bar\u0259d\u0259 \u201cAnadolu\u201d Agentliyi x\u0259b\u0259r yay\u0131b. Hulusi Akar i\u015f\u011fal\u00e7\u0131 Erm\u0259nistan ordusunun gec\u0259 vaxt\u0131 Az\u0259rbaycan\u0131n iki b\u00f6y\u00fck \u015f\u0259h\u0259rin\u0259 dinc sakinl\u0259rin ya\u015fad\u0131\u011f\u0131 yerl\u0259r\u0259 xain h\u00fccumunu k\u0259skin q\u0131nay\u0131b. \u201cErm\u0259nistan m\u00fcharib\u0259 cinay\u0259tl\u0259ri t\u00f6r\u0259tm\u0259y\u0259 davam edir, at\u0259\u015fk\u0259s, m\u00fczakir\u0259 \u00e7a\u011f\u0131r\u0131\u015f\u0131 ed\u0259nl\u0259r is\u0259 bunu uzaqdan seyr edir\u201d,&hellip;","_links":{"self":[{"href":"https:\/\/arantv.az\/index.php?rest_route=\/wp\/v2\/posts\/228978"}],"collection":[{"href":"https:\/\/arantv.az\/index.php?rest_route=\/wp\/v2\/posts"}],"about":[{"href":"https:\/\/arantv.az\/index.php?rest_route=\/wp\/v2\/types\/post"}],"author":[{"embeddable":true,"href":"https:\/\/arantv.az\/index.php?rest_route=\/wp\/v2\/users\/2"}],"replies":[{"embeddable":true,"href":"https:\/\/arantv.az\/index.php?rest_route=%2Fwp%2Fv2%2Fcomments&post=228978"}],"version-history":[{"count":0,"href":"https:\/\/arantv.az\/index.php?rest_route=\/wp\/v2\/posts\/228978\/revisions"}],"wp:featuredmedia":[{"embeddable":true,"href":"https:\/\/arantv.az\/index.php?rest_route=\/wp\/v2\/media\/228979"}],"wp:attachment":[{"href":"https:\/\/arantv.az\/index.php?rest_route=%2Fwp%2Fv2%2Fmedia&parent=228978"}],"wp:term":[{"taxonomy":"category","embeddable":true,"href":"https:\/\/arantv.az\/index.php?rest_route=%2Fwp%2Fv2%2Fcategories&post=228978"},{"taxonomy":"post_tag","embeddable":true,"href":"https:\/\/arantv.az\/index.php?rest_route=%2Fwp%2Fv2%2Ftags&post=228978"}],"curies":[{"name":"wp","href":"https:\/\/api.w.org\/{rel}","templated":true}]}}