{"id":229007,"date":"2020-10-17T13:55:32","date_gmt":"2020-10-17T10:55:32","guid":{"rendered":"http:\/\/arantv.az\/?p=229007"},"modified":"2020-10-17T13:55:32","modified_gmt":"2020-10-17T10:55:32","slug":"tramp-abs-hipers%c9%99sli-raketl%c9%99r%c9%99-sahibdir","status":"publish","type":"post","link":"https:\/\/arantv.az\/?p=229007","title":{"rendered":"Tramp: \u201cAB\u015e hipers\u0259sli raketl\u0259r\u0259 sahibdir\u201d"},"content":{"rendered":"<article class=\"news\">\n<div class=\"news-inner\">\n<p>AB\u015e Prezidenti Donald Tramp \u00f6lk\u0259nin silahl\u0131 q\u00fcvv\u0259l\u0259rinin hipers\u0259sli raketl\u0259r\u0259 sahib oldu\u011funu bildirib.<\/p>\n<p>\u201cR\u0130A Novosti\u201dnin m\u0259lumat\u0131na g\u00f6r\u0259, bu bar\u0259d\u0259 o, Florida \u015ftat\u0131nda se\u00e7icil\u0259r qar\u015f\u0131s\u0131nda \u00e7\u0131x\u0131\u015f\u0131nda elan edib.<\/p>\n<div id=\"AdviadNativeVideo0\" class=\"AdviadNativeVideo\"><\/div>\n<p>\u201c\u0130ndi hipers\u0259sli raketl\u0259rimiz var\u201d, &#8211; dey\u0259 prezident deyib.<\/p>\n<p>Bundan \u0259vv\u0259l Quru Qo\u015funlar\u0131n\u0131n naziri Rayan Makkarti AB\u015e-\u0131n hipers\u0259sli raketl\u0259ri u\u011furla s\u0131naqdan ke\u00e7irdiyini bildirib.<\/p>\n<\/div>\n<\/article>\n<div class=\"news-share-container\">\n<div class=\"news-share news-share_telegram\"><\/div>\n<\/div>\n","protected":false},"excerpt":{"rendered":"<p>AB\u015e Prezidenti Donald Tramp \u00f6lk\u0259nin silahl\u0131 q\u00fcvv\u0259l\u0259rinin hipers\u0259sli raketl\u0259r\u0259 sahib oldu\u011funu bildirib. \u201cR\u0130A Novosti\u201dnin m\u0259lumat\u0131na g\u00f6r\u0259, bu bar\u0259d\u0259 o, Florida \u015ftat\u0131nda se\u00e7icil\u0259r qar\u015f\u0131s\u0131nda \u00e7\u0131x\u0131\u015f\u0131nda elan edib. \u201c\u0130ndi hipers\u0259sli raketl\u0259rimiz var\u201d, &#8211; dey\u0259 prezident deyib. Bundan \u0259vv\u0259l Quru Qo\u015funlar\u0131n\u0131n naziri Rayan Makkarti AB\u015e-\u0131n hipers\u0259sli raketl\u0259ri u\u011furla s\u0131naqdan ke\u00e7irdiyini bildirib.<\/p>\n","protected":false},"author":2,"featured_media":229008,"comment_status":"closed","ping_status":"closed","sticky":false,"template":"","format":"standard","meta":{"om_disable_all_campaigns":false,"_monsterinsights_skip_tracking":false,"_monsterinsights_sitenote_active":false,"_monsterinsights_sitenote_note":"","_monsterinsights_sitenote_category":0},"categories":[7],"tags":[],"aioseo_notices":[],"gutentor_comment":0,"rttpg_featured_image_url":{"full":["https:\/\/arantv.az\/wp-content\/uploads\/2020\/10\/Ekf77_YWAAAohce.jpg",620,420,false],"landscape":["https:\/\/arantv.az\/wp-content\/uploads\/2020\/10\/Ekf77_YWAAAohce.jpg",620,420,false],"portraits":["https:\/\/arantv.az\/wp-content\/uploads\/2020\/10\/Ekf77_YWAAAohce.jpg",620,420,false],"thumbnail":["https:\/\/arantv.az\/wp-content\/uploads\/2020\/10\/Ekf77_YWAAAohce-150x150.jpg",150,150,true],"medium":["https:\/\/arantv.az\/wp-content\/uploads\/2020\/10\/Ekf77_YWAAAohce-300x203.jpg",300,203,true],"large":["https:\/\/arantv.az\/wp-content\/uploads\/2020\/10\/Ekf77_YWAAAohce.jpg",620,420,false],"1536x1536":["https:\/\/arantv.az\/wp-content\/uploads\/2020\/10\/Ekf77_YWAAAohce.jpg",620,420,false],"2048x2048":["https:\/\/arantv.az\/wp-content\/uploads\/2020\/10\/Ekf77_YWAAAohce.jpg",620,420,false],"post-thumbnail":["https:\/\/arantv.az\/wp-content\/uploads\/2020\/10\/Ekf77_YWAAAohce-240x172.jpg",240,172,true],"advps-thumb-one":["https:\/\/arantv.az\/wp-content\/uploads\/2020\/10\/Ekf77_YWAAAohce.jpg",620,420,false]},"rttpg_author":{"display_name":"V\u00fcsal Rafiqo\u011flu","author_link":"https:\/\/arantv.az\/?author=2"},"rttpg_comment":0,"rttpg_category":"<a href=\"https:\/\/arantv.az\/?cat=7\" rel=\"category\">D\u00fcnya<\/a>","rttpg_excerpt":"AB\u015e Prezidenti Donald Tramp \u00f6lk\u0259nin silahl\u0131 q\u00fcvv\u0259l\u0259rinin hipers\u0259sli raketl\u0259r\u0259 sahib oldu\u011funu bildirib. \u201cR\u0130A Novosti\u201dnin m\u0259lumat\u0131na g\u00f6r\u0259, bu bar\u0259d\u0259 o, Florida \u015ftat\u0131nda se\u00e7icil\u0259r qar\u015f\u0131s\u0131nda \u00e7\u0131x\u0131\u015f\u0131nda elan edib. \u201c\u0130ndi hipers\u0259sli raketl\u0259rimiz var\u201d, &#8211; dey\u0259 prezident deyib. Bundan \u0259vv\u0259l Quru Qo\u015funlar\u0131n\u0131n naziri Rayan Makkarti AB\u015e-\u0131n hipers\u0259sli raketl\u0259ri u\u011furla s\u0131naqdan ke\u00e7irdiyini bildirib.","_links":{"self":[{"href":"https:\/\/arantv.az\/index.php?rest_route=\/wp\/v2\/posts\/229007"}],"collection":[{"href":"https:\/\/arantv.az\/index.php?rest_route=\/wp\/v2\/posts"}],"about":[{"href":"https:\/\/arantv.az\/index.php?rest_route=\/wp\/v2\/types\/post"}],"author":[{"embeddable":true,"href":"https:\/\/arantv.az\/index.php?rest_route=\/wp\/v2\/users\/2"}],"replies":[{"embeddable":true,"href":"https:\/\/arantv.az\/index.php?rest_route=%2Fwp%2Fv2%2Fcomments&post=229007"}],"version-history":[{"count":0,"href":"https:\/\/arantv.az\/index.php?rest_route=\/wp\/v2\/posts\/229007\/revisions"}],"wp:featuredmedia":[{"embeddable":true,"href":"https:\/\/arantv.az\/index.php?rest_route=\/wp\/v2\/media\/229008"}],"wp:attachment":[{"href":"https:\/\/arantv.az\/index.php?rest_route=%2Fwp%2Fv2%2Fmedia&parent=229007"}],"wp:term":[{"taxonomy":"category","embeddable":true,"href":"https:\/\/arantv.az\/index.php?rest_route=%2Fwp%2Fv2%2Fcategories&post=229007"},{"taxonomy":"post_tag","embeddable":true,"href":"https:\/\/arantv.az\/index.php?rest_route=%2Fwp%2Fv2%2Ftags&post=229007"}],"curies":[{"name":"wp","href":"https:\/\/api.w.org\/{rel}","templated":true}]}}