{"id":229197,"date":"2020-10-22T10:26:49","date_gmt":"2020-10-22T07:26:49","guid":{"rendered":"http:\/\/arantv.az\/?p=229197"},"modified":"2020-10-22T10:26:49","modified_gmt":"2020-10-22T07:26:49","slug":"onlara-gor%c9%99-maskada-oturmusunuz-tramp-cini-yenid%c9%99n-h%c9%99d%c9%99l%c9%99di","status":"publish","type":"post","link":"https:\/\/arantv.az\/?p=229197","title":{"rendered":"\u201cOnlara g\u00f6r\u0259 maskada oturmusunuz\u201d \u2013 Tramp \u00c7ini yenid\u0259n h\u0259d\u0259l\u0259di"},"content":{"rendered":"<p>\u201cBirl\u0259\u015fmi\u015f \u015etatlar koronavirusun d\u00fcnyaya yay\u0131lmas\u0131nda g\u00fcnahkar olan \u00c7in\u0259 qar\u015f\u0131 t\u0259dbir g\u00f6rm\u0259k niyy\u0259tind\u0259dir\u201d.<\/p>\n<p>TASS agentliyi x\u0259b\u0259r verir ki, AB\u015e Prezidenti Donald Tramp bunu A\u011f Evd\u0259 t\u0259r\u0259fdarlar\u0131 il\u0259 se\u00e7kiqaba\u011f\u0131 g\u00f6r\u00fc\u015f\u00fcnd\u0259 deyib.<\/p>\n<div id=\"AdviadNativeVideo0\" class=\"AdviadNativeVideo\"><\/div>\n<p>Lakin D.Tramp r\u0259smi Va\u015finqtonun konkret hans\u0131 add\u0131mlar\u0131 atma\u011f\u0131 planla\u015fd\u0131rd\u0131\u011f\u0131n\u0131 d\u0259qiql\u0259\u015fdirm\u0259kd\u0259n imtina edib.<\/p>\n<p>\u201cBiz \u00c7inl\u0259 ba\u011fl\u0131 \u00e7ox \u015fey ed\u0259c\u0259yik. Siz \u00c7in\u0259 g\u00f6r\u0259 maska il\u0259 oturmusunuz\u201d, &#8211; dey\u0259 AB\u015e lideri qeyd edib.<\/p>\n","protected":false},"excerpt":{"rendered":"<p>\u201cBirl\u0259\u015fmi\u015f \u015etatlar koronavirusun d\u00fcnyaya yay\u0131lmas\u0131nda g\u00fcnahkar olan \u00c7in\u0259 qar\u015f\u0131 t\u0259dbir g\u00f6rm\u0259k niyy\u0259tind\u0259dir\u201d. TASS agentliyi x\u0259b\u0259r verir ki, AB\u015e Prezidenti Donald Tramp bunu A\u011f Evd\u0259 t\u0259r\u0259fdarlar\u0131 il\u0259 se\u00e7kiqaba\u011f\u0131 g\u00f6r\u00fc\u015f\u00fcnd\u0259 deyib. Lakin D.Tramp r\u0259smi Va\u015finqtonun konkret hans\u0131 add\u0131mlar\u0131 atma\u011f\u0131 planla\u015fd\u0131rd\u0131\u011f\u0131n\u0131 d\u0259qiql\u0259\u015fdirm\u0259kd\u0259n imtina edib. \u201cBiz \u00c7inl\u0259 ba\u011fl\u0131 \u00e7ox \u015fey ed\u0259c\u0259yik. Siz \u00c7in\u0259 g\u00f6r\u0259 maska il\u0259 oturmusunuz\u201d, &#8211; dey\u0259 AB\u015e lideri qeyd edib.<\/p>\n","protected":false},"author":2,"featured_media":229198,"comment_status":"closed","ping_status":"closed","sticky":false,"template":"","format":"standard","meta":{"om_disable_all_campaigns":false,"_monsterinsights_skip_tracking":false,"_monsterinsights_sitenote_active":false,"_monsterinsights_sitenote_note":"","_monsterinsights_sitenote_category":0},"categories":[7],"tags":[],"aioseo_notices":[],"gutentor_comment":0,"rttpg_featured_image_url":{"full":["https:\/\/arantv.az\/wp-content\/uploads\/2020\/10\/11238952.jpg",620,335,false],"landscape":["https:\/\/arantv.az\/wp-content\/uploads\/2020\/10\/11238952.jpg",620,335,false],"portraits":["https:\/\/arantv.az\/wp-content\/uploads\/2020\/10\/11238952.jpg",620,335,false],"thumbnail":["https:\/\/arantv.az\/wp-content\/uploads\/2020\/10\/11238952-150x150.jpg",150,150,true],"medium":["https:\/\/arantv.az\/wp-content\/uploads\/2020\/10\/11238952-300x162.jpg",300,162,true],"large":["https:\/\/arantv.az\/wp-content\/uploads\/2020\/10\/11238952.jpg",620,335,false],"1536x1536":["https:\/\/arantv.az\/wp-content\/uploads\/2020\/10\/11238952.jpg",620,335,false],"2048x2048":["https:\/\/arantv.az\/wp-content\/uploads\/2020\/10\/11238952.jpg",620,335,false],"post-thumbnail":["https:\/\/arantv.az\/wp-content\/uploads\/2020\/10\/11238952-240x172.jpg",240,172,true],"advps-thumb-one":["https:\/\/arantv.az\/wp-content\/uploads\/2020\/10\/11238952.jpg",620,335,false]},"rttpg_author":{"display_name":"V\u00fcsal Rafiqo\u011flu","author_link":"https:\/\/arantv.az\/?author=2"},"rttpg_comment":0,"rttpg_category":"<a href=\"https:\/\/arantv.az\/?cat=7\" rel=\"category\">D\u00fcnya<\/a>","rttpg_excerpt":"\u201cBirl\u0259\u015fmi\u015f \u015etatlar koronavirusun d\u00fcnyaya yay\u0131lmas\u0131nda g\u00fcnahkar olan \u00c7in\u0259 qar\u015f\u0131 t\u0259dbir g\u00f6rm\u0259k niyy\u0259tind\u0259dir\u201d. TASS agentliyi x\u0259b\u0259r verir ki, AB\u015e Prezidenti Donald Tramp bunu A\u011f Evd\u0259 t\u0259r\u0259fdarlar\u0131 il\u0259 se\u00e7kiqaba\u011f\u0131 g\u00f6r\u00fc\u015f\u00fcnd\u0259 deyib. Lakin D.Tramp r\u0259smi Va\u015finqtonun konkret hans\u0131 add\u0131mlar\u0131 atma\u011f\u0131 planla\u015fd\u0131rd\u0131\u011f\u0131n\u0131 d\u0259qiql\u0259\u015fdirm\u0259kd\u0259n imtina edib. \u201cBiz \u00c7inl\u0259 ba\u011fl\u0131 \u00e7ox \u015fey ed\u0259c\u0259yik. Siz \u00c7in\u0259 g\u00f6r\u0259 maska il\u0259 oturmusunuz\u201d, &#8211; dey\u0259&hellip;","_links":{"self":[{"href":"https:\/\/arantv.az\/index.php?rest_route=\/wp\/v2\/posts\/229197"}],"collection":[{"href":"https:\/\/arantv.az\/index.php?rest_route=\/wp\/v2\/posts"}],"about":[{"href":"https:\/\/arantv.az\/index.php?rest_route=\/wp\/v2\/types\/post"}],"author":[{"embeddable":true,"href":"https:\/\/arantv.az\/index.php?rest_route=\/wp\/v2\/users\/2"}],"replies":[{"embeddable":true,"href":"https:\/\/arantv.az\/index.php?rest_route=%2Fwp%2Fv2%2Fcomments&post=229197"}],"version-history":[{"count":0,"href":"https:\/\/arantv.az\/index.php?rest_route=\/wp\/v2\/posts\/229197\/revisions"}],"wp:featuredmedia":[{"embeddable":true,"href":"https:\/\/arantv.az\/index.php?rest_route=\/wp\/v2\/media\/229198"}],"wp:attachment":[{"href":"https:\/\/arantv.az\/index.php?rest_route=%2Fwp%2Fv2%2Fmedia&parent=229197"}],"wp:term":[{"taxonomy":"category","embeddable":true,"href":"https:\/\/arantv.az\/index.php?rest_route=%2Fwp%2Fv2%2Fcategories&post=229197"},{"taxonomy":"post_tag","embeddable":true,"href":"https:\/\/arantv.az\/index.php?rest_route=%2Fwp%2Fv2%2Ftags&post=229197"}],"curies":[{"name":"wp","href":"https:\/\/api.w.org\/{rel}","templated":true}]}}