{"id":229201,"date":"2020-10-22T10:27:37","date_gmt":"2020-10-22T07:27:37","guid":{"rendered":"http:\/\/arantv.az\/?p=229201"},"modified":"2020-10-22T10:27:37","modified_gmt":"2020-10-22T07:27:37","slug":"zaqatalada-kisi-arvadini-balta-il%c9%99-oldurdu","status":"publish","type":"post","link":"https:\/\/arantv.az\/?p=229201","title":{"rendered":"Zaqatalada ki\u015fi arvad\u0131n\u0131 balta il\u0259 \u00f6ld\u00fcrd\u00fc"},"content":{"rendered":"<p>Oktyabr\u0131n 21-d\u0259 saat 15:00 rad\u0259l\u0259rind\u0259 Zaqatala rayonu, Yengiyan k\u0259nd sakini 1978-ci il t\u0259v\u0259ll\u00fcdl\u00fc \u0130smay\u0131lova Zalxa Q\u0259dim q\u0131z\u0131 \u0259ri t\u0259r\u0259find\u0259n \u00f6ld\u00fcr\u00fcl\u00fcb.<\/p>\n<p>Bu bar\u0259d\u0259 Zaqatala Rayon Prokurorlu\u011fu m\u0259lumat yay\u0131b.<\/p>\n<p>Bildirilib ki, d\u0259rhal prokurorluq \u0259m\u0259kda\u015flar\u0131 t\u0259r\u0259find\u0259n m\u0259hk\u0259m\u0259-tibb ekspertinin i\u015ftirak\u0131 il\u0259 hadis\u0259 yerin\u0259 v\u0259 meyit\u0259 bax\u0131\u015f ke\u00e7irilib, dig\u0259r prosessual h\u0259r\u0259k\u0259tl\u0259r yerin\u0259 yetirilib.<\/p>\n<div id=\"AdviadNativeVideo0\" class=\"AdviadNativeVideo\"><\/div>\n<p>Apar\u0131lm\u0131\u015f ara\u015fd\u0131rmalarla z\u0259r\u0259r\u00e7\u0259kmi\u015fin \u0259ri \u0130smay\u0131lov Fazil Allahverdi o\u011flunun ail\u0259-m\u0259i\u015f\u0259t m\u00fcnasib\u0259tl\u0259ri z\u0259minind\u0259 aralar\u0131nda yaranm\u0131\u015f m\u00fcnaqi\u015f\u0259 zaman\u0131 balta il\u0259 x\u0259sar\u0259tl\u0259r yetir\u0259r\u0259k Zalxa \u0130smay\u0131lovan\u0131 q\u0259sd\u0259n \u00f6ld\u00fcrm\u0259sin\u0259 \u0259sasl\u0131 \u015f\u00fcbh\u0259l\u0259r m\u00fc\u0259yy\u0259n edilib.<\/p>\n<p>Faktla ba\u011fl\u0131 Zaqatala rayon prokurorlu\u011funda Cinay\u0259t M\u0259c\u0259ll\u0259sinin 120.1-ci<br \/>\n(q\u0259sd\u0259n adam \u00f6ld\u00fcrm\u0259) madd\u0259si il\u0259 cinay\u0259t i\u015fi ba\u015flan\u0131b, m\u00fcvafiq ekspertizalar<br \/>\nt\u0259yin edilib.<\/p>\n<p>Fazil \u0130smay\u0131lov \u015f\u00fcbh\u0259li \u015f\u0259xs qismind\u0259 tutularaq istintaqa c\u0259lb edilib.<\/p>\n<p>Haz\u0131rda cinay\u0259t i\u015fi \u00fczr\u0259 z\u0259ruri istintaq t\u0259dbirl\u0259ri davam etdirilir.<\/p>\n","protected":false},"excerpt":{"rendered":"<p>Oktyabr\u0131n 21-d\u0259 saat 15:00 rad\u0259l\u0259rind\u0259 Zaqatala rayonu, Yengiyan k\u0259nd sakini 1978-ci il t\u0259v\u0259ll\u00fcdl\u00fc \u0130smay\u0131lova Zalxa Q\u0259dim q\u0131z\u0131 \u0259ri t\u0259r\u0259find\u0259n \u00f6ld\u00fcr\u00fcl\u00fcb. Bu bar\u0259d\u0259 Zaqatala Rayon Prokurorlu\u011fu m\u0259lumat yay\u0131b. Bildirilib ki, d\u0259rhal prokurorluq \u0259m\u0259kda\u015flar\u0131 t\u0259r\u0259find\u0259n m\u0259hk\u0259m\u0259-tibb ekspertinin i\u015ftirak\u0131 il\u0259 hadis\u0259 yerin\u0259 v\u0259 meyit\u0259 bax\u0131\u015f ke\u00e7irilib, dig\u0259r prosessual h\u0259r\u0259k\u0259tl\u0259r yerin\u0259 yetirilib. Apar\u0131lm\u0131\u015f ara\u015fd\u0131rmalarla z\u0259r\u0259r\u00e7\u0259kmi\u015fin \u0259ri \u0130smay\u0131lov Fazil Allahverdi o\u011flunun ail\u0259-m\u0259i\u015f\u0259t m\u00fcnasib\u0259tl\u0259ri z\u0259minind\u0259 aralar\u0131nda yaranm\u0131\u015f m\u00fcnaqi\u015f\u0259 zaman\u0131 balta il\u0259 x\u0259sar\u0259tl\u0259r yetir\u0259r\u0259k Zalxa \u0130smay\u0131lovan\u0131 q\u0259sd\u0259n \u00f6ld\u00fcrm\u0259sin\u0259 \u0259sasl\u0131 \u015f\u00fcbh\u0259l\u0259r m\u00fc\u0259yy\u0259n edilib. Faktla ba\u011fl\u0131 Zaqatala rayon prokurorlu\u011funda Cinay\u0259t M\u0259c\u0259ll\u0259sinin 120.1-ci (q\u0259sd\u0259n adam \u00f6ld\u00fcrm\u0259) madd\u0259si il\u0259 cinay\u0259t i\u015fi&hellip;<\/p>\n","protected":false},"author":2,"featured_media":229202,"comment_status":"closed","ping_status":"closed","sticky":false,"template":"","format":"standard","meta":{"om_disable_all_campaigns":false,"_monsterinsights_skip_tracking":false,"_monsterinsights_sitenote_active":false,"_monsterinsights_sitenote_note":"","_monsterinsights_sitenote_category":0},"categories":[3],"tags":[],"aioseo_notices":[],"gutentor_comment":0,"rttpg_featured_image_url":{"full":["https:\/\/arantv.az\/wp-content\/uploads\/2020\/10\/ba.jpg",600,375,false],"landscape":["https:\/\/arantv.az\/wp-content\/uploads\/2020\/10\/ba.jpg",600,375,false],"portraits":["https:\/\/arantv.az\/wp-content\/uploads\/2020\/10\/ba.jpg",600,375,false],"thumbnail":["https:\/\/arantv.az\/wp-content\/uploads\/2020\/10\/ba-150x150.jpg",150,150,true],"medium":["https:\/\/arantv.az\/wp-content\/uploads\/2020\/10\/ba-300x188.jpg",300,188,true],"large":["https:\/\/arantv.az\/wp-content\/uploads\/2020\/10\/ba.jpg",600,375,false],"1536x1536":["https:\/\/arantv.az\/wp-content\/uploads\/2020\/10\/ba.jpg",600,375,false],"2048x2048":["https:\/\/arantv.az\/wp-content\/uploads\/2020\/10\/ba.jpg",600,375,false],"post-thumbnail":["https:\/\/arantv.az\/wp-content\/uploads\/2020\/10\/ba-240x172.jpg",240,172,true],"advps-thumb-one":["https:\/\/arantv.az\/wp-content\/uploads\/2020\/10\/ba.jpg",600,375,false]},"rttpg_author":{"display_name":"V\u00fcsal Rafiqo\u011flu","author_link":"https:\/\/arantv.az\/?author=2"},"rttpg_comment":0,"rttpg_category":"<a href=\"https:\/\/arantv.az\/?cat=3\" rel=\"category\">Kriminal<\/a>","rttpg_excerpt":"Oktyabr\u0131n 21-d\u0259 saat 15:00 rad\u0259l\u0259rind\u0259 Zaqatala rayonu, Yengiyan k\u0259nd sakini 1978-ci il t\u0259v\u0259ll\u00fcdl\u00fc \u0130smay\u0131lova Zalxa Q\u0259dim q\u0131z\u0131 \u0259ri t\u0259r\u0259find\u0259n \u00f6ld\u00fcr\u00fcl\u00fcb. Bu bar\u0259d\u0259 Zaqatala Rayon Prokurorlu\u011fu m\u0259lumat yay\u0131b. Bildirilib ki, d\u0259rhal prokurorluq \u0259m\u0259kda\u015flar\u0131 t\u0259r\u0259find\u0259n m\u0259hk\u0259m\u0259-tibb ekspertinin i\u015ftirak\u0131 il\u0259 hadis\u0259 yerin\u0259 v\u0259 meyit\u0259 bax\u0131\u015f ke\u00e7irilib, dig\u0259r prosessual h\u0259r\u0259k\u0259tl\u0259r yerin\u0259 yetirilib. Apar\u0131lm\u0131\u015f ara\u015fd\u0131rmalarla z\u0259r\u0259r\u00e7\u0259kmi\u015fin \u0259ri \u0130smay\u0131lov Fazil Allahverdi&hellip;","_links":{"self":[{"href":"https:\/\/arantv.az\/index.php?rest_route=\/wp\/v2\/posts\/229201"}],"collection":[{"href":"https:\/\/arantv.az\/index.php?rest_route=\/wp\/v2\/posts"}],"about":[{"href":"https:\/\/arantv.az\/index.php?rest_route=\/wp\/v2\/types\/post"}],"author":[{"embeddable":true,"href":"https:\/\/arantv.az\/index.php?rest_route=\/wp\/v2\/users\/2"}],"replies":[{"embeddable":true,"href":"https:\/\/arantv.az\/index.php?rest_route=%2Fwp%2Fv2%2Fcomments&post=229201"}],"version-history":[{"count":0,"href":"https:\/\/arantv.az\/index.php?rest_route=\/wp\/v2\/posts\/229201\/revisions"}],"wp:featuredmedia":[{"embeddable":true,"href":"https:\/\/arantv.az\/index.php?rest_route=\/wp\/v2\/media\/229202"}],"wp:attachment":[{"href":"https:\/\/arantv.az\/index.php?rest_route=%2Fwp%2Fv2%2Fmedia&parent=229201"}],"wp:term":[{"taxonomy":"category","embeddable":true,"href":"https:\/\/arantv.az\/index.php?rest_route=%2Fwp%2Fv2%2Fcategories&post=229201"},{"taxonomy":"post_tag","embeddable":true,"href":"https:\/\/arantv.az\/index.php?rest_route=%2Fwp%2Fv2%2Ftags&post=229201"}],"curies":[{"name":"wp","href":"https:\/\/api.w.org\/{rel}","templated":true}]}}