{"id":229205,"date":"2020-10-22T10:30:54","date_gmt":"2020-10-22T07:30:54","guid":{"rendered":"http:\/\/arantv.az\/?p=229205"},"modified":"2020-10-22T10:30:54","modified_gmt":"2020-10-22T07:30:54","slug":"az%c9%99rbaycan-tarixin%c9%99-qizil-h%c9%99rfl%c9%99rl%c9%99-h%c9%99kk-olunan-boyuk-s%c9%99rk%c9%99rd%c9%99-iki-%c9%99sr%c9%99-yaxin-m%c9%99glubiyy%c9%99t-sindromuna-son-qoyulur","status":"publish","type":"post","link":"https:\/\/arantv.az\/?p=229205","title":{"rendered":"Az\u0259rbaycan tarixin\u0259 q\u0131z\u0131l h\u0259rfl\u0259rl\u0259 H\u018fKK OLUNAN B\u00d6Y\u00dcK S\u018fRK\u018fRD\u018f! &#8211; iki \u0259sr\u0259 yax\u0131n m\u0259\u011flubiyy\u0259t sindromuna son qoyulur"},"content":{"rendered":"<div class=\"short-block\">\n<div class=\"fulltext\"><b>Ali Ba\u015f Komandan \u0130lham \u018fliyevin r\u0259hb\u0259rliyi il\u0259 Az\u0259rbaycan iki \u0259sr\u0259 yax\u0131n h\u0259sr\u0259t\u0259, sindroma son qoymaqdad\u0131r. Bu, \u0259lb\u0259tt\u0259 ki, kitablara, dastanlara d\u00fc\u015f\u0259c\u0259k bir tarixdir.<\/p>\n<p>Tale boyu torpaq itirmi\u015f Az\u0259rbaycan indi \u0259razil\u0259rini i\u015f\u011faldan azad edir. Oktyabr\u0131n 4-d\u0259 C\u0259bray\u0131l, 17-d\u0259 F\u00fczuli, 20-d\u0259 Z\u0259ngilan\u0131n 27 il sonra d\u00fc\u015fm\u0259n girovlu\u011fundan azad olunmas\u0131, Ordumuzun getdikc\u0259 ir\u0259lil\u0259m\u0259si h\u0259m Prezident \u0130lham \u018fliyevin Az\u0259rbaycan tarixind\u0259 hans\u0131 ad qoyaca\u011f\u0131, hans\u0131 heyk\u0259li ucaldaca\u011f\u0131na \u0259sas verir, h\u0259m d\u0259 xalq\u0131n 200 illik s\u0131nm\u0131\u015f q\u00fcruru, m\u0259\u011flubiyy\u0259tl\u0259r seriyas\u0131na son qoyulur.<\/p>\n<p>Bu, t\u0259kc\u0259 torpaqlar\u0131n al\u0131nmas\u0131, Az\u0259rbaycan\u0131n b\u00fct\u00f6vl\u0259\u015fm\u0259si deyil. Bu, \u0130lham \u018fliyevin erm\u0259niliy\u0259 a\u011f\u0131r z\u0259rb\u0259sidir, xalq\u0131n q\u00fcrurunu \u00f6z\u00fcn\u0259 qaytarmaqd\u0131r, \u00fcz\u0259rind\u0259ki i\u015f\u011fal l\u0259k\u0259sini t\u0259mizl\u0259m\u0259kdir.<\/p>\n<p>G\u00f6z\u00fcm\u00fcz\u00fcn qar\u015f\u0131s\u0131nda \u0130lham \u018fliyev erm\u0259nil\u0259rin b\u00f6y\u00fck plan\u0131n\u0131 pu\u00e7 etm\u0259kd\u0259dir. T\u0259s\u0259vv\u00fcr edin, Ali Ba\u015f Komandan 200 illik t\u0259\u015fkilatlanman\u0131, 200 illik plan\u0131 m\u0259hv edir.<\/p>\n<p>Bu, o x\u00fclyaya z\u0259rb\u0259dir ki, 200 il bundan \u0259vv\u0259l d\u00fcnya erm\u0259niliyi t\u0259\u015fkilatlan\u0131b \u201cd\u0259nizd\u0259n-d\u0259niz\u0259\u201d d\u00f6vl\u0259t ideologiyas\u0131n\u0131 d\u00fc\u015f\u00fcn\u00fcb ill\u0259rl\u0259 h\u0259yata ke\u00e7irirdi.<\/p>\n<p>\u0130lham \u018fliyev A\u011fambekyan\u0131n, \u201cOcaq\u201d kimi \u015fovinist kitab yazan Zori Balayan\u0131n, h\u0259r az\u0259rbaycanl\u0131n\u0131n \u00f6l\u00fcm\u00fcnd\u0259n h\u0259zz ald\u0131\u011f\u0131n\u0131 dey\u0259n, d\u0131rnaqaras\u0131 erm\u0259ni anas\u0131 Silva Kaputikyan\u0131n ideologiyas\u0131n\u0131 m\u0259hv etm\u0259kd\u0259dir.<\/p>\n<p>V\u0259 Az\u0259rbaycana 1918-ci ild\u0259n b\u0259ri \u00fcz\u00fcn\u00fc g\u00f6rm\u0259diyi, h\u0259mi\u015f\u0259 arzusunda oldu\u011fu, g\u0259l\u0259c\u0259kd\u0259 ba\u015f\u0131n\u0131 dik tutacaq, milli ideologiyas\u0131n\u0131 z\u0259nginl\u0259\u015fdir\u0259c\u0259k, yeni na\u011f\u0131llara, dastanlara \u00e7evril\u0259c\u0259k qalibiyy\u0259t b\u0259x\u015f edir. O, d\u00fcnyan\u0131n bu regionundak\u0131 siyasi d\u00fcz\u0259nin\u0259 d\u0259yi\u015fiklik g\u0259tir\u0259c\u0259k b\u00f6y\u00fck i\u015f\u0259 imza at\u0131r. Bu nec\u0259 a\u011f\u0131r v\u0259 h\u0259m d\u0259 q\u00fcrurverici i\u015fdir.<\/p>\n<p>Tarix elml\u0259ri \u00fczr\u0259 f\u0259ls\u0259f\u0259 doktoru N\u0259siman Yaqublu \u201cYeni M\u00fcsavat\u201da bildirdi ki, Az\u0259rbaycan 19-cu \u0259srd\u0259n torpaqlar\u0131n\u0131 itirm\u0259y\u0259 ba\u015flay\u0131b.<\/p>\n<p>Onun s\u00f6zl\u0259rin\u0259 g\u00f6r\u0259, \u0259razil\u0259rimiz i\u015f\u011fal edilib v\u0259 h\u0259mi\u015f\u0259 itirilmi\u015f torpaqlar\u0131m\u0131z haqda dan\u0131\u015fm\u0131\u015f\u0131q: \u201cSon 200 ild\u0259 biz torpaq itirmi\u015fik. \u0130lk d\u0259f\u0259 1918-ci ild\u0259 torpaqlar\u0131 i\u015f\u011faldan azad ed\u0259 bilmi\u015fik. \u0130kinci bel\u0259 tarix bu g\u00fcnl\u0259rdir. Az\u0259rbaycan i\u015f\u011fal tarixin\u0259 son qoyur v\u0259 qalibiyy\u0259t tarixini q\u0131z\u0131l h\u0259rfl\u0259rl\u0259 yaz\u0131r.<\/p>\n<p>1918-ci ild\u0259 Nuru Pa\u015fan\u0131n k\u00f6m\u0259yi il\u0259 \u0259razil\u0259rimiz i\u015f\u011faldan azad olunub, buna Bak\u0131n\u0131n \u201cQurtulu\u015f G\u00fcn\u00fc\u201d deyirik. \u0130kinci bel\u0259 salnam\u0259 haz\u0131rda ged\u0259n h\u0259rbi \u0259m\u0259liyyatlard\u0131r.<\/p>\n<p>Biz \u00f6yr\u0259\u015fmi\u015fdik ki, h\u0259r il A\u011fdam\u0131n, \u015eu\u015fan\u0131n, C\u0259bray\u0131l\u0131n v\u0259 dig\u0259r rayonlar\u0131m\u0131z\u0131n i\u015f\u011fal g\u00fcnl\u0259rini qeyd ed\u0259k. Art\u0131q bunlara son qoyulur.<\/p>\n<p>Biz Z\u0259ngilan\u0131n, C\u0259bray\u0131l\u0131n, F\u00fczulinin q\u0259l\u0259b\u0259 g\u00fcnl\u0259rini qeyd ed\u0259c\u0259yik. \u00c7\u00fcnki tarix d\u0259yi\u015fir v\u0259 onu yenid\u0259n yaz\u0131r\u0131q. Bu yaz\u0131lan tarixl\u0259 insanlar\u0131n q\u00fcruru \u00f6z\u00fcn\u0259 qay\u0131d\u0131r&#8221;.<\/p>\n<p>Tarix\u00e7i alim qeyd etdi ki, insanlar\u0131n \u00e7\u00f6hr\u0259sind\u0259 bir pozitivlik \u0259m\u0259l\u0259 g\u0259lib: \u201cM\u0259n insanlar\u0131n \u00fcz\u00fcn\u0259 bax\u0131ram, bir-birin\u0259 mehribanl\u0131qla, sevgi il\u0259 yana\u015f\u0131rlar. M\u0259\u011flubiyy\u0259t d\u00f6vr\u00fcn\u00fcn insan\u0131 il\u0259 qalibiyy\u0259t d\u00f6vr\u00fcn\u00fcn insan\u0131 aras\u0131nda ciddi f\u0259rq olur.<\/p>\n<p>Biz indi qalib xalq\u0131n n\u00fcmay\u0259nd\u0259sin\u0259 \u00e7evrilmi\u015fik v\u0259 30 illik ac\u0131lara son qoyuruq. Bu z\u0259f\u0259r \u0259hval\u0131n\u0131 g\u0259l\u0259c\u0259k n\u0259sill\u0259r\u0259 d\u0259 \u00f6t\u00fcr\u0259c\u0259yik&#8221;.<\/p>\n<p>N.Yaqublu bildirdi ki, Az\u0259rbaycan torpaqlar\u0131n\u0131 i\u015f\u011faldan azad ed\u0259n kim olacaqd\u0131sa, o, tarixd\u0259 \u0259b\u0259di ya\u015fayacaqd\u0131:<\/p>\n<p>\u201cBu tarixi q\u0259l\u0259b\u0259l\u0259r \u0130lham \u018fliyevin tarixd\u0259 \u0259b\u0259di ya\u015famas\u0131 \u00fc\u00e7\u00fcn geni\u015f imkanlar yarad\u0131r v\u0259 \u0259min\u0259m ki, tezlikl\u0259 b\u00fct\u00fcn torpaqlar\u0131m\u0131z erm\u0259ni i\u015f\u011fal\u0131ndan azad edil\u0259c\u0259k\u201d.<\/p>\n<p>Azad Demokratlar Partiyas\u0131n\u0131n s\u0259dri, siyasi analitik S\u00fclh\u0259ddin \u018fkb\u0259r teleqraf.com-a geni\u015f m\u00fcsahib\u0259sind\u0259 bildirib ki, d\u00fc\u015fm\u0259n t\u0259slim olduqdan sonra dan\u0131\u015f\u0131qlar masas\u0131nda Az\u0259rbaycan qalib t\u0259r\u0259f kimi \u00f6z \u015f\u0259rtl\u0259rini dikt\u0259 etm\u0259lidir: \u201cArt\u0131q erm\u0259ni dostluq qrupunun ortaya qoydu\u011fu \u015f\u0259rtl\u0259r bir k\u0259nara at\u0131lmal\u0131d\u0131r. Bir daha qeyd edim ki, Minsk Qrupu \u0259slind\u0259 erm\u0259ni dostluq qrupudur, biz ondan n\u0259 g\u00f6zl\u0259y\u0259 bil\u0259rik?<\/p>\n<p>Az\u0259rbaycan c\u0259miyy\u0259tind\u0259 art\u0131q birm\u0259nal\u0131 fikir formala\u015f\u0131b v\u0259 \u00fcmid edir\u0259m ki, Az\u0259rbaycan xalq\u0131n\u0131n siyasi irad\u0259sini ifad\u0259 ed\u0259n \u00f6lk\u0259 r\u0259hb\u0259rliyi bunu n\u0259z\u0259r\u0259 alacaq. Bizi 30 il m\u00fcdd\u0259tin\u0259 a\u015fa\u011f\u0131lay\u0131blar, d\u00f6zm\u00fc\u015f\u00fck. \u0130ndi d\u0259 30 il qar\u015f\u0131 t\u0259r\u0259f d\u00f6z\u0259r&#8221;.<br \/>\n\u201cYeni M\u00fcsavat\u201d<\/b><\/div>\n<p><center><\/p>\n<div class=\"addthis_toolbox addthis_default_style addthis_32x32_style\"><a class=\"addthis_button_expanded\" title=\"\u0415\u0449\u0435...\" href=\"http:\/\/www.dia.az\/9\/268065-azerbaycan-tarixine-qizil-herflerle-hekk-olunan-boyuk-serkerde.html#\" target=\"_blank\" rel=\"noopener\">0<\/a><\/p>\n<div class=\"atclear\"><\/div>\n<\/div>\n<p><\/center><\/p>\n<div><\/div>\n<\/div>\n<hr \/>\n","protected":false},"excerpt":{"rendered":"<p>Ali Ba\u015f Komandan \u0130lham \u018fliyevin r\u0259hb\u0259rliyi il\u0259 Az\u0259rbaycan iki \u0259sr\u0259 yax\u0131n h\u0259sr\u0259t\u0259, sindroma son qoymaqdad\u0131r. Bu, \u0259lb\u0259tt\u0259 ki, kitablara, dastanlara d\u00fc\u015f\u0259c\u0259k bir tarixdir. Tale boyu torpaq itirmi\u015f Az\u0259rbaycan indi \u0259razil\u0259rini i\u015f\u011faldan azad edir. Oktyabr\u0131n 4-d\u0259 C\u0259bray\u0131l, 17-d\u0259 F\u00fczuli, 20-d\u0259 Z\u0259ngilan\u0131n 27 il sonra d\u00fc\u015fm\u0259n girovlu\u011fundan azad olunmas\u0131, Ordumuzun getdikc\u0259 ir\u0259lil\u0259m\u0259si h\u0259m Prezident \u0130lham \u018fliyevin Az\u0259rbaycan tarixind\u0259 hans\u0131 ad qoyaca\u011f\u0131, hans\u0131 heyk\u0259li ucaldaca\u011f\u0131na \u0259sas verir, h\u0259m d\u0259 xalq\u0131n 200 illik s\u0131nm\u0131\u015f q\u00fcruru, m\u0259\u011flubiyy\u0259tl\u0259r seriyas\u0131na son qoyulur. Bu, t\u0259kc\u0259 torpaqlar\u0131n al\u0131nmas\u0131, Az\u0259rbaycan\u0131n b\u00fct\u00f6vl\u0259\u015fm\u0259si deyil. Bu, \u0130lham \u018fliyevin erm\u0259niliy\u0259 a\u011f\u0131r z\u0259rb\u0259sidir, xalq\u0131n q\u00fcrurunu&hellip;<\/p>\n","protected":false},"author":2,"featured_media":229206,"comment_status":"closed","ping_status":"closed","sticky":false,"template":"","format":"standard","meta":{"om_disable_all_campaigns":false,"_monsterinsights_skip_tracking":false,"_monsterinsights_sitenote_active":false,"_monsterinsights_sitenote_note":"","_monsterinsights_sitenote_category":0},"categories":[1],"tags":[],"aioseo_notices":[],"gutentor_comment":0,"rttpg_featured_image_url":{"full":["https:\/\/arantv.az\/wp-content\/uploads\/2020\/10\/1603341766_0001.jpg",450,300,false],"landscape":["https:\/\/arantv.az\/wp-content\/uploads\/2020\/10\/1603341766_0001.jpg",450,300,false],"portraits":["https:\/\/arantv.az\/wp-content\/uploads\/2020\/10\/1603341766_0001.jpg",450,300,false],"thumbnail":["https:\/\/arantv.az\/wp-content\/uploads\/2020\/10\/1603341766_0001-150x150.jpg",150,150,true],"medium":["https:\/\/arantv.az\/wp-content\/uploads\/2020\/10\/1603341766_0001-300x200.jpg",300,200,true],"large":["https:\/\/arantv.az\/wp-content\/uploads\/2020\/10\/1603341766_0001.jpg",450,300,false],"1536x1536":["https:\/\/arantv.az\/wp-content\/uploads\/2020\/10\/1603341766_0001.jpg",450,300,false],"2048x2048":["https:\/\/arantv.az\/wp-content\/uploads\/2020\/10\/1603341766_0001.jpg",450,300,false],"post-thumbnail":["https:\/\/arantv.az\/wp-content\/uploads\/2020\/10\/1603341766_0001-240x172.jpg",240,172,true],"advps-thumb-one":["https:\/\/arantv.az\/wp-content\/uploads\/2020\/10\/1603341766_0001.jpg",450,300,false]},"rttpg_author":{"display_name":"V\u00fcsal Rafiqo\u011flu","author_link":"https:\/\/arantv.az\/?author=2"},"rttpg_comment":0,"rttpg_category":"<a href=\"https:\/\/arantv.az\/?cat=1\" rel=\"category\">C\u0259miyy\u0259t<\/a>","rttpg_excerpt":"Ali Ba\u015f Komandan \u0130lham \u018fliyevin r\u0259hb\u0259rliyi il\u0259 Az\u0259rbaycan iki \u0259sr\u0259 yax\u0131n h\u0259sr\u0259t\u0259, sindroma son qoymaqdad\u0131r. Bu, \u0259lb\u0259tt\u0259 ki, kitablara, dastanlara d\u00fc\u015f\u0259c\u0259k bir tarixdir. Tale boyu torpaq itirmi\u015f Az\u0259rbaycan indi \u0259razil\u0259rini i\u015f\u011faldan azad edir. Oktyabr\u0131n 4-d\u0259 C\u0259bray\u0131l, 17-d\u0259 F\u00fczuli, 20-d\u0259 Z\u0259ngilan\u0131n 27 il sonra d\u00fc\u015fm\u0259n girovlu\u011fundan azad olunmas\u0131, Ordumuzun getdikc\u0259 ir\u0259lil\u0259m\u0259si h\u0259m Prezident \u0130lham \u018fliyevin Az\u0259rbaycan&hellip;","_links":{"self":[{"href":"https:\/\/arantv.az\/index.php?rest_route=\/wp\/v2\/posts\/229205"}],"collection":[{"href":"https:\/\/arantv.az\/index.php?rest_route=\/wp\/v2\/posts"}],"about":[{"href":"https:\/\/arantv.az\/index.php?rest_route=\/wp\/v2\/types\/post"}],"author":[{"embeddable":true,"href":"https:\/\/arantv.az\/index.php?rest_route=\/wp\/v2\/users\/2"}],"replies":[{"embeddable":true,"href":"https:\/\/arantv.az\/index.php?rest_route=%2Fwp%2Fv2%2Fcomments&post=229205"}],"version-history":[{"count":0,"href":"https:\/\/arantv.az\/index.php?rest_route=\/wp\/v2\/posts\/229205\/revisions"}],"wp:featuredmedia":[{"embeddable":true,"href":"https:\/\/arantv.az\/index.php?rest_route=\/wp\/v2\/media\/229206"}],"wp:attachment":[{"href":"https:\/\/arantv.az\/index.php?rest_route=%2Fwp%2Fv2%2Fmedia&parent=229205"}],"wp:term":[{"taxonomy":"category","embeddable":true,"href":"https:\/\/arantv.az\/index.php?rest_route=%2Fwp%2Fv2%2Fcategories&post=229205"},{"taxonomy":"post_tag","embeddable":true,"href":"https:\/\/arantv.az\/index.php?rest_route=%2Fwp%2Fv2%2Ftags&post=229205"}],"curies":[{"name":"wp","href":"https:\/\/api.w.org\/{rel}","templated":true}]}}