{"id":229216,"date":"2020-10-22T10:58:27","date_gmt":"2020-10-22T07:58:27","guid":{"rendered":"http:\/\/arantv.az\/?p=229216"},"modified":"2020-10-22T10:58:27","modified_gmt":"2020-10-22T07:58:27","slug":"aqil-m%c9%99mm%c9%99dov-dovl%c9%99t-xalq-ordu-birliyi-bizi-q%c9%99l%c9%99b%c9%99y%c9%99-catdiracaq-foto","status":"publish","type":"post","link":"https:\/\/arantv.az\/?p=229216","title":{"rendered":"Aqil M\u0259mm\u0259dov: \u201cD\u00f6vl\u0259t-xalq-ordu birliyi bizi q\u0259l\u0259b\u0259y\u0259 \u00e7atd\u0131racaq\u201d &#8211; FOTO"},"content":{"rendered":"<p>Art\u0131q b\u00fct\u00fcn d\u00fcnya ictimaiyy\u0259ti Az\u0259rbaycan xalq\u0131n\u0131n haqq yolunda m\u00fcbariz\u0259d\u0259 do\u011fru yolda oldu\u011funu q\u0259bul edir.<\/p>\n<p>Bu bar\u0259d\u0259\u00a0Mill\u0259t v\u0259kili Aqil M\u0259mm\u0259dov mediaya verdiyi a\u00e7\u0131qlamas\u0131nda qeyd edib.<\/p>\n<p>O bildirib ki, bu m\u00fcbariz\u0259d\u0259 q\u0259hr\u0259man ordumuzla yana\u015f\u0131 bizim arxa c\u0259bh\u0259d\u0259 f\u0259aliyy\u0259t g\u00f6st\u0259r\u0259n siyas\u0259t\u00e7il\u0259rimiz, ziyal\u0131lar\u0131m\u0131z da h\u0259mi\u015f\u0259 \u0259sg\u0259rl\u0259rimiz\u0259 ruh y\u00fcks\u0259kliyi verm\u0259kl\u0259 bizim \u00f6z torpaqlar\u0131m\u0131zda oldu\u011fumuzu, m\u0259nfur erm\u0259nil\u0259rin saxta, yalan m\u0259lumatlarla indiy\u0259 q\u0259d\u0259r\u00a0d\u00fcnya ictimaiyy\u0259tini aldatmas\u0131n\u0131 s\u00fcbut edirl\u0259r.<\/p>\n<div id=\"AdviadNativeVideo0\" class=\"AdviadNativeVideo\"><\/div>\n<p>B\u00fct\u00fcn ziyal\u0131lar\u0131m\u0131zla yana\u015f\u0131 K\u0259lb\u0259c\u0259r rayonundan se\u00e7ilmi\u015f, Milli M\u0259clisin deputat\u0131 Aqil M\u0259mm\u0259dov haz\u0131rda q\u0131z\u011f\u0131n d\u00f6y\u00fc\u015fl\u0259rin getdiyi b\u00f6lg\u0259l\u0259rd\u0259 olaraq q\u0259hr\u0259man \u0259sg\u0259rl\u0259rimizl\u0259 g\u00f6r\u00fc\u015f\u00fcb.<\/p>\n<p>C\u0259bh\u0259nin m\u00fcxt\u0259lif istiqam\u0259tl\u0259rind\u0259 d\u00fc\u015fm\u0259ni i\u015f\u011fal edilmi\u015f torpaqlar\u0131m\u0131zdan geri ataraq, daha do\u011frusu c\u0259nab Prezidentimiz demi\u015fk\u0259n, murdar erm\u0259nil\u0259ri it kimi qovaraq \u0259razil\u0259rimizi azad ed\u0259n \u0259sg\u0259rl\u0259rimizl\u0259 g\u00f6r\u00fc\u015fl\u0259rd\u0259 mill\u0259t v\u0259kili Aqil M\u0259mm\u0259dov Az\u0259rbaycan ordusunun bu g\u00fcn tarixi bir missiya il\u0259 yola \u00e7\u0131xd\u0131\u011f\u0131n\u0131 bildirib.<\/p>\n<p>O bildirib ki,\u00a0Ali Ba\u015f Komandan, Prezident \u0130lham \u018fliyevin r\u0259hb\u0259rliyi il\u0259 ba\u015flanan bu azadl\u0131q sava\u015f\u0131 ordumuzun m\u00fctl\u0259q q\u0259l\u0259b\u0259si, d\u00fc\u015fm\u0259nin iflas\u0131 il\u0259 n\u0259tic\u0259l\u0259n\u0259c\u0259k:<\/p>\n<p>\u201cC\u0259mi bir h\u0259ft\u0259d\u0259 Az\u0259rbaycan ordusunun c\u0259bh\u0259d\u0259 qazand\u0131\u011f\u0131 q\u0259l\u0259b\u0259l\u0259r bunu dem\u0259y\u0259 \u0259sas verir. \u0130nan\u0131r\u0131q ki, bu q\u0259l\u0259b\u0259 mar\u015f\u0131 bizi b\u00fct\u00fcn i\u015f\u011fal edilmi\u015f \u0259razil\u0259rimiz\u0259, o c\u00fcml\u0259d\u0259n, K\u0259lb\u0259c\u0259r\u0259 qovu\u015fduracaq\u201d.<\/p>\n<p>Mill\u0259t v\u0259kili A.M\u0259mm\u0259dov son g\u00fcnl\u0259rd\u0259 Az\u0259rbaycan\u0131n \u0259razi b\u00fct\u00f6vl\u00fcy\u00fc u\u011frunda h\u0259yat\u0131n\u0131 f\u0259da etmi\u015f \u015f\u0259hidl\u0259rimizin vida m\u0259rasiml\u0259rin\u0259 d\u0259 qat\u0131l\u0131b:<\/p>\n<p>\u201cD\u00f6vl\u0259t-xalq-ordu birliyi bizi q\u0259l\u0259b\u0259y\u0259 \u00e7atd\u0131racaq. O zaman b\u00fct\u00fcn \u015f\u0259hidl\u0259rimizin ruhlar\u0131 rahatl\u0131q tapacaq\u201d.<\/p>\n<p>G\u00f6r\u00fc\u015fl\u0259rd\u0259 mill\u0259t v\u0259kili t\u0259r\u0259find\u0259n \u0259sg\u0259rl\u0259rimiz\u0259 sovqatlar t\u0259qdim olunub.<\/p>\n<div class=\"gallery\">\n<div class=\"gallery-i\"><img src=\"https:\/\/cdn.oxu.az\/uploads\/W1siZiIsIjIwMjAvMTAvMjIvMTEvMjIvMjUvNDMxNGIyNzctYmNjYy00ZDYyLWI2ZDYtNWVkYTE2MTdjNzhhLzE1LmpwZyJdLFsicCIsImVuY29kZSIsImpwZyIsIi1xdWFsaXR5IDgwIl0sWyJwIiwidGh1bWIiLCI1OTB4NTkwXHUwMDNlIl1d?sha=259135324a386803\" alt=\"\" \/><\/p>\n<div class=\"gallery-i-caption\"><\/div>\n<\/div>\n<div class=\"gallery-i\"><img src=\"https:\/\/cdn.oxu.az\/uploads\/W1siZiIsIjIwMjAvMTAvMjIvMTEvMjIvMjUvODU1MjljMjMtYTEwNS00OTRiLWExOTAtNjhiMGI3N2I4ODk0LzE0LmpwZyJdLFsicCIsImVuY29kZSIsImpwZyIsIi1xdWFsaXR5IDgwIl0sWyJwIiwidGh1bWIiLCI1OTB4NTkwXHUwMDNlIl1d?sha=13b6f8e68f22c307\" alt=\"\" \/><\/p>\n<div class=\"gallery-i-caption\"><\/div>\n<\/div>\n<div class=\"gallery-i\"><img src=\"https:\/\/cdn.oxu.az\/uploads\/W1siZiIsIjIwMjAvMTAvMjIvMTEvMjIvMjUvNTdhYTgyOGUtMjMyYi00ZmFkLTk0NWYtOGNlMmU0OTU5MzFjLzEzLmpwZyJdLFsicCIsImVuY29kZSIsImpwZyIsIi1xdWFsaXR5IDgwIl0sWyJwIiwidGh1bWIiLCI1OTB4NTkwXHUwMDNlIl1d?sha=807863a308a41c42\" alt=\"\" \/><\/p>\n<div class=\"gallery-i-caption\"><\/div>\n<\/div>\n<div class=\"gallery-i\"><img src=\"https:\/\/cdn.oxu.az\/uploads\/W1siZiIsIjIwMjAvMTAvMjIvMTEvMjIvMjUvMjEyZjhlNTktOWRhYS00ZWNkLWFlNjYtMGIyMzM2ZmNhMmM2LzEyLmpwZyJdLFsicCIsImVuY29kZSIsImpwZyIsIi1xdWFsaXR5IDgwIl0sWyJwIiwidGh1bWIiLCI1OTB4NTkwXHUwMDNlIl1d?sha=2b8ddc3f3002ac0e\" alt=\"\" \/><\/p>\n<div class=\"gallery-i-caption\"><\/div>\n<\/div>\n<div class=\"gallery-i\"><img src=\"https:\/\/cdn.oxu.az\/uploads\/W1siZiIsIjIwMjAvMTAvMjIvMTEvMjIvMjUvYThmNjdmZWEtODE4Yi00MWE2LTg5OWQtNWVhYmI3ZmFlNTg2LzExLmpwZyJdLFsicCIsImVuY29kZSIsImpwZyIsIi1xdWFsaXR5IDgwIl0sWyJwIiwidGh1bWIiLCI1OTB4NTkwXHUwMDNlIl1d?sha=4ef9d61fc0e45104\" alt=\"\" \/><\/p>\n<div class=\"gallery-i-caption\"><\/div>\n<\/div>\n<div class=\"gallery-i\"><img src=\"https:\/\/cdn.oxu.az\/uploads\/W1siZiIsIjIwMjAvMTAvMjIvMTEvMjIvMjYvMGJkOTJhNTQtOTdmMy00OGM5LWJmM2ItNDYxZjQyYWUwYmExLzEwLmpwZyJdLFsicCIsImVuY29kZSIsImpwZyIsIi1xdWFsaXR5IDgwIl0sWyJwIiwidGh1bWIiLCI1OTB4NTkwXHUwMDNlIl1d?sha=98e0339af6203071\" alt=\"\" \/><\/div>\n<\/div>\n","protected":false},"excerpt":{"rendered":"<p>Art\u0131q b\u00fct\u00fcn d\u00fcnya ictimaiyy\u0259ti Az\u0259rbaycan xalq\u0131n\u0131n haqq yolunda m\u00fcbariz\u0259d\u0259 do\u011fru yolda oldu\u011funu q\u0259bul edir. Bu bar\u0259d\u0259\u00a0Mill\u0259t v\u0259kili Aqil M\u0259mm\u0259dov mediaya verdiyi a\u00e7\u0131qlamas\u0131nda qeyd edib. O bildirib ki, bu m\u00fcbariz\u0259d\u0259 q\u0259hr\u0259man ordumuzla yana\u015f\u0131 bizim arxa c\u0259bh\u0259d\u0259 f\u0259aliyy\u0259t g\u00f6st\u0259r\u0259n siyas\u0259t\u00e7il\u0259rimiz, ziyal\u0131lar\u0131m\u0131z da h\u0259mi\u015f\u0259 \u0259sg\u0259rl\u0259rimiz\u0259 ruh y\u00fcks\u0259kliyi verm\u0259kl\u0259 bizim \u00f6z torpaqlar\u0131m\u0131zda oldu\u011fumuzu, m\u0259nfur erm\u0259nil\u0259rin saxta, yalan m\u0259lumatlarla indiy\u0259 q\u0259d\u0259r\u00a0d\u00fcnya ictimaiyy\u0259tini aldatmas\u0131n\u0131 s\u00fcbut edirl\u0259r. B\u00fct\u00fcn ziyal\u0131lar\u0131m\u0131zla yana\u015f\u0131 K\u0259lb\u0259c\u0259r rayonundan se\u00e7ilmi\u015f, Milli M\u0259clisin deputat\u0131 Aqil M\u0259mm\u0259dov haz\u0131rda q\u0131z\u011f\u0131n d\u00f6y\u00fc\u015fl\u0259rin getdiyi b\u00f6lg\u0259l\u0259rd\u0259 olaraq q\u0259hr\u0259man \u0259sg\u0259rl\u0259rimizl\u0259 g\u00f6r\u00fc\u015f\u00fcb. C\u0259bh\u0259nin m\u00fcxt\u0259lif istiqam\u0259tl\u0259rind\u0259 d\u00fc\u015fm\u0259ni i\u015f\u011fal edilmi\u015f torpaqlar\u0131m\u0131zdan geri ataraq, daha&hellip;<\/p>\n","protected":false},"author":2,"featured_media":229217,"comment_status":"closed","ping_status":"closed","sticky":false,"template":"","format":"standard","meta":{"om_disable_all_campaigns":false,"_monsterinsights_skip_tracking":false,"_monsterinsights_sitenote_active":false,"_monsterinsights_sitenote_note":"","_monsterinsights_sitenote_category":0},"categories":[4],"tags":[],"aioseo_notices":[],"gutentor_comment":0,"rttpg_featured_image_url":{"full":["https:\/\/arantv.az\/wp-content\/uploads\/2020\/10\/13.jpg",620,465,false],"landscape":["https:\/\/arantv.az\/wp-content\/uploads\/2020\/10\/13.jpg",620,465,false],"portraits":["https:\/\/arantv.az\/wp-content\/uploads\/2020\/10\/13.jpg",620,465,false],"thumbnail":["https:\/\/arantv.az\/wp-content\/uploads\/2020\/10\/13-150x150.jpg",150,150,true],"medium":["https:\/\/arantv.az\/wp-content\/uploads\/2020\/10\/13-300x225.jpg",300,225,true],"large":["https:\/\/arantv.az\/wp-content\/uploads\/2020\/10\/13.jpg",620,465,false],"1536x1536":["https:\/\/arantv.az\/wp-content\/uploads\/2020\/10\/13.jpg",620,465,false],"2048x2048":["https:\/\/arantv.az\/wp-content\/uploads\/2020\/10\/13.jpg",620,465,false],"post-thumbnail":["https:\/\/arantv.az\/wp-content\/uploads\/2020\/10\/13-240x172.jpg",240,172,true],"advps-thumb-one":["https:\/\/arantv.az\/wp-content\/uploads\/2020\/10\/13.jpg",620,465,false]},"rttpg_author":{"display_name":"V\u00fcsal Rafiqo\u011flu","author_link":"https:\/\/arantv.az\/?author=2"},"rttpg_comment":0,"rttpg_category":"<a href=\"https:\/\/arantv.az\/?cat=4\" rel=\"category\">Siyas\u0259t<\/a>","rttpg_excerpt":"Art\u0131q b\u00fct\u00fcn d\u00fcnya ictimaiyy\u0259ti Az\u0259rbaycan xalq\u0131n\u0131n haqq yolunda m\u00fcbariz\u0259d\u0259 do\u011fru yolda oldu\u011funu q\u0259bul edir. Bu bar\u0259d\u0259\u00a0Mill\u0259t v\u0259kili Aqil M\u0259mm\u0259dov mediaya verdiyi a\u00e7\u0131qlamas\u0131nda qeyd edib. O bildirib ki, bu m\u00fcbariz\u0259d\u0259 q\u0259hr\u0259man ordumuzla yana\u015f\u0131 bizim arxa c\u0259bh\u0259d\u0259 f\u0259aliyy\u0259t g\u00f6st\u0259r\u0259n siyas\u0259t\u00e7il\u0259rimiz, ziyal\u0131lar\u0131m\u0131z da h\u0259mi\u015f\u0259 \u0259sg\u0259rl\u0259rimiz\u0259 ruh y\u00fcks\u0259kliyi verm\u0259kl\u0259 bizim \u00f6z torpaqlar\u0131m\u0131zda oldu\u011fumuzu, m\u0259nfur erm\u0259nil\u0259rin saxta, yalan m\u0259lumatlarla indiy\u0259&hellip;","_links":{"self":[{"href":"https:\/\/arantv.az\/index.php?rest_route=\/wp\/v2\/posts\/229216"}],"collection":[{"href":"https:\/\/arantv.az\/index.php?rest_route=\/wp\/v2\/posts"}],"about":[{"href":"https:\/\/arantv.az\/index.php?rest_route=\/wp\/v2\/types\/post"}],"author":[{"embeddable":true,"href":"https:\/\/arantv.az\/index.php?rest_route=\/wp\/v2\/users\/2"}],"replies":[{"embeddable":true,"href":"https:\/\/arantv.az\/index.php?rest_route=%2Fwp%2Fv2%2Fcomments&post=229216"}],"version-history":[{"count":0,"href":"https:\/\/arantv.az\/index.php?rest_route=\/wp\/v2\/posts\/229216\/revisions"}],"wp:featuredmedia":[{"embeddable":true,"href":"https:\/\/arantv.az\/index.php?rest_route=\/wp\/v2\/media\/229217"}],"wp:attachment":[{"href":"https:\/\/arantv.az\/index.php?rest_route=%2Fwp%2Fv2%2Fmedia&parent=229216"}],"wp:term":[{"taxonomy":"category","embeddable":true,"href":"https:\/\/arantv.az\/index.php?rest_route=%2Fwp%2Fv2%2Fcategories&post=229216"},{"taxonomy":"post_tag","embeddable":true,"href":"https:\/\/arantv.az\/index.php?rest_route=%2Fwp%2Fv2%2Ftags&post=229216"}],"curies":[{"name":"wp","href":"https:\/\/api.w.org\/{rel}","templated":true}]}}