{"id":229234,"date":"2020-10-22T14:24:13","date_gmt":"2020-10-22T11:24:13","guid":{"rendered":"http:\/\/arantv.az\/?p=229234"},"modified":"2020-10-22T14:24:13","modified_gmt":"2020-10-22T11:24:13","slug":"ilham-%c9%99liyevd%c9%99n-net-qarabag-movqeyi-az%c9%99rbaycanin-butun-rayonlari-bosaldilmalidir","status":"publish","type":"post","link":"https:\/\/arantv.az\/?p=229234","title":{"rendered":"\u0130lham \u018fliyevd\u0259n NET QARABA\u011e M\u00d6VQEY\u0130 &#8211; &#8220;Az\u0259rbaycan\u0131n b\u00fct\u00fcn rayonlar\u0131 bo\u015fald\u0131lmal\u0131d\u0131r&#8221;"},"content":{"rendered":"<p><b>&#8220;At\u0259\u015fk\u0259s\u0259 nail olmaq \u00fc\u00e7\u00fcn ikinci c\u0259hd ona g\u00f6r\u0259 u\u011fursuz oldu ki, at\u0259\u015fk\u0259s q\u00fcvv\u0259y\u0259 mindikd\u0259n 2 d\u0259qiq\u0259 sonra onlar at\u0259\u015fk\u0259si pozdular, onlar yen\u0259 d\u0259 bizim dinc \u015f\u0259h\u0259rl\u0259rimiz\u0259 h\u00fccum etdil\u0259r. Bu s\u0259h\u0259r saat 6-dan 8-\u0259 q\u0259d\u0259r onlar dinc \u0259halinin ya\u015fad\u0131\u011f\u0131 v\u0259 \u0259n \u00e7ox ziyan g\u00f6r\u0259n T\u0259rt\u0259r \u015f\u0259h\u0259rin\u0259 100-d\u0259n \u00e7ox raket at\u0131blar. Onlar bizim h\u0259rbi m\u00f6vqel\u0259rimiz\u0259 h\u00fccum edirl\u0259r. Onlar art\u0131q azad edilmi\u015f \u0259razil\u0259ri yenid\u0259n geri g\u00f6t\u00fcrm\u0259k ist\u0259yirdil\u0259r. Bildiyiniz kimi, birinci at\u0259\u015fk\u0259s c\u0259hdind\u0259n sonra 24 saatdan az m\u00fcdd\u0259td\u0259 onlar Erm\u0259nistan \u0259razisind\u0259n ballistik raketl\u0259 Az\u0259rbaycan\u0131n ikinci \u0259n b\u00f6y\u00fck \u015f\u0259h\u0259ri G\u0259nc\u0259y\u0259 h\u00fccum etdil\u0259r. Bu da h\u0259rbi cinay\u0259tdir v\u0259 Erm\u0259nistan h\u00f6kum\u0259ti buna g\u00f6r\u0259 m\u0259suliyy\u0259t da\u015f\u0131yacaq. Bel\u0259likl\u0259, onlar at\u0259\u015fk\u0259si pozublar.<\/p>\n<p>M\u0259n h\u0259mi\u015f\u0259 demi\u015f\u0259m ki, at\u0259\u015fk\u0259s\u0259 birt\u0259r\u0259fli qaydada nail olmaq m\u00fcmk\u00fcn deyil. \u018fg\u0259r biz\u0259 h\u00fccum olunursa, biz n\u0259inki \u00f6z\u00fcm\u00fcz\u00fc m\u00fcdafi\u0259 etm\u0259liyik, eyni zamanda, \u0259ks-h\u00fccuma da ke\u00e7m\u0259liyik. Siz\u0259 dey\u0259 bil\u0259r\u0259m ki, onlar ikinci d\u0259f\u0259 at\u0259\u015fk\u0259si pozandan sonra biz Z\u0259ngilan \u015f\u0259h\u0259rini v\u0259 bir \u00e7ox k\u0259ndl\u0259ri azad etdik. Bel\u0259likl\u0259 d\u00f6y\u00fc\u015f meydan\u0131nda n\u0259 q\u0259d\u0259r \u00e7ox vaxt ke\u00e7irs\u0259, biz bir o q\u0259d\u0259r d\u0259 \u0259razil\u0259ri azad edirik. Ona g\u00f6r\u0259 Erm\u0259nistan h\u00f6kum\u0259ti \u00f6z davran\u0131\u015f\u0131 haqq\u0131nda ciddi d\u00fc\u015f\u00fcnm\u0259lidir v\u0259 \u0259g\u0259r at\u0259\u015fk\u0259sin s\u0259m\u0259r\u0259li olmas\u0131n\u0131 ist\u0259yirs\u0259, birincisi, at\u0259\u015fk\u0259si pozmamaq, ikincisi, art\u0131q i\u015f\u011faldan azad edilmi\u015f \u0259razil\u0259ri geri g\u00f6t\u00fcrm\u0259y\u0259 c\u0259hd etm\u0259m\u0259k v\u0259 i\u015f\u011fal olunmu\u015f Az\u0259rbaycan \u0259razil\u0259rinin bo\u015fald\u0131lmas\u0131 \u00fc\u00e7\u00fcn \u00fcz\u0259rin\u0259 ciddi \u00f6hd\u0259lik g\u00f6t\u00fcrm\u0259lidir&#8221;.<\/p>\n<p>D\u0130A.AZ bildirir ki, bunu Az\u0259rbaycan Respublikas\u0131n\u0131n Prezidenti \u0130lham \u018fliyev oktyabr\u0131n 21-d\u0259 Yaponiyan\u0131n \u201cNikkei\u201d q\u0259zetin\u0259 m\u00fcsahib\u0259 ver\u0259rk\u0259n &#8220;siz ikinci at\u0259\u015fk\u0259sin art\u0131q u\u011fursuz oldu\u011funu, yaxud bitdiyini v\u0259 d\u00f6y\u00fc\u015f\u00fcn davam etdiyini dey\u0259rdiniz&#8221; sual\u0131n\u0131n cavab\u0131nda bildirib.<\/p>\n<p>Daha sonra &#8220;H\u0259l\u0259 ki, at\u0259\u015fk\u0259s \u0259sirl\u0259rin v\u0259 c\u0259s\u0259dl\u0259rin m\u00fcbadil\u0259si d\u0259 daxil olmaqla humanitar m\u0259qs\u0259dl\u0259r \u00fc\u00e7\u00fcn elan edilmi\u015fdir. Sizc\u0259 bu at\u0259\u015fk\u0259sin, &#8211; ola bilsin ba\u015fqa at\u0259\u015fk\u0259s d\u0259 olacaqd\u0131r, &#8211; \u0259sirl\u0259rin m\u00fcbadil\u0259sind\u0259n sonra bit\u0259c\u0259yi dem\u0259kdir? Y\u0259ni, bu, q\u00fcvv\u0259d\u0259 olacaq \u0259sasl\u0131 at\u0259\u015fk\u0259s, yoxsa, m\u00fcv\u0259qq\u0259ti at\u0259\u015fk\u0259s olacaqd\u0131r&#8221; sual\u0131na cavab ver\u0259n \u00f6lk\u0259 Prezidenti bunlar\u0131 deyib:<\/p>\n<p>&#8220;B\u0259li, at\u0259\u015fk\u0259s humanitar z\u0259mind\u0259 elan olunmu\u015fdur. Bildiyiniz kimi, Moskva b\u0259yannam\u0259sind\u0259 substantiv dan\u0131\u015f\u0131qlara v\u0259 dan\u0131\u015f\u0131qlar format\u0131n\u0131n d\u0259yi\u015fm\u0259z olaraq qald\u0131\u011f\u0131na da istinad var idi. Bu is\u0259 Erm\u0259nistan t\u0259r\u0259find\u0259n qondarma \u201cDa\u011fl\u0131q Qaraba\u011f h\u00f6kum\u0259tini\u201d dan\u0131\u015f\u0131qlara c\u0259lb etm\u0259k c\u0259hdl\u0259rinin art\u0131q olmayaca\u011f\u0131 dem\u0259kdir. Bu, bizim t\u0259r\u0259fimizd\u0259n v\u0259 Minsk qrupu t\u0259r\u0259find\u0259n r\u0259dd edilmi\u015fdir. Buna g\u00f6r\u0259, \u0259lb\u0259tt\u0259, \u0259g\u0259r Erm\u0259nistan dan\u0131\u015f\u0131qlara sadiq qalarsa v\u0259 \u0259razil\u0259ri bo\u015faltmaq \u00fc\u00e7\u00fcn \u00fcz\u0259rin\u0259 ciddi \u00f6hd\u0259lik g\u00f6t\u00fcr\u0259rs\u0259, &#8211; hans\u0131n\u0131 ki, onlar h\u0259l\u0259 d\u0259 elan etm\u0259yibl\u0259r, &#8211; bu halda bu at\u0259\u015fk\u0259s uzunm\u00fcdd\u0259tli olacaqd\u0131r. \u00c7\u00fcnki biz bu problemi s\u00fclh yolu il\u0259 h\u0259ll etm\u0259k ist\u0259yirik. Lakin, \u0259g\u0259r onlar resurslar\u0131n\u0131 s\u0259f\u0259rb\u0259r etm\u0259k, \u0259lav\u0259 \u0259cn\u0259bi h\u0259rbi yard\u0131m almaq v\u0259 biz\u0259 qar\u015f\u0131 yeni h\u00fccuma ke\u00e7m\u0259k \u00fc\u00e7\u00fcn bu at\u0259\u015fk\u0259sd\u0259n istifad\u0259 etm\u0259y\u0259 c\u0259hd g\u00f6st\u0259r\u0259c\u0259kl\u0259rs\u0259, \u0259lb\u0259tt\u0259, bu at\u0259\u015fk\u0259s uzun m\u00fcdd\u0259t davam etm\u0259y\u0259c\u0259kdir. Bu, onlardan as\u0131l\u0131d\u0131r&#8221;.<\/p>\n<p>&#8220;Bel\u0259likl\u0259, dan\u0131\u015f\u0131qlar masas\u0131na oturmaq \u00fc\u00e7\u00fcn h\u0259r hans\u0131 dan\u0131\u015f\u0131qlar\u0131 aparmadan \u00f6nc\u0259 \u0259vv\u0259lc\u0259d\u0259n Erm\u0259nistandan \u0259n az\u0131ndan yeddi rayonun b\u0259zil\u0259rini bo\u015faltma\u011fa raz\u0131la\u015fma\u011f\u0131 t\u0259l\u0259b ed\u0259c\u0259ksiniz&#8221; sual\u0131na is\u0259 \u0130lham \u018fliyev bel\u0259 cavvab verib:<\/p>\n<p>&#8220;Onlar bu \u0259razil\u0259ri bo\u015faldaca\u011f\u0131na dair \u00fcz\u0259ril\u0259rin\u0259 ciddi \u00f6hd\u0259lik g\u00f6t\u00fcrm\u0259lidirl\u0259r. \u00c7\u00fcnki bu, Minsk qrupunun vasit\u0259\u00e7iliyi il\u0259 iki \u00f6lk\u0259 aras\u0131nda raz\u0131la\u015fd\u0131r\u0131lm\u0131\u015f \u0259sas prinsipl\u0259rin bir hiss\u0259sidir. \u018fsas prinsipl\u0259rd\u0259 deyilir ki, i\u015f\u011fal olunmu\u015f \u0259razil\u0259r Az\u0259rbaycana qaytar\u0131lmal\u0131d\u0131r, bizim qa\u00e7q\u0131n v\u0259 m\u0259cburi k\u00f6\u00e7k\u00fcnl\u0259rimiz i\u015f\u011fal olunmu\u015f b\u00fct\u00fcn \u0259razil\u0259r\u0259 qay\u0131tmal\u0131d\u0131rlar, o c\u00fcml\u0259d\u0259n Da\u011fl\u0131q Qaraba\u011f\u0131n \u0259razisin\u0259, o c\u00fcml\u0259d\u0259n q\u0259dim Az\u0259rbaycan \u015f\u0259h\u0259ri olan \u015eu\u015fan\u0131n \u0259razisin\u0259. Buna g\u00f6r\u0259 Erm\u0259nistan h\u00f6kum\u0259ti bu prinsipl\u0259r\u0259 sadiq oldu\u011funu, bu \u0259razil\u0259ri bo\u015faldaca\u011f\u0131n\u0131 a\u00e7\u0131q \u015f\u0259kild\u0259 b\u0259yan etm\u0259lidir v\u0259 bundan sonra \u0259lb\u0259tt\u0259 ki, dan\u0131\u015f\u0131qlar ba\u015flayacaqd\u0131r. Biz indi birinci olaraq \u0259razil\u0259rin bo\u015fald\u0131lmas\u0131 v\u0259 sonra dan\u0131\u015f\u0131qlar\u0131n ba\u015flan\u0131lmas\u0131 il\u0259 ba\u011fl\u0131 ilkin \u015f\u0259rti ir\u0259li s\u00fcrm\u00fcr\u00fck. Biz haz\u0131rda Erm\u0259nistan t\u0259r\u0259find\u0259n, bu zorak\u0131l\u0131\u011fa v\u0259 dinc \u0259haliy\u0259 qar\u015f\u0131 h\u0259rbi cinay\u0259tl\u0259rin t\u00f6r\u0259dilm\u0259sin\u0259 g\u00f6r\u0259 m\u0259sul olan \u015f\u0259xsd\u0259n, \u015f\u0259xs\u0259n ba\u015f nazird\u0259n t\u0259l\u0259b edirik ki, o, Erm\u0259nistan\u0131n i\u015f\u011fal olunmu\u015f \u0259razil\u0259ri bo\u015faldaca\u011f\u0131n\u0131 desin. Bundan sonra \u0259lb\u0259tt\u0259 ki, m\u00fcnaqi\u015f\u0259nin nizamlanmas\u0131 d\u00f6y\u00fc\u015f meydan\u0131ndan dan\u0131\u015f\u0131qlar masas\u0131na ke\u00e7\u0259c\u0259kdir&#8221;.<\/p>\n<p>Daha sonra &#8220;Erm\u0259nistan des\u0259 ki, onlar ilkin olaraq be\u015f rayonu bo\u015faltma\u011fa haz\u0131rd\u0131r, Siz dan\u0131\u015f\u0131qlara getm\u0259y\u0259 haz\u0131r olars\u0131n\u0131zm\u0131&#8221; sual\u0131na cavab ver\u0259n \u0130lham \u018fliyev net m\u00f6vqe ifad\u0259 edib:<\/p>\n<p>&#8220;Az\u0259rbaycan\u0131n b\u00fct\u00fcn rayonlar\u0131 bo\u015fald\u0131lmal\u0131d\u0131r. B\u00fct\u00fcn. \u018flb\u0259tt\u0259 ki, biz vaxt \u00e7\u0259r\u00e7iv\u0259sind\u0259n dan\u0131\u015fa bil\u0259rik v\u0259 \u0259sas prinsipl\u0259rd\u0259 vaxt \u00e7\u0259r\u00e7iv\u0259si il\u0259 ba\u011fl\u0131 m\u00fc\u0259yy\u0259n fikirl\u0259r var idi. Hans\u0131 m\u0259rh\u0259l\u0259d\u0259 rayonlar\u0131n birinci, hans\u0131 m\u0259rh\u0259l\u0259d\u0259 rayonlar\u0131n ikinci hiss\u0259si bo\u015fald\u0131lacaq. Bel\u0259likl\u0259 bunu m\u00fczakir\u0259 etm\u0259k olar. Lakin ayd\u0131nd\u0131r ki, i\u015f\u011fal olunmu\u015f b\u00fct\u00fcn \u0259razil\u0259r qaytar\u0131lmal\u0131d\u0131r&#8221;.<\/b><\/p>\n","protected":false},"excerpt":{"rendered":"<p>&#8220;At\u0259\u015fk\u0259s\u0259 nail olmaq \u00fc\u00e7\u00fcn ikinci c\u0259hd ona g\u00f6r\u0259 u\u011fursuz oldu ki, at\u0259\u015fk\u0259s q\u00fcvv\u0259y\u0259 mindikd\u0259n 2 d\u0259qiq\u0259 sonra onlar at\u0259\u015fk\u0259si pozdular, onlar yen\u0259 d\u0259 bizim dinc \u015f\u0259h\u0259rl\u0259rimiz\u0259 h\u00fccum etdil\u0259r. Bu s\u0259h\u0259r saat 6-dan 8-\u0259 q\u0259d\u0259r onlar dinc \u0259halinin ya\u015fad\u0131\u011f\u0131 v\u0259 \u0259n \u00e7ox ziyan g\u00f6r\u0259n T\u0259rt\u0259r \u015f\u0259h\u0259rin\u0259 100-d\u0259n \u00e7ox raket at\u0131blar. Onlar bizim h\u0259rbi m\u00f6vqel\u0259rimiz\u0259 h\u00fccum edirl\u0259r. Onlar art\u0131q azad edilmi\u015f \u0259razil\u0259ri yenid\u0259n geri g\u00f6t\u00fcrm\u0259k ist\u0259yirdil\u0259r. Bildiyiniz kimi, birinci at\u0259\u015fk\u0259s c\u0259hdind\u0259n sonra 24 saatdan az m\u00fcdd\u0259td\u0259 onlar Erm\u0259nistan \u0259razisind\u0259n ballistik raketl\u0259 Az\u0259rbaycan\u0131n ikinci \u0259n b\u00f6y\u00fck \u015f\u0259h\u0259ri G\u0259nc\u0259y\u0259 h\u00fccum etdil\u0259r. Bu da h\u0259rbi&hellip;<\/p>\n","protected":false},"author":2,"featured_media":229292,"comment_status":"closed","ping_status":"closed","sticky":false,"template":"","format":"standard","meta":{"om_disable_all_campaigns":false,"_monsterinsights_skip_tracking":false,"_monsterinsights_sitenote_active":false,"_monsterinsights_sitenote_note":"","_monsterinsights_sitenote_category":0},"categories":[1],"tags":[],"aioseo_notices":[],"gutentor_comment":0,"rttpg_featured_image_url":{"full":["https:\/\/arantv.az\/wp-content\/uploads\/2020\/10\/1603362272_0001.jpg",450,280,false],"landscape":["https:\/\/arantv.az\/wp-content\/uploads\/2020\/10\/1603362272_0001.jpg",450,280,false],"portraits":["https:\/\/arantv.az\/wp-content\/uploads\/2020\/10\/1603362272_0001.jpg",450,280,false],"thumbnail":["https:\/\/arantv.az\/wp-content\/uploads\/2020\/10\/1603362272_0001-150x150.jpg",150,150,true],"medium":["https:\/\/arantv.az\/wp-content\/uploads\/2020\/10\/1603362272_0001-300x187.jpg",300,187,true],"large":["https:\/\/arantv.az\/wp-content\/uploads\/2020\/10\/1603362272_0001.jpg",450,280,false],"1536x1536":["https:\/\/arantv.az\/wp-content\/uploads\/2020\/10\/1603362272_0001.jpg",450,280,false],"2048x2048":["https:\/\/arantv.az\/wp-content\/uploads\/2020\/10\/1603362272_0001.jpg",450,280,false],"post-thumbnail":["https:\/\/arantv.az\/wp-content\/uploads\/2020\/10\/1603362272_0001-240x172.jpg",240,172,true],"advps-thumb-one":["https:\/\/arantv.az\/wp-content\/uploads\/2020\/10\/1603362272_0001.jpg",450,280,false]},"rttpg_author":{"display_name":"V\u00fcsal Rafiqo\u011flu","author_link":"https:\/\/arantv.az\/?author=2"},"rttpg_comment":0,"rttpg_category":"<a href=\"https:\/\/arantv.az\/?cat=1\" rel=\"category\">C\u0259miyy\u0259t<\/a>","rttpg_excerpt":"&#8220;At\u0259\u015fk\u0259s\u0259 nail olmaq \u00fc\u00e7\u00fcn ikinci c\u0259hd ona g\u00f6r\u0259 u\u011fursuz oldu ki, at\u0259\u015fk\u0259s q\u00fcvv\u0259y\u0259 mindikd\u0259n 2 d\u0259qiq\u0259 sonra onlar at\u0259\u015fk\u0259si pozdular, onlar yen\u0259 d\u0259 bizim dinc \u015f\u0259h\u0259rl\u0259rimiz\u0259 h\u00fccum etdil\u0259r. Bu s\u0259h\u0259r saat 6-dan 8-\u0259 q\u0259d\u0259r onlar dinc \u0259halinin ya\u015fad\u0131\u011f\u0131 v\u0259 \u0259n \u00e7ox ziyan g\u00f6r\u0259n T\u0259rt\u0259r \u015f\u0259h\u0259rin\u0259 100-d\u0259n \u00e7ox raket at\u0131blar. Onlar bizim h\u0259rbi m\u00f6vqel\u0259rimiz\u0259 h\u00fccum edirl\u0259r.&hellip;","_links":{"self":[{"href":"https:\/\/arantv.az\/index.php?rest_route=\/wp\/v2\/posts\/229234"}],"collection":[{"href":"https:\/\/arantv.az\/index.php?rest_route=\/wp\/v2\/posts"}],"about":[{"href":"https:\/\/arantv.az\/index.php?rest_route=\/wp\/v2\/types\/post"}],"author":[{"embeddable":true,"href":"https:\/\/arantv.az\/index.php?rest_route=\/wp\/v2\/users\/2"}],"replies":[{"embeddable":true,"href":"https:\/\/arantv.az\/index.php?rest_route=%2Fwp%2Fv2%2Fcomments&post=229234"}],"version-history":[{"count":0,"href":"https:\/\/arantv.az\/index.php?rest_route=\/wp\/v2\/posts\/229234\/revisions"}],"wp:featuredmedia":[{"embeddable":true,"href":"https:\/\/arantv.az\/index.php?rest_route=\/wp\/v2\/media\/229292"}],"wp:attachment":[{"href":"https:\/\/arantv.az\/index.php?rest_route=%2Fwp%2Fv2%2Fmedia&parent=229234"}],"wp:term":[{"taxonomy":"category","embeddable":true,"href":"https:\/\/arantv.az\/index.php?rest_route=%2Fwp%2Fv2%2Fcategories&post=229234"},{"taxonomy":"post_tag","embeddable":true,"href":"https:\/\/arantv.az\/index.php?rest_route=%2Fwp%2Fv2%2Ftags&post=229234"}],"curies":[{"name":"wp","href":"https:\/\/api.w.org\/{rel}","templated":true}]}}