{"id":229249,"date":"2020-10-22T11:16:09","date_gmt":"2020-10-22T08:16:09","guid":{"rendered":"http:\/\/arantv.az\/?p=229249"},"modified":"2020-10-22T11:16:09","modified_gmt":"2020-10-22T08:16:09","slug":"milli-m%c9%99clisd%c9%99-isgaldan","status":"publish","type":"post","link":"https:\/\/arantv.az\/?p=229249","title":{"rendered":"Milli M\u0259clisd\u0259 i\u015f\u011faldan"},"content":{"rendered":"<p>Bu g\u00fcn Milli M\u0259clisin Regional m\u0259s\u0259l\u0259l\u0259r komit\u0259sinin n\u00f6vb\u0259ti iclas\u0131 ke\u00e7iril\u0259c\u0259k.<\/p>\n<p>Bu bar\u0259d\u0259\u00a0Milli M\u0259clisin M\u0259tbuat v\u0259\u00a0ictimaiyy\u0259tl\u0259 \u0259laq\u0259l\u0259r \u015f\u00f6b\u0259si m\u0259lumat yay\u0131b.<\/p>\n<div id=\"AdviadNativeVideo0\" class=\"AdviadNativeVideo\"><\/div>\n<p>\u0130clasda Az\u0259rbaycan Respublikas\u0131n\u0131n Xocav\u0259nd rayonunun V\u0259ng k\u0259ndinin \u00c7inarl\u0131 k\u0259ndi adland\u0131r\u0131lmas\u0131 haqq\u0131nda qanununun layih\u0259sin\u0259 bax\u0131lacaq.<\/p>\n<p>M\u0259s\u0259l\u0259 il\u0259 ba\u011fl\u0131 deputatlar \u00f6z fikirl\u0259rini bildir\u0259c\u0259kl\u0259r.<\/p>\n<p>Xat\u0131rladaq ki, Az\u0259rbaycan Respublikas\u0131n\u0131n Prezidenti \u0130lham \u018fliyev oktyabr\u0131n 20-d\u0259 Xocav\u0259nd rayonun be\u015f k\u0259ndinin Az\u0259rbaycan ordusu t\u0259r\u0259find\u0259n i\u015f\u011faldan azad edildiyini a\u00e7\u0131qlam\u0131\u015fd\u0131. Eyni zamanda D\u00f6vl\u0259t ba\u015f\u00e7\u0131s\u0131 V\u0259ng k\u0259ndinin ad\u0131n\u0131n d\u0259yi\u015fdiril\u0259r\u0259k bundan sonra \u00c7inarl\u0131 k\u0259ndi adland\u0131r\u0131laca\u011f\u0131n\u0131 elan edib.<\/p>\n","protected":false},"excerpt":{"rendered":"<p>Bu g\u00fcn Milli M\u0259clisin Regional m\u0259s\u0259l\u0259l\u0259r komit\u0259sinin n\u00f6vb\u0259ti iclas\u0131 ke\u00e7iril\u0259c\u0259k. Bu bar\u0259d\u0259\u00a0Milli M\u0259clisin M\u0259tbuat v\u0259\u00a0ictimaiyy\u0259tl\u0259 \u0259laq\u0259l\u0259r \u015f\u00f6b\u0259si m\u0259lumat yay\u0131b. \u0130clasda Az\u0259rbaycan Respublikas\u0131n\u0131n Xocav\u0259nd rayonunun V\u0259ng k\u0259ndinin \u00c7inarl\u0131 k\u0259ndi adland\u0131r\u0131lmas\u0131 haqq\u0131nda qanununun layih\u0259sin\u0259 bax\u0131lacaq. M\u0259s\u0259l\u0259 il\u0259 ba\u011fl\u0131 deputatlar \u00f6z fikirl\u0259rini bildir\u0259c\u0259kl\u0259r. Xat\u0131rladaq ki, Az\u0259rbaycan Respublikas\u0131n\u0131n Prezidenti \u0130lham \u018fliyev oktyabr\u0131n 20-d\u0259 Xocav\u0259nd rayonun be\u015f k\u0259ndinin Az\u0259rbaycan ordusu t\u0259r\u0259find\u0259n i\u015f\u011faldan azad edildiyini a\u00e7\u0131qlam\u0131\u015fd\u0131. Eyni zamanda D\u00f6vl\u0259t ba\u015f\u00e7\u0131s\u0131 V\u0259ng k\u0259ndinin ad\u0131n\u0131n d\u0259yi\u015fdiril\u0259r\u0259k bundan sonra \u00c7inarl\u0131 k\u0259ndi adland\u0131r\u0131laca\u011f\u0131n\u0131 elan edib.<\/p>\n","protected":false},"author":2,"featured_media":229250,"comment_status":"closed","ping_status":"closed","sticky":false,"template":"","format":"standard","meta":{"om_disable_all_campaigns":false,"_monsterinsights_skip_tracking":false,"_monsterinsights_sitenote_active":false,"_monsterinsights_sitenote_note":"","_monsterinsights_sitenote_category":0},"categories":[4],"tags":[],"aioseo_notices":[],"gutentor_comment":0,"rttpg_featured_image_url":{"full":["https:\/\/arantv.az\/wp-content\/uploads\/2020\/10\/120496286_354294792388083_4148743769677312596_n.jpg",620,423,false],"landscape":["https:\/\/arantv.az\/wp-content\/uploads\/2020\/10\/120496286_354294792388083_4148743769677312596_n.jpg",620,423,false],"portraits":["https:\/\/arantv.az\/wp-content\/uploads\/2020\/10\/120496286_354294792388083_4148743769677312596_n.jpg",620,423,false],"thumbnail":["https:\/\/arantv.az\/wp-content\/uploads\/2020\/10\/120496286_354294792388083_4148743769677312596_n-150x150.jpg",150,150,true],"medium":["https:\/\/arantv.az\/wp-content\/uploads\/2020\/10\/120496286_354294792388083_4148743769677312596_n-300x205.jpg",300,205,true],"large":["https:\/\/arantv.az\/wp-content\/uploads\/2020\/10\/120496286_354294792388083_4148743769677312596_n.jpg",620,423,false],"1536x1536":["https:\/\/arantv.az\/wp-content\/uploads\/2020\/10\/120496286_354294792388083_4148743769677312596_n.jpg",620,423,false],"2048x2048":["https:\/\/arantv.az\/wp-content\/uploads\/2020\/10\/120496286_354294792388083_4148743769677312596_n.jpg",620,423,false],"post-thumbnail":["https:\/\/arantv.az\/wp-content\/uploads\/2020\/10\/120496286_354294792388083_4148743769677312596_n-240x172.jpg",240,172,true],"advps-thumb-one":["https:\/\/arantv.az\/wp-content\/uploads\/2020\/10\/120496286_354294792388083_4148743769677312596_n.jpg",620,423,false]},"rttpg_author":{"display_name":"V\u00fcsal Rafiqo\u011flu","author_link":"https:\/\/arantv.az\/?author=2"},"rttpg_comment":0,"rttpg_category":"<a href=\"https:\/\/arantv.az\/?cat=4\" rel=\"category\">Siyas\u0259t<\/a>","rttpg_excerpt":"Bu g\u00fcn Milli M\u0259clisin Regional m\u0259s\u0259l\u0259l\u0259r komit\u0259sinin n\u00f6vb\u0259ti iclas\u0131 ke\u00e7iril\u0259c\u0259k. Bu bar\u0259d\u0259\u00a0Milli M\u0259clisin M\u0259tbuat v\u0259\u00a0ictimaiyy\u0259tl\u0259 \u0259laq\u0259l\u0259r \u015f\u00f6b\u0259si m\u0259lumat yay\u0131b. \u0130clasda Az\u0259rbaycan Respublikas\u0131n\u0131n Xocav\u0259nd rayonunun V\u0259ng k\u0259ndinin \u00c7inarl\u0131 k\u0259ndi adland\u0131r\u0131lmas\u0131 haqq\u0131nda qanununun layih\u0259sin\u0259 bax\u0131lacaq. M\u0259s\u0259l\u0259 il\u0259 ba\u011fl\u0131 deputatlar \u00f6z fikirl\u0259rini bildir\u0259c\u0259kl\u0259r. Xat\u0131rladaq ki, Az\u0259rbaycan Respublikas\u0131n\u0131n Prezidenti \u0130lham \u018fliyev oktyabr\u0131n 20-d\u0259 Xocav\u0259nd rayonun be\u015f k\u0259ndinin Az\u0259rbaycan ordusu&hellip;","_links":{"self":[{"href":"https:\/\/arantv.az\/index.php?rest_route=\/wp\/v2\/posts\/229249"}],"collection":[{"href":"https:\/\/arantv.az\/index.php?rest_route=\/wp\/v2\/posts"}],"about":[{"href":"https:\/\/arantv.az\/index.php?rest_route=\/wp\/v2\/types\/post"}],"author":[{"embeddable":true,"href":"https:\/\/arantv.az\/index.php?rest_route=\/wp\/v2\/users\/2"}],"replies":[{"embeddable":true,"href":"https:\/\/arantv.az\/index.php?rest_route=%2Fwp%2Fv2%2Fcomments&post=229249"}],"version-history":[{"count":0,"href":"https:\/\/arantv.az\/index.php?rest_route=\/wp\/v2\/posts\/229249\/revisions"}],"wp:featuredmedia":[{"embeddable":true,"href":"https:\/\/arantv.az\/index.php?rest_route=\/wp\/v2\/media\/229250"}],"wp:attachment":[{"href":"https:\/\/arantv.az\/index.php?rest_route=%2Fwp%2Fv2%2Fmedia&parent=229249"}],"wp:term":[{"taxonomy":"category","embeddable":true,"href":"https:\/\/arantv.az\/index.php?rest_route=%2Fwp%2Fv2%2Fcategories&post=229249"},{"taxonomy":"post_tag","embeddable":true,"href":"https:\/\/arantv.az\/index.php?rest_route=%2Fwp%2Fv2%2Ftags&post=229249"}],"curies":[{"name":"wp","href":"https:\/\/api.w.org\/{rel}","templated":true}]}}