{"id":229271,"date":"2020-10-22T11:24:10","date_gmt":"2020-10-22T08:24:10","guid":{"rendered":"http:\/\/arantv.az\/?p=229271"},"modified":"2020-10-22T11:24:10","modified_gmt":"2020-10-22T08:24:10","slug":"p%c9%99rviz-abub%c9%99kirov-insanlarin-%c9%99ks%c9%99riyy%c9%99ti-maskani-c%c9%99rim%c9%99d%c9%99n-yayinmaq-ucun-taxir","status":"publish","type":"post","link":"https:\/\/arantv.az\/?p=229271","title":{"rendered":"P\u0259rviz Abub\u0259kirov: \u201c\u0130nsanlar\u0131n \u0259ks\u0259riyy\u0259ti maskan\u0131 c\u0259rim\u0259d\u0259n yay\u0131nmaq \u00fc\u00e7\u00fcn tax\u0131r\u201d"},"content":{"rendered":"<p>\u201cMaskan\u0131 \u00e7\u0259n\u0259y\u0259, yox, t\u0259yinat\u0131 \u00fczr\u0259 yuxar\u0131 t\u0259n\u0259ff\u00fcs yollar\u0131n\u0131 \u00f6rt\u0259c\u0259k \u015f\u0259kild\u0259 taxmaq laz\u0131md\u0131r ki, virusdan qorunaq\u201d.<\/p>\n<p>Bunu AzTV-nin efirind\u0259 yay\u0131mlanan \u201cG\u00fcn Ba\u015flad\u0131\u201d verili\u015find\u0259 qonaq olark\u0259n S\u0259hiyy\u0259 Nazirliyinin m\u0259tbuat xidm\u0259tinin r\u0259hb\u0259ri P\u0259rviz Abub\u0259kirov deyib.<\/p>\n<p>O bildirib ki, yoluxma say\u0131n\u0131n art\u0131m\u0131na s\u0259b\u0259b insanlar aras\u0131nda yaranan rahatl\u0131q olub:<\/p>\n<div id=\"AdviadNativeVideo0\" class=\"AdviadNativeVideo\"><\/div>\n<p>\u201cTibbi maskalardan istifad\u0259y\u0259 laqeyd yana\u015f\u0131ld\u0131. Eyni zamanda da ictimai n\u0259qliyyatdan istifad\u0259 ed\u0259n s\u0259rni\u015finl\u0259r aras\u0131nda da qoruyucu vasit\u0259l\u0259rd\u0259n istifad\u0259 etm\u0259y\u0259nl\u0259r olur. Bu istiqam\u0259td\u0259 m\u00fc\u0259yy\u0259n c\u0259rim\u0259l\u0259rin t\u0259tbiq edilm\u0259sin\u0259\u00a0\u015fikay\u0259t ed\u0259nl\u0259r bel\u0259 var. \u0130nsanlar ba\u015fa d\u00fc\u015fm\u0259lidirl\u0259r ki, bu ilk n\u00f6vb\u0259d\u0259 onlar\u0131n sa\u011flaml\u0131\u011f\u0131, ikinci t\u0259r\u0259fd\u0259n is\u0259 \u0259trafdak\u0131 insanlar\u0131n sa\u011flaml\u0131\u011f\u0131 \u00fc\u00e7\u00fcn vacibdir\u201d.<\/p>\n<p>P.Abub\u0259kirov onu da qeyd edib ki, b\u0259z\u0259n marketd\u0259 \u201cmaska\u201d taxan v\u0259t\u0259nda\u015flar\u0131 g\u00f6r\u00fcr\u00fck:<\/p>\n<p>\u201cMaskan\u0131 s\u0131rf c\u0259rim\u0259d\u0259n yay\u0131nmaq \u00fc\u00e7\u00fcn taxanlarla yana\u015f\u0131, t\u0259bii ki, sa\u011flaml\u0131\u011f\u0131n\u0131 d\u00fc\u015f\u00fcn\u0259r\u0259k virusa yoluxmamaq \u00fc\u00e7\u00fcn istifad\u0259 ed\u0259nl\u0259r d\u0259 var. Lakin, \u0259ks\u0259r hallarda maskalar\u0131, \u00e7\u0259n\u0259sin\u0259, yuxar\u0131 t\u0259n\u0259ff\u00fcs yollar\u0131n\u0131 tutmayacaq \u015f\u0259kild\u0259 taxanlar, \u00fcmumi des\u0259k qoruyucu maskan\u0131 t\u0259yinat\u0131 \u00fczr\u0259 taxmayanlar daha \u00e7oxdur. Maskan\u0131 \u00e7\u0259n\u0259y\u0259, yox, t\u0259yinat\u0131 \u00fczr\u0259 yuxar\u0131 t\u0259n\u0259ff\u00fcs yollar\u0131n\u0131 \u00f6rt\u0259c\u0259k \u015f\u0259kild\u0259 taxmaq laz\u0131md\u0131r ki, virusdan qorunaq. B\u00fct\u00fcn hallarda hans\u0131 m\u0259qs\u0259dl\u0259 olur-olsun, \u0259sas odur ki, biz m\u0259qs\u0259dimiz\u0259 \u00e7at\u0131r\u0131q v\u0259 insanlar maskalardan istifad\u0259 edirl\u0259r. A\u00e7\u0131q havada, ara m\u0259saf\u0259ni\u00a0qorumaq imkan\u0131 olan yerl\u0259rd\u0259 maska tax\u0131lmasa da olar. Lakin\u00a0havas\u0131n\u0131n d\u0259yi\u015film\u0259si m\u00fcmk\u00fcn olmayan qapal\u0131 m\u0259kanlarda insanlar tibbi maskadan istifad\u0259 etm\u0259lidirl\u0259r\u201d.<\/p>\n","protected":false},"excerpt":{"rendered":"<p>\u201cMaskan\u0131 \u00e7\u0259n\u0259y\u0259, yox, t\u0259yinat\u0131 \u00fczr\u0259 yuxar\u0131 t\u0259n\u0259ff\u00fcs yollar\u0131n\u0131 \u00f6rt\u0259c\u0259k \u015f\u0259kild\u0259 taxmaq laz\u0131md\u0131r ki, virusdan qorunaq\u201d. Bunu AzTV-nin efirind\u0259 yay\u0131mlanan \u201cG\u00fcn Ba\u015flad\u0131\u201d verili\u015find\u0259 qonaq olark\u0259n S\u0259hiyy\u0259 Nazirliyinin m\u0259tbuat xidm\u0259tinin r\u0259hb\u0259ri P\u0259rviz Abub\u0259kirov deyib. O bildirib ki, yoluxma say\u0131n\u0131n art\u0131m\u0131na s\u0259b\u0259b insanlar aras\u0131nda yaranan rahatl\u0131q olub: \u201cTibbi maskalardan istifad\u0259y\u0259 laqeyd yana\u015f\u0131ld\u0131. Eyni zamanda da ictimai n\u0259qliyyatdan istifad\u0259 ed\u0259n s\u0259rni\u015finl\u0259r aras\u0131nda da qoruyucu vasit\u0259l\u0259rd\u0259n istifad\u0259 etm\u0259y\u0259nl\u0259r olur. Bu istiqam\u0259td\u0259 m\u00fc\u0259yy\u0259n c\u0259rim\u0259l\u0259rin t\u0259tbiq edilm\u0259sin\u0259\u00a0\u015fikay\u0259t ed\u0259nl\u0259r bel\u0259 var. \u0130nsanlar ba\u015fa d\u00fc\u015fm\u0259lidirl\u0259r ki, bu ilk n\u00f6vb\u0259d\u0259 onlar\u0131n sa\u011flaml\u0131\u011f\u0131, ikinci t\u0259r\u0259fd\u0259n is\u0259 \u0259trafdak\u0131 insanlar\u0131n sa\u011flaml\u0131\u011f\u0131 \u00fc\u00e7\u00fcn vacibdir\u201d.&hellip;<\/p>\n","protected":false},"author":2,"featured_media":229272,"comment_status":"closed","ping_status":"closed","sticky":false,"template":"","format":"standard","meta":{"om_disable_all_campaigns":false,"_monsterinsights_skip_tracking":false,"_monsterinsights_sitenote_active":false,"_monsterinsights_sitenote_note":"","_monsterinsights_sitenote_category":0},"categories":[26],"tags":[],"aioseo_notices":[],"gutentor_comment":0,"rttpg_featured_image_url":{"full":["https:\/\/arantv.az\/wp-content\/uploads\/2020\/10\/PervizAbubekirov.jpg",620,327,false],"landscape":["https:\/\/arantv.az\/wp-content\/uploads\/2020\/10\/PervizAbubekirov.jpg",620,327,false],"portraits":["https:\/\/arantv.az\/wp-content\/uploads\/2020\/10\/PervizAbubekirov.jpg",620,327,false],"thumbnail":["https:\/\/arantv.az\/wp-content\/uploads\/2020\/10\/PervizAbubekirov-150x150.jpg",150,150,true],"medium":["https:\/\/arantv.az\/wp-content\/uploads\/2020\/10\/PervizAbubekirov-300x158.jpg",300,158,true],"large":["https:\/\/arantv.az\/wp-content\/uploads\/2020\/10\/PervizAbubekirov.jpg",620,327,false],"1536x1536":["https:\/\/arantv.az\/wp-content\/uploads\/2020\/10\/PervizAbubekirov.jpg",620,327,false],"2048x2048":["https:\/\/arantv.az\/wp-content\/uploads\/2020\/10\/PervizAbubekirov.jpg",620,327,false],"post-thumbnail":["https:\/\/arantv.az\/wp-content\/uploads\/2020\/10\/PervizAbubekirov-240x172.jpg",240,172,true],"advps-thumb-one":["https:\/\/arantv.az\/wp-content\/uploads\/2020\/10\/PervizAbubekirov.jpg",620,327,false]},"rttpg_author":{"display_name":"V\u00fcsal Rafiqo\u011flu","author_link":"https:\/\/arantv.az\/?author=2"},"rttpg_comment":0,"rttpg_category":"<a href=\"https:\/\/arantv.az\/?cat=26\" rel=\"category\">Sosial<\/a>","rttpg_excerpt":"\u201cMaskan\u0131 \u00e7\u0259n\u0259y\u0259, yox, t\u0259yinat\u0131 \u00fczr\u0259 yuxar\u0131 t\u0259n\u0259ff\u00fcs yollar\u0131n\u0131 \u00f6rt\u0259c\u0259k \u015f\u0259kild\u0259 taxmaq laz\u0131md\u0131r ki, virusdan qorunaq\u201d. Bunu AzTV-nin efirind\u0259 yay\u0131mlanan \u201cG\u00fcn Ba\u015flad\u0131\u201d verili\u015find\u0259 qonaq olark\u0259n S\u0259hiyy\u0259 Nazirliyinin m\u0259tbuat xidm\u0259tinin r\u0259hb\u0259ri P\u0259rviz Abub\u0259kirov deyib. O bildirib ki, yoluxma say\u0131n\u0131n art\u0131m\u0131na s\u0259b\u0259b insanlar aras\u0131nda yaranan rahatl\u0131q olub: \u201cTibbi maskalardan istifad\u0259y\u0259 laqeyd yana\u015f\u0131ld\u0131. Eyni zamanda da ictimai n\u0259qliyyatdan istifad\u0259&hellip;","_links":{"self":[{"href":"https:\/\/arantv.az\/index.php?rest_route=\/wp\/v2\/posts\/229271"}],"collection":[{"href":"https:\/\/arantv.az\/index.php?rest_route=\/wp\/v2\/posts"}],"about":[{"href":"https:\/\/arantv.az\/index.php?rest_route=\/wp\/v2\/types\/post"}],"author":[{"embeddable":true,"href":"https:\/\/arantv.az\/index.php?rest_route=\/wp\/v2\/users\/2"}],"replies":[{"embeddable":true,"href":"https:\/\/arantv.az\/index.php?rest_route=%2Fwp%2Fv2%2Fcomments&post=229271"}],"version-history":[{"count":0,"href":"https:\/\/arantv.az\/index.php?rest_route=\/wp\/v2\/posts\/229271\/revisions"}],"wp:featuredmedia":[{"embeddable":true,"href":"https:\/\/arantv.az\/index.php?rest_route=\/wp\/v2\/media\/229272"}],"wp:attachment":[{"href":"https:\/\/arantv.az\/index.php?rest_route=%2Fwp%2Fv2%2Fmedia&parent=229271"}],"wp:term":[{"taxonomy":"category","embeddable":true,"href":"https:\/\/arantv.az\/index.php?rest_route=%2Fwp%2Fv2%2Fcategories&post=229271"},{"taxonomy":"post_tag","embeddable":true,"href":"https:\/\/arantv.az\/index.php?rest_route=%2Fwp%2Fv2%2Ftags&post=229271"}],"curies":[{"name":"wp","href":"https:\/\/api.w.org\/{rel}","templated":true}]}}