{"id":229295,"date":"2020-10-22T14:25:09","date_gmt":"2020-10-22T11:25:09","guid":{"rendered":"http:\/\/arantv.az\/?p=229295"},"modified":"2020-10-22T14:25:09","modified_gmt":"2020-10-22T11:25:09","slug":"erm%c9%99nistan-doyus-meydaninda-cox-aci-m%c9%99glubiyy%c9%99tl%c9%99-uzl%c9%99sir-prezident-ilham-%c9%99liyev","status":"publish","type":"post","link":"https:\/\/arantv.az\/?p=229295","title":{"rendered":"&#8220;Erm\u0259nistan d\u00f6y\u00fc\u015f meydan\u0131nda \u00e7ox ac\u0131 m\u0259\u011flubiyy\u0259tl\u0259 \u00fczl\u0259\u015fir&#8221; &#8211; Prezident \u0130lham \u018fliyev"},"content":{"rendered":"<div class=\"fulltext\"><b>&#8220;Bilirsiniz ki, \u0259slind\u0259, Amerika Birl\u0259\u015fmi\u015f \u015etatlar\u0131, Rusiya v\u0259 Fransa Erm\u0259nistan v\u0259 Az\u0259rbaycan aras\u0131nda olan m\u00fcnaqi\u015f\u0259nin h\u0259ll yolunu tapmaq \u00fc\u00e7\u00fcn mandat\u0131 olan Minsk qrupunun \u00fc\u00e7 h\u0259ms\u0259dr \u00f6lk\u0259l\u0259ridir. Ona g\u00f6r\u0259 bizim nazirl\u0259rimizin bu \u00fc\u00e7 paytaxtda g\u00f6r\u00fc\u015fm\u0259si t\u0259biidir. Bu c\u00fcr g\u00f6r\u00fc\u015fl\u0259r \u0259vv\u0259ll\u0259r d\u0259f\u0259l\u0259rl\u0259 olmu\u015fdur. Bilirsiniz ki, Moskvaya da s\u0259f\u0259r edilmi\u015fdir, orada da g\u00f6r\u00fc\u015f olmu\u015fdur. Bel\u0259likl\u0259 bu, m\u00fcnaqi\u015f\u0259nin s\u00fclh yolu il\u0259 nizamlanmas\u0131 \u00fczr\u0259 dan\u0131\u015f\u0131qlar\u0131n davam\u0131d\u0131r. \u018flb\u0259tt\u0259 ki, indi yerd\u0259 v\u0259ziyy\u0259t d\u0259yi\u015fmi\u015fdir. Satus-kvo art\u0131q m\u00f6vcud deyil. T\u0259mas x\u0259tti d\u0259 m\u00f6vcud deyil. Buna g\u00f6r\u0259, \u0259lb\u0259tt\u0259, m\u0259n hesab edir\u0259m ki, indi Erm\u0259nistan r\u0259hb\u0259rliyi daha da m\u0259ntiqli davranmal\u0131d\u0131r v\u0259 i\u015f\u011fal edilmi\u015f \u0259razil\u0259rin bo\u015fald\u0131lmas\u0131na sadiq olmal\u0131d\u0131r. Bel\u0259likl\u0259, bu m\u00fczakir\u0259l\u0259rd\u0259 bizim \u0259sas m\u0259qs\u0259dimiz Erm\u0259nistan r\u0259hb\u0259rliyinin \u0259razil\u0259rimizin bo\u015fald\u0131lmas\u0131na haz\u0131r olub-olmamas\u0131n\u0131 v\u0259 haz\u0131r oldu\u011fu t\u0259qdird\u0259 bunun n\u0259 vaxt ba\u015f ver\u0259c\u0259yini m\u00fc\u0259yy\u0259n etm\u0259kdir&#8221;.<\/p>\n<p>D\u0130A.AZ bildirir ki, bu s\u00f6zl\u0259ri Az\u0259rbaycan Respublikas\u0131n\u0131n Prezidenti \u0130lham \u018fliyev oktyabr\u0131n 21-d\u0259 Yaponiyan\u0131n \u201cNikkei\u201d q\u0259zetin\u0259 verdiyi m\u00fcsahib\u0259sind\u0259 deyib.<\/p>\n<p>&#8220;Prezident Putin Sizi d\u0259 Moskvaya d\u0259v\u0259t edib?&#8221; sual\u0131na cavab ver\u0259n \u0130lham \u018fliyev &#8220;xeyr&#8221; cavab\u0131n\u0131 ver\u0259r\u0259k &#8220;d\u0259v\u0259t olunsayd\u0131n\u0131z, getm\u0259y\u0259 haz\u0131rs\u0131n\u0131zm\u0131&#8221; m\u0259s\u0259l\u0259sin\u0259 d\u0259 ayd\u0131nl\u0131q g\u0259tirib:<\/p>\n<p>&#8220;M\u0259n d\u0259f\u0259l\u0259rl\u0259 Prezident Putin t\u0259r\u0259find\u0259n d\u0259v\u0259t olunmu\u015fam v\u0259 Moskvaya d\u0259f\u0259l\u0259rl\u0259 s\u0259f\u0259r etmi\u015f\u0259m. B\u0259zi ill\u0259rd\u0259 h\u0259tta il \u0259rzind\u0259 bir ne\u00e7\u0259 d\u0259f\u0259 s\u0259f\u0259r etmi\u015f\u0259m. Odur ki, bu y\u00fcks\u0259ks\u0259viyy\u0259li t\u0259maslar\u0131n t\u0259r\u0259fda\u015f v\u0259 qon\u015fu \u00f6lk\u0259l\u0259r aras\u0131nda olmas\u0131 ad\u0259t edilmi\u015f bir hald\u0131r. H\u0259m\u00e7inin Prezident Putin d\u0259 Az\u0259rbaycana d\u0259f\u0259l\u0259rl\u0259 s\u0259f\u0259r edib&#8221;.<\/p>\n<p>Daha sonra \u00f6lk\u0259 Prezidenti yaponiyal\u0131 jurnalistin &#8220;\u0259g\u0259r c\u00fcm\u0259 g\u00fcn\u00fc nazirl\u0259rin g\u00f6r\u00fc\u015f\u00fcnd\u0259 h\u0259r hans\u0131 bir ir\u0259lil\u0259yi\u015f olsa, Moskvada Erm\u0259nistan\u0131n ba\u015f nazirinin qat\u0131laca\u011f\u0131 \u00fc\u00e7t\u0259r\u0259fli g\u00f6r\u00fc\u015f ke\u00e7iril\u0259 bil\u0259rmi&#8221; sual\u0131n\u0131 da a\u015fa\u011f\u0131dak\u0131 kimi cavabland\u0131r\u0131b:<\/p>\n<p>&#8220;B\u0259li, \u0259lb\u0259tt\u0259 ki, bu, m\u00fcmk\u00fcnd\u00fcr, \u00e7\u00fcnki bu n\u00f6v g\u00f6r\u00fc\u015fl\u0259r \u0259vv\u0259ll\u0259r d\u0259 olmu\u015fdur. \u018fg\u0259r bel\u0259 bir g\u00f6r\u00fc\u015f olsa, bu, g\u00fcnd\u0259liyin n\u0259d\u0259n ibar\u0259t oldu\u011fundan as\u0131l\u0131 olacaqd\u0131r. \u018ffsuslar olsun ki, Erm\u0259nistan\u0131n bu h\u00f6kum\u0259ti il\u0259 m\u00fcnaqi\u015f\u0259nin s\u00fclh yolu \u00fczr\u0259 nizamlanmas\u0131 perspektivl\u0259ri \u00e7ox uzaqd\u0131r. \u00c7\u00fcnki Erm\u0259nistan r\u0259hb\u0259rliyi t\u0259r\u0259find\u0259n verilmi\u015f \u00e7ox s\u0259m\u0259r\u0259siz v\u0259 t\u0259hrikedici b\u0259yanatlar, edilmi\u015f h\u0259r\u0259k\u0259tl\u0259r, \u0259slind\u0259, dan\u0131\u015f\u0131qlar\u0131 m\u0259nas\u0131z etmi\u015fdir. \u00c7\u00fcnki dan\u0131\u015f\u0131qlar masas\u0131nda \u0259sas m\u00f6vzu h\u0259mi\u015f\u0259 BMT T\u0259hl\u00fck\u0259sizlik \u015euras\u0131n\u0131n q\u0259tnam\u0259l\u0259rin\u0259 m\u00fcvafiq olaraq Az\u0259rbaycan\u0131n i\u015f\u011fal olunmu\u015f \u0259razil\u0259rinin bo\u015fald\u0131lmas\u0131 idi. Erm\u0259nistan\u0131n ba\u015f naziri \u201cQaraba\u011f Erm\u0259nistand\u0131r\u201d b\u0259yan ed\u0259nd\u0259, Az\u0259rbaycan\u0131n qondarma \u201cDa\u011fl\u0131q Qaraba\u011f h\u00f6kum\u0259ti\u201d il\u0259 dan\u0131\u015f\u0131qlar aparmal\u0131 oldu\u011funu dey\u0259nd\u0259, dinc G\u0259nc\u0259 \u015f\u0259h\u0259rin\u0259 ballistik raket z\u0259rb\u0259si vurmaq \u0259mri ver\u0259nd\u0259 v\u0259 Az\u0259rbaycan\u0131n dig\u0259r \u015f\u0259h\u0259rl\u0259rin\u0259 g\u00fcnd\u0259lik olaraq h\u00fccum ed\u0259nd\u0259, dan\u0131\u015f\u0131qlar\u0131 aparmaq \u00fc\u00e7\u00fcn o q\u0259d\u0259r d\u0259 imkan qalm\u0131r. Buna g\u00f6r\u0259 d\u0259 biz Erm\u0259nistan h\u00f6kum\u0259tin\u0259 s\u00fcbut etm\u0259li idik ki, art\u0131q onlar bu c\u0259zas\u0131z t\u0259cav\u00fczkar add\u0131mlar\u0131 ata bilm\u0259zl\u0259r. Biz onlar\u0131n c\u0259zas\u0131n\u0131 yerind\u0259 veririk, biz \u0259razil\u0259rimizi azad edirik, dem\u0259k olar ki, h\u0259r g\u00fcn m\u0259n Erm\u0259nistan\u0131n i\u015f\u011fal\u0131ndan azad olunmu\u015f yeni \u015f\u0259h\u0259r v\u0259 k\u0259ndl\u0259ri elan edir\u0259m. Erm\u0259nistan d\u00f6y\u00fc\u015f meydan\u0131nda \u00e7ox ac\u0131 m\u0259\u011flubiyy\u0259tl\u0259 \u00fczl\u0259\u015fir. Buna g\u00f6r\u0259 d\u0259, \u0259lb\u0259tt\u0259 ki, onlar daha m\u0259ntiqli davranmal\u0131d\u0131rlar v\u0259 birm\u0259nal\u0131 olaraq \u0259razil\u0259rin i\u015f\u011faldan azad edilm\u0259si ba\u015f verir. Biz buna s\u00fclh dan\u0131\u015f\u0131qlar\u0131 vasit\u0259sil\u0259 nail olmaq ist\u0259yirdik. Lakin Erm\u0259nistan\u0131n qeyri-konstruktiv m\u00f6vqeyi v\u0259 t\u0259hrikedici add\u0131mlar\u0131na g\u00f6r\u0259 bu, m\u00fcmk\u00fcn olmam\u0131\u015fd\u0131r. Buna g\u00f6r\u0259 biz indi d\u00f6y\u00fc\u015f meydan\u0131nda \u0259razil\u0259rimizi azad edirik&#8221;.<\/b><\/div>\n<p><center><\/p>\n<div class=\"addthis_toolbox addthis_default_style addthis_32x32_style\"><\/div>\n<p><\/center><\/p>\n","protected":false},"excerpt":{"rendered":"<p>&#8220;Bilirsiniz ki, \u0259slind\u0259, Amerika Birl\u0259\u015fmi\u015f \u015etatlar\u0131, Rusiya v\u0259 Fransa Erm\u0259nistan v\u0259 Az\u0259rbaycan aras\u0131nda olan m\u00fcnaqi\u015f\u0259nin h\u0259ll yolunu tapmaq \u00fc\u00e7\u00fcn mandat\u0131 olan Minsk qrupunun \u00fc\u00e7 h\u0259ms\u0259dr \u00f6lk\u0259l\u0259ridir. Ona g\u00f6r\u0259 bizim nazirl\u0259rimizin bu \u00fc\u00e7 paytaxtda g\u00f6r\u00fc\u015fm\u0259si t\u0259biidir. Bu c\u00fcr g\u00f6r\u00fc\u015fl\u0259r \u0259vv\u0259ll\u0259r d\u0259f\u0259l\u0259rl\u0259 olmu\u015fdur. Bilirsiniz ki, Moskvaya da s\u0259f\u0259r edilmi\u015fdir, orada da g\u00f6r\u00fc\u015f olmu\u015fdur. Bel\u0259likl\u0259 bu, m\u00fcnaqi\u015f\u0259nin s\u00fclh yolu il\u0259 nizamlanmas\u0131 \u00fczr\u0259 dan\u0131\u015f\u0131qlar\u0131n davam\u0131d\u0131r. \u018flb\u0259tt\u0259 ki, indi yerd\u0259 v\u0259ziyy\u0259t d\u0259yi\u015fmi\u015fdir. Satus-kvo art\u0131q m\u00f6vcud deyil. T\u0259mas x\u0259tti d\u0259 m\u00f6vcud deyil. Buna g\u00f6r\u0259, \u0259lb\u0259tt\u0259, m\u0259n hesab edir\u0259m ki, indi Erm\u0259nistan r\u0259hb\u0259rliyi daha da m\u0259ntiqli davranmal\u0131d\u0131r&hellip;<\/p>\n","protected":false},"author":2,"featured_media":229296,"comment_status":"closed","ping_status":"closed","sticky":false,"template":"","format":"standard","meta":{"om_disable_all_campaigns":false,"_monsterinsights_skip_tracking":false,"_monsterinsights_sitenote_active":false,"_monsterinsights_sitenote_note":"","_monsterinsights_sitenote_category":0},"categories":[19],"tags":[],"aioseo_notices":[],"gutentor_comment":0,"rttpg_featured_image_url":{"full":["https:\/\/arantv.az\/wp-content\/uploads\/2020\/10\/1603362063_0001.jpg",450,390,false],"landscape":["https:\/\/arantv.az\/wp-content\/uploads\/2020\/10\/1603362063_0001.jpg",450,390,false],"portraits":["https:\/\/arantv.az\/wp-content\/uploads\/2020\/10\/1603362063_0001.jpg",450,390,false],"thumbnail":["https:\/\/arantv.az\/wp-content\/uploads\/2020\/10\/1603362063_0001-150x150.jpg",150,150,true],"medium":["https:\/\/arantv.az\/wp-content\/uploads\/2020\/10\/1603362063_0001-300x260.jpg",300,260,true],"large":["https:\/\/arantv.az\/wp-content\/uploads\/2020\/10\/1603362063_0001.jpg",450,390,false],"1536x1536":["https:\/\/arantv.az\/wp-content\/uploads\/2020\/10\/1603362063_0001.jpg",450,390,false],"2048x2048":["https:\/\/arantv.az\/wp-content\/uploads\/2020\/10\/1603362063_0001.jpg",450,390,false],"post-thumbnail":["https:\/\/arantv.az\/wp-content\/uploads\/2020\/10\/1603362063_0001-240x172.jpg",240,172,true],"advps-thumb-one":["https:\/\/arantv.az\/wp-content\/uploads\/2020\/10\/1603362063_0001.jpg",450,390,false]},"rttpg_author":{"display_name":"V\u00fcsal Rafiqo\u011flu","author_link":"https:\/\/arantv.az\/?author=2"},"rttpg_comment":0,"rttpg_category":"<a href=\"https:\/\/arantv.az\/?cat=19\" rel=\"category\">G\u00fcnd\u0259m<\/a>","rttpg_excerpt":"&#8220;Bilirsiniz ki, \u0259slind\u0259, Amerika Birl\u0259\u015fmi\u015f \u015etatlar\u0131, Rusiya v\u0259 Fransa Erm\u0259nistan v\u0259 Az\u0259rbaycan aras\u0131nda olan m\u00fcnaqi\u015f\u0259nin h\u0259ll yolunu tapmaq \u00fc\u00e7\u00fcn mandat\u0131 olan Minsk qrupunun \u00fc\u00e7 h\u0259ms\u0259dr \u00f6lk\u0259l\u0259ridir. Ona g\u00f6r\u0259 bizim nazirl\u0259rimizin bu \u00fc\u00e7 paytaxtda g\u00f6r\u00fc\u015fm\u0259si t\u0259biidir. Bu c\u00fcr g\u00f6r\u00fc\u015fl\u0259r \u0259vv\u0259ll\u0259r d\u0259f\u0259l\u0259rl\u0259 olmu\u015fdur. Bilirsiniz ki, Moskvaya da s\u0259f\u0259r edilmi\u015fdir, orada da g\u00f6r\u00fc\u015f olmu\u015fdur. Bel\u0259likl\u0259 bu, m\u00fcnaqi\u015f\u0259nin s\u00fclh&hellip;","_links":{"self":[{"href":"https:\/\/arantv.az\/index.php?rest_route=\/wp\/v2\/posts\/229295"}],"collection":[{"href":"https:\/\/arantv.az\/index.php?rest_route=\/wp\/v2\/posts"}],"about":[{"href":"https:\/\/arantv.az\/index.php?rest_route=\/wp\/v2\/types\/post"}],"author":[{"embeddable":true,"href":"https:\/\/arantv.az\/index.php?rest_route=\/wp\/v2\/users\/2"}],"replies":[{"embeddable":true,"href":"https:\/\/arantv.az\/index.php?rest_route=%2Fwp%2Fv2%2Fcomments&post=229295"}],"version-history":[{"count":0,"href":"https:\/\/arantv.az\/index.php?rest_route=\/wp\/v2\/posts\/229295\/revisions"}],"wp:featuredmedia":[{"embeddable":true,"href":"https:\/\/arantv.az\/index.php?rest_route=\/wp\/v2\/media\/229296"}],"wp:attachment":[{"href":"https:\/\/arantv.az\/index.php?rest_route=%2Fwp%2Fv2%2Fmedia&parent=229295"}],"wp:term":[{"taxonomy":"category","embeddable":true,"href":"https:\/\/arantv.az\/index.php?rest_route=%2Fwp%2Fv2%2Fcategories&post=229295"},{"taxonomy":"post_tag","embeddable":true,"href":"https:\/\/arantv.az\/index.php?rest_route=%2Fwp%2Fv2%2Ftags&post=229295"}],"curies":[{"name":"wp","href":"https:\/\/api.w.org\/{rel}","templated":true}]}}