{"id":229299,"date":"2020-10-22T14:26:15","date_gmt":"2020-10-22T11:26:15","guid":{"rendered":"http:\/\/arantv.az\/?p=229299"},"modified":"2020-10-22T14:26:15","modified_gmt":"2020-10-22T11:26:15","slug":"biz-haqliyiq-biz-isgala-m%c9%99ruz-qalmisiq-prezident-ilham-%c9%99liyev","status":"publish","type":"post","link":"https:\/\/arantv.az\/?p=229299","title":{"rendered":"&#8220;Biz haql\u0131y\u0131q, biz i\u015f\u011fala m\u0259ruz qalm\u0131\u015f\u0131q&#8221; &#8211; Prezident \u0130lham \u018fliyev"},"content":{"rendered":"<p><b>\u201cBiz bu ill\u0259r \u0259rzind\u0259 beyn\u0259lxalq al\u0259m\u0259 s\u00fcbut edirdik v\u0259 hesab edir\u0259m, s\u00fcbut ed\u0259 bilmi\u015fik ki, biz haql\u0131y\u0131q, biz i\u015f\u011fala m\u0259ruz qalm\u0131\u015f\u0131q. Bu g\u00fcn i\u015f\u011faldan azad edilmi\u015f \u015f\u0259h\u0259rl\u0259rin, k\u0259ndl\u0259rin m\u0259nz\u0259r\u0259si g\u00f6st\u0259rir ki, biz hans\u0131 v\u0259h\u015fil\u0259rl\u0259 \u00fcz-\u00fcz\u0259yik\u201d.<\/p>\n<p>Bunu Az\u0259rbaycan Respublikas\u0131n\u0131n Prezidenti \u0130lham \u018fliyev oktyabr\u0131n 22-d\u0259 T\u00fcrkiy\u0259 Respublikas\u0131n\u0131n Ba\u015f Ombudsman\u0131 \u015e\u0259r\u0259f Malko\u00e7u q\u0259bul ed\u0259rk\u0259n deyib.<\/p>\n<p>Az\u0259rbaycan Prezidenti bildirib ki, o \u015f\u0259h\u0259rl\u0259rd\u0259, o k\u0259ndl\u0259rd\u0259, onlar\u0131n b\u00f6y\u00fck \u0259ks\u0259riyy\u0259tind\u0259 bir d\u0259n\u0259 d\u0259 salamat bina qalmay\u0131b.<\/p>\n<p>\u201cF\u00fczuli \u015f\u0259h\u0259rini tamamil\u0259 da\u011f\u0131d\u0131blar. Bir salamat bina tapa bilm\u0259dik ki, orada Az\u0259rbaycan bayra\u011f\u0131n\u0131 qald\u0131raq v\u0259 n\u0259hay\u0259t, bu m\u0259rasim d\u0259 ke\u00e7irildi. B\u00fct\u00fcn k\u0259ndl\u0259rimizin binalar\u0131 da\u011f\u0131d\u0131l\u0131b, m\u0259scidl\u0259rimiz da\u011f\u0131d\u0131l\u0131b. D\u00fcn\u0259n internetd\u0259 Z\u0259ngilan\u0131n bir k\u0259ndind\u0259 da\u011f\u0131lm\u0131\u015f m\u0259scidin g\u00f6r\u00fcnt\u00fcl\u0259rini b\u00fct\u00fcn d\u00fcnya g\u00f6rd\u00fc. O m\u0259scidd\u0259 donuzlar saxlay\u0131blar. Bizim m\u0259scidl\u0259rimizi t\u0259hqir edibl\u0259r. Bizim b\u00fct\u00fcn tarixi abid\u0259l\u0259rimizi da\u011f\u0131d\u0131blar. Evl\u0259rd\u0259n dem\u0259k olar ki, yaln\u0131z da\u015flar qal\u0131b. B\u00fct\u00fcn dam \u00f6rt\u00fckl\u0259ri, p\u0259nc\u0259r\u0259l\u0259r, \u0259\u015fyalar talan edilib.<\/p>\n<p>\u018ffsuslar olsun ki, 1990-c\u0131 ill\u0259rin \u0259vv\u0259ll\u0259rind\u0259 xaricd\u0259n g\u0259l\u0259n d\u0259st\u0259k hesab\u0131na onlar bizim torpaqlar\u0131m\u0131z\u0131 z\u0259bt edibl\u0259r. \u0130ndi d\u0259, indiki \u015f\u0259raitd\u0259 d\u0259 biz g\u00f6r\u00fcr\u00fck ki, onlara xaricd\u0259n yard\u0131m edilir. Oraya muzdlular, pullu \u0259sg\u0259rl\u0259r g\u00f6nd\u0259rilir. Oraya b\u00f6y\u00fck silahlar g\u00f6nd\u0259rilir. Buna baxmayaraq, biz bu \u00e7irkin rejimin belini q\u0131r\u0131r\u0131q, q\u0131raca\u011f\u0131q. Haqq i\u015fimizi davam etdiririk, T\u00fcrkiy\u0259 kimi qarda\u015f \u00f6lk\u0259 yan\u0131m\u0131zdad\u0131r, h\u0259r zaman birlikd\u0259yik. Bir daha siz\u0259 t\u0259\u015f\u0259kk\u00fcr edir\u0259m\u201d, &#8211; Az\u0259rbaycan Prezidenti \u0259lav\u0259 edib.<\/b><\/p>\n","protected":false},"excerpt":{"rendered":"<p>\u201cBiz bu ill\u0259r \u0259rzind\u0259 beyn\u0259lxalq al\u0259m\u0259 s\u00fcbut edirdik v\u0259 hesab edir\u0259m, s\u00fcbut ed\u0259 bilmi\u015fik ki, biz haql\u0131y\u0131q, biz i\u015f\u011fala m\u0259ruz qalm\u0131\u015f\u0131q. Bu g\u00fcn i\u015f\u011faldan azad edilmi\u015f \u015f\u0259h\u0259rl\u0259rin, k\u0259ndl\u0259rin m\u0259nz\u0259r\u0259si g\u00f6st\u0259rir ki, biz hans\u0131 v\u0259h\u015fil\u0259rl\u0259 \u00fcz-\u00fcz\u0259yik\u201d. Bunu Az\u0259rbaycan Respublikas\u0131n\u0131n Prezidenti \u0130lham \u018fliyev oktyabr\u0131n 22-d\u0259 T\u00fcrkiy\u0259 Respublikas\u0131n\u0131n Ba\u015f Ombudsman\u0131 \u015e\u0259r\u0259f Malko\u00e7u q\u0259bul ed\u0259rk\u0259n deyib. Az\u0259rbaycan Prezidenti bildirib ki, o \u015f\u0259h\u0259rl\u0259rd\u0259, o k\u0259ndl\u0259rd\u0259, onlar\u0131n b\u00f6y\u00fck \u0259ks\u0259riyy\u0259tind\u0259 bir d\u0259n\u0259 d\u0259 salamat bina qalmay\u0131b. \u201cF\u00fczuli \u015f\u0259h\u0259rini tamamil\u0259 da\u011f\u0131d\u0131blar. Bir salamat bina tapa bilm\u0259dik ki, orada Az\u0259rbaycan bayra\u011f\u0131n\u0131 qald\u0131raq v\u0259 n\u0259hay\u0259t, bu m\u0259rasim d\u0259 ke\u00e7irildi. B\u00fct\u00fcn&hellip;<\/p>\n","protected":false},"author":2,"featured_media":229300,"comment_status":"closed","ping_status":"closed","sticky":false,"template":"","format":"standard","meta":{"om_disable_all_campaigns":false,"_monsterinsights_skip_tracking":false,"_monsterinsights_sitenote_active":false,"_monsterinsights_sitenote_note":"","_monsterinsights_sitenote_category":0},"categories":[1],"tags":[],"aioseo_notices":[],"gutentor_comment":0,"rttpg_featured_image_url":{"full":["https:\/\/arantv.az\/wp-content\/uploads\/2020\/10\/1603355435_777.jpg",450,292,false],"landscape":["https:\/\/arantv.az\/wp-content\/uploads\/2020\/10\/1603355435_777.jpg",450,292,false],"portraits":["https:\/\/arantv.az\/wp-content\/uploads\/2020\/10\/1603355435_777.jpg",450,292,false],"thumbnail":["https:\/\/arantv.az\/wp-content\/uploads\/2020\/10\/1603355435_777-150x150.jpg",150,150,true],"medium":["https:\/\/arantv.az\/wp-content\/uploads\/2020\/10\/1603355435_777-300x195.jpg",300,195,true],"large":["https:\/\/arantv.az\/wp-content\/uploads\/2020\/10\/1603355435_777.jpg",450,292,false],"1536x1536":["https:\/\/arantv.az\/wp-content\/uploads\/2020\/10\/1603355435_777.jpg",450,292,false],"2048x2048":["https:\/\/arantv.az\/wp-content\/uploads\/2020\/10\/1603355435_777.jpg",450,292,false],"post-thumbnail":["https:\/\/arantv.az\/wp-content\/uploads\/2020\/10\/1603355435_777-240x172.jpg",240,172,true],"advps-thumb-one":["https:\/\/arantv.az\/wp-content\/uploads\/2020\/10\/1603355435_777.jpg",450,292,false]},"rttpg_author":{"display_name":"V\u00fcsal Rafiqo\u011flu","author_link":"https:\/\/arantv.az\/?author=2"},"rttpg_comment":0,"rttpg_category":"<a href=\"https:\/\/arantv.az\/?cat=1\" rel=\"category\">C\u0259miyy\u0259t<\/a>","rttpg_excerpt":"\u201cBiz bu ill\u0259r \u0259rzind\u0259 beyn\u0259lxalq al\u0259m\u0259 s\u00fcbut edirdik v\u0259 hesab edir\u0259m, s\u00fcbut ed\u0259 bilmi\u015fik ki, biz haql\u0131y\u0131q, biz i\u015f\u011fala m\u0259ruz qalm\u0131\u015f\u0131q. Bu g\u00fcn i\u015f\u011faldan azad edilmi\u015f \u015f\u0259h\u0259rl\u0259rin, k\u0259ndl\u0259rin m\u0259nz\u0259r\u0259si g\u00f6st\u0259rir ki, biz hans\u0131 v\u0259h\u015fil\u0259rl\u0259 \u00fcz-\u00fcz\u0259yik\u201d. Bunu Az\u0259rbaycan Respublikas\u0131n\u0131n Prezidenti \u0130lham \u018fliyev oktyabr\u0131n 22-d\u0259 T\u00fcrkiy\u0259 Respublikas\u0131n\u0131n Ba\u015f Ombudsman\u0131 \u015e\u0259r\u0259f Malko\u00e7u q\u0259bul ed\u0259rk\u0259n deyib. Az\u0259rbaycan Prezidenti bildirib&hellip;","_links":{"self":[{"href":"https:\/\/arantv.az\/index.php?rest_route=\/wp\/v2\/posts\/229299"}],"collection":[{"href":"https:\/\/arantv.az\/index.php?rest_route=\/wp\/v2\/posts"}],"about":[{"href":"https:\/\/arantv.az\/index.php?rest_route=\/wp\/v2\/types\/post"}],"author":[{"embeddable":true,"href":"https:\/\/arantv.az\/index.php?rest_route=\/wp\/v2\/users\/2"}],"replies":[{"embeddable":true,"href":"https:\/\/arantv.az\/index.php?rest_route=%2Fwp%2Fv2%2Fcomments&post=229299"}],"version-history":[{"count":0,"href":"https:\/\/arantv.az\/index.php?rest_route=\/wp\/v2\/posts\/229299\/revisions"}],"wp:featuredmedia":[{"embeddable":true,"href":"https:\/\/arantv.az\/index.php?rest_route=\/wp\/v2\/media\/229300"}],"wp:attachment":[{"href":"https:\/\/arantv.az\/index.php?rest_route=%2Fwp%2Fv2%2Fmedia&parent=229299"}],"wp:term":[{"taxonomy":"category","embeddable":true,"href":"https:\/\/arantv.az\/index.php?rest_route=%2Fwp%2Fv2%2Fcategories&post=229299"},{"taxonomy":"post_tag","embeddable":true,"href":"https:\/\/arantv.az\/index.php?rest_route=%2Fwp%2Fv2%2Ftags&post=229299"}],"curies":[{"name":"wp","href":"https:\/\/api.w.org\/{rel}","templated":true}]}}