{"id":229322,"date":"2020-10-22T17:58:39","date_gmt":"2020-10-22T14:58:39","guid":{"rendered":"http:\/\/arantv.az\/?p=229322"},"modified":"2020-10-22T17:58:39","modified_gmt":"2020-10-22T14:58:39","slug":"ali-bas-komandan-az%c9%99rbaycan-v%c9%99-iran-dovl%c9%99t-s%c9%99rh%c9%99di-tam-n%c9%99zar%c9%99t%c9%99-goturuldu","status":"publish","type":"post","link":"https:\/\/arantv.az\/?p=229322","title":{"rendered":"Ali Ba\u015f Komandan: \u201cAz\u0259rbaycan v\u0259 \u0130ran d\u00f6vl\u0259t s\u0259rh\u0259di tam n\u0259zar\u0259t\u0259 g\u00f6t\u00fcr\u00fcld\u00fc\u201d"},"content":{"rendered":"<p>\u201cA\u011fb\u0259nd q\u0259s\u0259b\u0259sinin azad edilm\u0259si il\u0259 Az\u0259rbaycan v\u0259 \u0130ran \u0130slam Respublikas\u0131 d\u00f6vl\u0259t s\u0259rh\u0259dinin tam n\u0259zar\u0259t\u0259 g\u00f6t\u00fcr\u00fclm\u0259si t\u0259min olundu. Bu m\u00fcnasib\u0259tl\u0259 Az\u0259rbaycan v\u0259 \u0130ran xalq\u0131n\u0131 t\u0259brik edir\u0259m. E\u015fq olsun m\u00fcz\u0259ff\u0259r Az\u0259rbaycan Ordusuna!\u201d<\/p>\n<p>Bu bar\u0259d\u0259 Az\u0259rbaycan Respublikas\u0131n\u0131n Prezidenti, Silahl\u0131 Q\u00fcvv\u0259l\u0259rin Ali Ba\u015f Komandan\u0131 \u0130lham \u018fliyev \u00f6z\u00fcn\u00fcn r\u0259smi tvitter s\u0259hif\u0259sind\u0259 bildirib.<\/p>\n<div>\n<div>\n<blockquote class=\"twitter-tweet\">\n<p dir=\"ltr\" lang=\"tr\">A\u011fb\u0259nd q\u0259s\u0259b\u0259sinin azad edilm\u0259si il\u0259 Az\u0259rbaycan v\u0259 \u0130ran \u0130slam Respublikas\u0131 d\u00f6vl\u0259t s\u0259rh\u0259dinin tam n\u0259zar\u0259t\u0259 g\u00f6t\u00fcr\u00fclm\u0259si t\u0259min olundu. Bu m\u00fcnasib\u0259tl\u0259 Az\u0259rbaycan v\u0259 \u0130ran xalq\u0131n\u0131 t\u0259brik edir\u0259m. E\u015fq olsun m\u00fcz\u0259ff\u0259r Az\u0259rbaycan Ordusuna!<\/p>\n<p>\u2014 \u0130lham \u018fliyev (@azpresident)\u00a0<a href=\"https:\/\/twitter.com\/azpresident\/status\/1319287145996058628?ref_src=twsrc%5Etfw\">October 22, 2020<\/a><\/p><\/blockquote>\n<\/div>\n<\/div>\n","protected":false},"excerpt":{"rendered":"<p>\u201cA\u011fb\u0259nd q\u0259s\u0259b\u0259sinin azad edilm\u0259si il\u0259 Az\u0259rbaycan v\u0259 \u0130ran \u0130slam Respublikas\u0131 d\u00f6vl\u0259t s\u0259rh\u0259dinin tam n\u0259zar\u0259t\u0259 g\u00f6t\u00fcr\u00fclm\u0259si t\u0259min olundu. Bu m\u00fcnasib\u0259tl\u0259 Az\u0259rbaycan v\u0259 \u0130ran xalq\u0131n\u0131 t\u0259brik edir\u0259m. E\u015fq olsun m\u00fcz\u0259ff\u0259r Az\u0259rbaycan Ordusuna!\u201d Bu bar\u0259d\u0259 Az\u0259rbaycan Respublikas\u0131n\u0131n Prezidenti, Silahl\u0131 Q\u00fcvv\u0259l\u0259rin Ali Ba\u015f Komandan\u0131 \u0130lham \u018fliyev \u00f6z\u00fcn\u00fcn r\u0259smi tvitter s\u0259hif\u0259sind\u0259 bildirib. A\u011fb\u0259nd q\u0259s\u0259b\u0259sinin azad edilm\u0259si il\u0259 Az\u0259rbaycan v\u0259 \u0130ran \u0130slam Respublikas\u0131 d\u00f6vl\u0259t s\u0259rh\u0259dinin tam n\u0259zar\u0259t\u0259 g\u00f6t\u00fcr\u00fclm\u0259si t\u0259min olundu. Bu m\u00fcnasib\u0259tl\u0259 Az\u0259rbaycan v\u0259 \u0130ran xalq\u0131n\u0131 t\u0259brik edir\u0259m. E\u015fq olsun m\u00fcz\u0259ff\u0259r Az\u0259rbaycan Ordusuna! \u2014 \u0130lham \u018fliyev (@azpresident)\u00a0October 22, 2020<\/p>\n","protected":false},"author":2,"featured_media":229323,"comment_status":"closed","ping_status":"closed","sticky":false,"template":"","format":"standard","meta":{"om_disable_all_campaigns":false,"_monsterinsights_skip_tracking":false,"_monsterinsights_sitenote_active":false,"_monsterinsights_sitenote_note":"","_monsterinsights_sitenote_category":0},"categories":[19],"tags":[],"aioseo_notices":[],"gutentor_comment":0,"rttpg_featured_image_url":{"full":["https:\/\/arantv.az\/wp-content\/uploads\/2020\/10\/tezis.jpg",620,351,false],"landscape":["https:\/\/arantv.az\/wp-content\/uploads\/2020\/10\/tezis.jpg",620,351,false],"portraits":["https:\/\/arantv.az\/wp-content\/uploads\/2020\/10\/tezis.jpg",620,351,false],"thumbnail":["https:\/\/arantv.az\/wp-content\/uploads\/2020\/10\/tezis-150x150.jpg",150,150,true],"medium":["https:\/\/arantv.az\/wp-content\/uploads\/2020\/10\/tezis-300x170.jpg",300,170,true],"large":["https:\/\/arantv.az\/wp-content\/uploads\/2020\/10\/tezis.jpg",620,351,false],"1536x1536":["https:\/\/arantv.az\/wp-content\/uploads\/2020\/10\/tezis.jpg",620,351,false],"2048x2048":["https:\/\/arantv.az\/wp-content\/uploads\/2020\/10\/tezis.jpg",620,351,false],"post-thumbnail":["https:\/\/arantv.az\/wp-content\/uploads\/2020\/10\/tezis-240x172.jpg",240,172,true],"advps-thumb-one":["https:\/\/arantv.az\/wp-content\/uploads\/2020\/10\/tezis.jpg",620,351,false]},"rttpg_author":{"display_name":"V\u00fcsal Rafiqo\u011flu","author_link":"https:\/\/arantv.az\/?author=2"},"rttpg_comment":0,"rttpg_category":"<a href=\"https:\/\/arantv.az\/?cat=19\" rel=\"category\">G\u00fcnd\u0259m<\/a>","rttpg_excerpt":"\u201cA\u011fb\u0259nd q\u0259s\u0259b\u0259sinin azad edilm\u0259si il\u0259 Az\u0259rbaycan v\u0259 \u0130ran \u0130slam Respublikas\u0131 d\u00f6vl\u0259t s\u0259rh\u0259dinin tam n\u0259zar\u0259t\u0259 g\u00f6t\u00fcr\u00fclm\u0259si t\u0259min olundu. Bu m\u00fcnasib\u0259tl\u0259 Az\u0259rbaycan v\u0259 \u0130ran xalq\u0131n\u0131 t\u0259brik edir\u0259m. E\u015fq olsun m\u00fcz\u0259ff\u0259r Az\u0259rbaycan Ordusuna!\u201d Bu bar\u0259d\u0259 Az\u0259rbaycan Respublikas\u0131n\u0131n Prezidenti, Silahl\u0131 Q\u00fcvv\u0259l\u0259rin Ali Ba\u015f Komandan\u0131 \u0130lham \u018fliyev \u00f6z\u00fcn\u00fcn r\u0259smi tvitter s\u0259hif\u0259sind\u0259 bildirib. A\u011fb\u0259nd q\u0259s\u0259b\u0259sinin azad edilm\u0259si il\u0259 Az\u0259rbaycan v\u0259 \u0130ran&hellip;","_links":{"self":[{"href":"https:\/\/arantv.az\/index.php?rest_route=\/wp\/v2\/posts\/229322"}],"collection":[{"href":"https:\/\/arantv.az\/index.php?rest_route=\/wp\/v2\/posts"}],"about":[{"href":"https:\/\/arantv.az\/index.php?rest_route=\/wp\/v2\/types\/post"}],"author":[{"embeddable":true,"href":"https:\/\/arantv.az\/index.php?rest_route=\/wp\/v2\/users\/2"}],"replies":[{"embeddable":true,"href":"https:\/\/arantv.az\/index.php?rest_route=%2Fwp%2Fv2%2Fcomments&post=229322"}],"version-history":[{"count":0,"href":"https:\/\/arantv.az\/index.php?rest_route=\/wp\/v2\/posts\/229322\/revisions"}],"wp:featuredmedia":[{"embeddable":true,"href":"https:\/\/arantv.az\/index.php?rest_route=\/wp\/v2\/media\/229323"}],"wp:attachment":[{"href":"https:\/\/arantv.az\/index.php?rest_route=%2Fwp%2Fv2%2Fmedia&parent=229322"}],"wp:term":[{"taxonomy":"category","embeddable":true,"href":"https:\/\/arantv.az\/index.php?rest_route=%2Fwp%2Fv2%2Fcategories&post=229322"},{"taxonomy":"post_tag","embeddable":true,"href":"https:\/\/arantv.az\/index.php?rest_route=%2Fwp%2Fv2%2Ftags&post=229322"}],"curies":[{"name":"wp","href":"https:\/\/api.w.org\/{rel}","templated":true}]}}