{"id":229334,"date":"2020-10-22T18:05:18","date_gmt":"2020-10-22T15:05:18","guid":{"rendered":"http:\/\/arantv.az\/?p=229334"},"modified":"2020-10-22T18:05:18","modified_gmt":"2020-10-22T15:05:18","slug":"pasinyanin-yalvaris-ucun-yaratdigi-whatsapp-qrupu-satirik-videocarx","status":"publish","type":"post","link":"https:\/\/arantv.az\/?p=229334","title":{"rendered":"Pa\u015finyan\u0131n yalvar\u0131\u015f \u00fc\u00e7\u00fcn \u201cyaratd\u0131\u011f\u0131\u201d \u201cWhatsApp\u201d qrupu &#8211; SAT\u0130R\u0130K V\u0130DEO\u00c7ARX"},"content":{"rendered":"<p>Sosial \u015f\u0259b\u0259k\u0259 istifad\u0259\u00e7il\u0259ri t\u0259r\u0259find\u0259n Erm\u0259nistan\u0131n Ba\u015f naziri Nikol Pa\u015finyan\u0131n \u00e7ar\u0259sizc\u0259 yard\u0131m axtarmas\u0131 il\u0259 ba\u011fl\u0131 satirik video\u00e7arx haz\u0131rlan\u0131b.<\/p>\n<p>G\u00fcl\u00fc\u015f do\u011furan video\u00e7arxda Pa\u015finyan\u0131n \u201cWhatsApp\u201d qrupu yaratd\u0131\u011f\u0131 v\u0259 bu qrupda Rusiya Prezidenti Vladimir Putind\u0259n, Fransa Prezidenti Emmanuel Makrondan, Almaniya kansleri Angela Merkeld\u0259n m\u0259d\u0259t ummas\u0131, onlar\u0131n is\u0259\u00a0Pa\u015finyan\u0131n yalvar\u0131\u015flar\u0131na cavab verm\u0259m\u0259si \u0259ks olunub.<\/p>\n<div><iframe loading=\"lazy\" src=\"https:\/\/player.baku.tv\/embed\/26576\" width=\"560\" height=\"315\" frameborder=\"0\" allowfullscreen=\"allowfullscreen\" data-mce-fragment=\"1\"><\/iframe><\/div>\n<p>&nbsp;<\/p>\n","protected":false},"excerpt":{"rendered":"<p>Sosial \u015f\u0259b\u0259k\u0259 istifad\u0259\u00e7il\u0259ri t\u0259r\u0259find\u0259n Erm\u0259nistan\u0131n Ba\u015f naziri Nikol Pa\u015finyan\u0131n \u00e7ar\u0259sizc\u0259 yard\u0131m axtarmas\u0131 il\u0259 ba\u011fl\u0131 satirik video\u00e7arx haz\u0131rlan\u0131b. G\u00fcl\u00fc\u015f do\u011furan video\u00e7arxda Pa\u015finyan\u0131n \u201cWhatsApp\u201d qrupu yaratd\u0131\u011f\u0131 v\u0259 bu qrupda Rusiya Prezidenti Vladimir Putind\u0259n, Fransa Prezidenti Emmanuel Makrondan, Almaniya kansleri Angela Merkeld\u0259n m\u0259d\u0259t ummas\u0131, onlar\u0131n is\u0259\u00a0Pa\u015finyan\u0131n yalvar\u0131\u015flar\u0131na cavab verm\u0259m\u0259si \u0259ks olunub. &nbsp;<\/p>\n","protected":false},"author":2,"featured_media":229335,"comment_status":"closed","ping_status":"closed","sticky":false,"template":"","format":"standard","meta":{"om_disable_all_campaigns":false,"_monsterinsights_skip_tracking":false,"_monsterinsights_sitenote_active":false,"_monsterinsights_sitenote_note":"","_monsterinsights_sitenote_category":0},"categories":[19],"tags":[],"aioseo_notices":[],"gutentor_comment":0,"rttpg_featured_image_url":{"full":["https:\/\/arantv.az\/wp-content\/uploads\/2020\/10\/Pa\u00c5_ik.jpg",620,412,false],"landscape":["https:\/\/arantv.az\/wp-content\/uploads\/2020\/10\/Pa\u00c5_ik.jpg",620,412,false],"portraits":["https:\/\/arantv.az\/wp-content\/uploads\/2020\/10\/Pa\u00c5_ik.jpg",620,412,false],"thumbnail":["https:\/\/arantv.az\/wp-content\/uploads\/2020\/10\/Pa\u00c5_ik-150x150.jpg",150,150,true],"medium":["https:\/\/arantv.az\/wp-content\/uploads\/2020\/10\/Pa\u00c5_ik-300x199.jpg",300,199,true],"large":["https:\/\/arantv.az\/wp-content\/uploads\/2020\/10\/Pa\u00c5_ik.jpg",620,412,false],"1536x1536":["https:\/\/arantv.az\/wp-content\/uploads\/2020\/10\/Pa\u00c5_ik.jpg",620,412,false],"2048x2048":["https:\/\/arantv.az\/wp-content\/uploads\/2020\/10\/Pa\u00c5_ik.jpg",620,412,false],"post-thumbnail":["https:\/\/arantv.az\/wp-content\/uploads\/2020\/10\/Pa\u00c5_ik-240x172.jpg",240,172,true],"advps-thumb-one":["https:\/\/arantv.az\/wp-content\/uploads\/2020\/10\/Pa\u00c5_ik.jpg",620,412,false]},"rttpg_author":{"display_name":"V\u00fcsal Rafiqo\u011flu","author_link":"https:\/\/arantv.az\/?author=2"},"rttpg_comment":0,"rttpg_category":"<a href=\"https:\/\/arantv.az\/?cat=19\" rel=\"category\">G\u00fcnd\u0259m<\/a>","rttpg_excerpt":"Sosial \u015f\u0259b\u0259k\u0259 istifad\u0259\u00e7il\u0259ri t\u0259r\u0259find\u0259n Erm\u0259nistan\u0131n Ba\u015f naziri Nikol Pa\u015finyan\u0131n \u00e7ar\u0259sizc\u0259 yard\u0131m axtarmas\u0131 il\u0259 ba\u011fl\u0131 satirik video\u00e7arx haz\u0131rlan\u0131b. G\u00fcl\u00fc\u015f do\u011furan video\u00e7arxda Pa\u015finyan\u0131n \u201cWhatsApp\u201d qrupu yaratd\u0131\u011f\u0131 v\u0259 bu qrupda Rusiya Prezidenti Vladimir Putind\u0259n, Fransa Prezidenti Emmanuel Makrondan, Almaniya kansleri Angela Merkeld\u0259n m\u0259d\u0259t ummas\u0131, onlar\u0131n is\u0259\u00a0Pa\u015finyan\u0131n yalvar\u0131\u015flar\u0131na cavab verm\u0259m\u0259si \u0259ks olunub. &nbsp;","_links":{"self":[{"href":"https:\/\/arantv.az\/index.php?rest_route=\/wp\/v2\/posts\/229334"}],"collection":[{"href":"https:\/\/arantv.az\/index.php?rest_route=\/wp\/v2\/posts"}],"about":[{"href":"https:\/\/arantv.az\/index.php?rest_route=\/wp\/v2\/types\/post"}],"author":[{"embeddable":true,"href":"https:\/\/arantv.az\/index.php?rest_route=\/wp\/v2\/users\/2"}],"replies":[{"embeddable":true,"href":"https:\/\/arantv.az\/index.php?rest_route=%2Fwp%2Fv2%2Fcomments&post=229334"}],"version-history":[{"count":0,"href":"https:\/\/arantv.az\/index.php?rest_route=\/wp\/v2\/posts\/229334\/revisions"}],"wp:featuredmedia":[{"embeddable":true,"href":"https:\/\/arantv.az\/index.php?rest_route=\/wp\/v2\/media\/229335"}],"wp:attachment":[{"href":"https:\/\/arantv.az\/index.php?rest_route=%2Fwp%2Fv2%2Fmedia&parent=229334"}],"wp:term":[{"taxonomy":"category","embeddable":true,"href":"https:\/\/arantv.az\/index.php?rest_route=%2Fwp%2Fv2%2Fcategories&post=229334"},{"taxonomy":"post_tag","embeddable":true,"href":"https:\/\/arantv.az\/index.php?rest_route=%2Fwp%2Fv2%2Ftags&post=229334"}],"curies":[{"name":"wp","href":"https:\/\/api.w.org\/{rel}","templated":true}]}}