{"id":229338,"date":"2020-10-22T18:07:18","date_gmt":"2020-10-22T15:07:18","guid":{"rendered":"http:\/\/arantv.az\/?p=229338"},"modified":"2020-10-22T18:07:18","modified_gmt":"2020-10-22T15:07:18","slug":"nazir-iran-r%c9%99smisi-il%c9%99-xudaf%c9%99rin-korpusunun-%c9%99h%c9%99miyy%c9%99tind%c9%99n-danisdi","status":"publish","type":"post","link":"https:\/\/arantv.az\/?p=229338","title":{"rendered":"Nazir \u0130ran r\u0259smisi il\u0259 Xudaf\u0259rin k\u00f6rp\u00fcs\u00fcn\u00fcn \u0259h\u0259miyy\u0259tind\u0259n dan\u0131\u015fd\u0131"},"content":{"rendered":"<p>\u201cAz\u0259rbaycan\u0131n \u0130ranla h\u0259ms\u0259rh\u0259d b\u00f6lg\u0259sinin, x\u00fcsusil\u0259 Az\u0259rbaycanla \u0130ran\u0131 birl\u0259\u015fdir\u0259n X\u00fcdaf\u0259rin k\u00f6rp\u00fcs\u00fcn\u00fcn erm\u0259ni i\u015f\u011fal\u0131ndan azad edilm\u0259si iki \u00f6lk\u0259nin \u0259laq\u0259l\u0259rinin v\u0259 \u00fcmum\u0259n regionun h\u0259rt\u0259r\u0259fli inki\u015faf\u0131na yeni t\u0259kan ver\u0259c\u0259k\u201d.<\/p>\n<p>Bu fikri \u018fm\u0259k v\u0259 \u018fhalinin Sosial M\u00fcdafi\u0259si naziri Sahil Babayev \u0130ran \u0130slam Respublikas\u0131n\u0131n Az\u0259rbaycan Respublikas\u0131ndak\u0131 s\u0259firi Seyid Abbas Mus\u0259vi il\u0259 ke\u00e7irdiyi g\u00f6r\u00fc\u015fd\u0259 vur\u011fulay\u0131b.<\/p>\n<p>Erm\u0259nistan\u0131n Az\u0259rbaycan torpaqlar\u0131n\u0131 30 il\u0259 yax\u0131nd\u0131r i\u015f\u011falda saxlad\u0131\u011f\u0131n\u0131 v\u0259 \u00f6lk\u0259miz\u0259 qar\u015f\u0131 ard\u0131c\u0131l h\u0259rbi t\u0259xribatlar t\u00f6r\u0259tdiyini qeyd ed\u0259n S.Babayev sentyabr\u0131n 27-d\u0259n ba\u015flanan n\u00f6vb\u0259ti erm\u0259ni t\u0259xribatlar\u0131 bar\u0259d\u0259 m\u0259lumat verib.<\/p>\n<p>Az\u0259rbaycan\u0131n h\u0259tta c\u0259bh\u0259d\u0259n uzaq ya\u015fay\u0131\u015f m\u0259nt\u0259q\u0259l\u0259rinin, m\u00fclki \u0259halisinin erm\u0259ni terroruna, raket at\u0259\u015fl\u0259rin\u0259 m\u0259ruz qald\u0131\u011f\u0131n\u0131, n\u0259tic\u0259d\u0259 m\u00fclki insanlar\u0131n h\u0259lak oldu\u011fu v\u0259 yaraland\u0131\u011f\u0131n\u0131, m\u00fclki infrastruktura ciddi ziyan d\u0259ydiyini diqq\u0259t\u0259 \u00e7atd\u0131r\u0131b.<\/p>\n<p>Nazir bildirib ki, Az\u0259rbaycan Ordusunun h\u0259yata ke\u00e7irdiyi \u0259ks-h\u00fccum \u0259m\u0259liyyatlar\u0131 beyn\u0259lxalq h\u00fcquq v\u0259 \u0259dal\u0259t\u0259 s\u00f6yk\u0259n\u0259n haqq sava\u015f\u0131d\u0131r v\u0259 \u00f6lk\u0259mizin d\u00fcnya birliyi t\u0259r\u0259find\u0259n tan\u0131nm\u0131\u015f \u00f6z \u0259razil\u0259rind\u0259 apar\u0131l\u0131r.<\/p>\n<p>Silahl\u0131 Q\u00fcvv\u0259l\u0259rimizin \u0259ld\u0259 etdiyi u\u011furlar\u0131 diqq\u0259t\u0259 \u00e7atd\u0131ran S.Babayev vur\u011fulay\u0131b ki, h\u0259l\u0259 2016-c\u0131 ilin fevral\u0131nda Prezident \u0130lham \u018fliyevin \u0130rana s\u0259f\u0259ri \u00e7\u0259r\u00e7iv\u0259sind\u0259 Az\u0259rbaycan v\u0259 \u0130ran\u00a0 H\u00f6kum\u0259tl\u0259ri aras\u0131nda Araz \u00e7ay\u0131 \u00fcz\u0259rind\u0259 \u201cXudaf\u0259rin\u201d v\u0259 \u201cQ\u0131z Qalas\u0131\u201d hidroqov\u015faqlar\u0131n\u0131n, su elektrik stansiyalar\u0131n\u0131n tikintisinin davam etdirilm\u0259si, istismar\u0131, energetika v\u0259 su ehtiyatlar\u0131ndan istifad\u0259 sah\u0259sind\u0259 \u0259m\u0259kda\u015fl\u0131q haqq\u0131nda Sazi\u015f imzalan\u0131b.<\/p>\n<p>Xudaf\u0259rin k\u00f6rp\u00fcs\u00fcn\u00fcn v\u0259 \u0259traf \u0259razil\u0259rin i\u015f\u011faldan azad edilm\u0259si bu Sazi\u015fin b\u00f6lg\u0259nin su v\u0259 enerji t\u0259chizat\u0131nda m\u00fcst\u0259sna rol oynamas\u0131na imkan yaradacaq.<\/p>\n<p>G\u00f6r\u00fc\u015fd\u0259 Az\u0259rbaycan v\u0259 \u0130ran xalqlar\u0131 aras\u0131nda tarixi, m\u0259d\u0259ni v\u0259 dini ba\u011fl\u0131l\u0131qlar\u0131n iki \u00f6lk\u0259 aras\u0131ndak\u0131 \u0259laq\u0259l\u0259rin \u0259sas\u0131n\u0131 t\u0259\u015fkil etdiyi, Az\u0259rbaycan v\u0259 \u0130ran d\u00f6vl\u0259t ba\u015f\u00e7\u0131lar\u0131n\u0131n g\u00f6r\u00fc\u015fl\u0259rinin, qar\u015f\u0131l\u0131ql\u0131 r\u0259smi s\u0259f\u0259rl\u0259rin ikit\u0259r\u0259fli \u0259laq\u0259l\u0259rin inki\u015faf\u0131na m\u00fch\u00fcm t\u00f6hf\u0259 verdiyi bildirilib.<\/p>\n<p>Az\u0259rbaycanda apar\u0131lan u\u011furlu sosial islahatlar, COVID-19 infeksiyas\u0131na qar\u015f\u0131 m\u00fcbariz\u0259 sah\u0259sind\u0259 apar\u0131lan i\u015fl\u0259r, pandemiya d\u00f6vr\u00fcnd\u0259 iqtisadi v\u0259 sosial d\u0259st\u0259k t\u0259dbirl\u0259ri bar\u0259d\u0259 s\u0259fir\u0259 m\u0259lumat verilib. \u0130ran\u0131n Kooperasiya, \u018fm\u0259k v\u0259 Sosial Rifah Nazirliyi il\u0259 imzalanm\u0131\u015f Anla\u015fma Memorandumu \u00e7\u0259r\u00e7iv\u0259sind\u0259 qazan\u0131lm\u0131\u015f t\u0259cr\u00fcb\u0259 qeyd edilib.<\/p>\n<p>S.A.Mus\u0259vi \u0130ranla Az\u0259rbaycan\u0131n d\u0259rin tarixi k\u00f6kl\u0259r\u0259 malik \u0259laq\u0259l\u0259rinin daim geni\u015fl\u0259ndiyini bildirib, \u00f6lk\u0259sinin Az\u0259rbaycan\u0131n \u0259razi b\u00fct\u00f6vl\u00fcy\u00fcn\u00fc d\u0259st\u0259kl\u0259diyini deyib. O, \u0259m\u0259k, m\u0259\u015f\u011fulluq, sosial m\u00fcdaf\u0259 sah\u0259sind\u0259 \u0259m\u0259kda\u015fl\u0131\u011f\u0131n inki\u015faf etdirilm\u0259si \u00fc\u00e7\u00fcn s\u0259yl\u0259rini \u0259sirg\u0259m\u0259y\u0259c\u0259yini diqq\u0259t\u0259 \u00e7atd\u0131r\u0131b.<\/p>\n<div class=\"gallery\">\n<div class=\"gallery-i\"><img src=\"https:\/\/cdn.oxu.az\/uploads\/W1siZiIsIjIwMjAvMTAvMjIvMTcvNDIvMTgvNDg5OGZkMDktODFhYi00YjQ2LWFiYjUtNGIwNTVmMmRjNWEwL3NhaGlsLmpwZyJdLFsicCIsImVuY29kZSIsImpwZyIsIi1xdWFsaXR5IDgwIl0sWyJwIiwidGh1bWIiLCI1OTB4NTkwXHUwMDNlIl1d?sha=e79dd93b1a78fff9\" alt=\"\" \/><\/div>\n<\/div>\n","protected":false},"excerpt":{"rendered":"<p>\u201cAz\u0259rbaycan\u0131n \u0130ranla h\u0259ms\u0259rh\u0259d b\u00f6lg\u0259sinin, x\u00fcsusil\u0259 Az\u0259rbaycanla \u0130ran\u0131 birl\u0259\u015fdir\u0259n X\u00fcdaf\u0259rin k\u00f6rp\u00fcs\u00fcn\u00fcn erm\u0259ni i\u015f\u011fal\u0131ndan azad edilm\u0259si iki \u00f6lk\u0259nin \u0259laq\u0259l\u0259rinin v\u0259 \u00fcmum\u0259n regionun h\u0259rt\u0259r\u0259fli inki\u015faf\u0131na yeni t\u0259kan ver\u0259c\u0259k\u201d. Bu fikri \u018fm\u0259k v\u0259 \u018fhalinin Sosial M\u00fcdafi\u0259si naziri Sahil Babayev \u0130ran \u0130slam Respublikas\u0131n\u0131n Az\u0259rbaycan Respublikas\u0131ndak\u0131 s\u0259firi Seyid Abbas Mus\u0259vi il\u0259 ke\u00e7irdiyi g\u00f6r\u00fc\u015fd\u0259 vur\u011fulay\u0131b. Erm\u0259nistan\u0131n Az\u0259rbaycan torpaqlar\u0131n\u0131 30 il\u0259 yax\u0131nd\u0131r i\u015f\u011falda saxlad\u0131\u011f\u0131n\u0131 v\u0259 \u00f6lk\u0259miz\u0259 qar\u015f\u0131 ard\u0131c\u0131l h\u0259rbi t\u0259xribatlar t\u00f6r\u0259tdiyini qeyd ed\u0259n S.Babayev sentyabr\u0131n 27-d\u0259n ba\u015flanan n\u00f6vb\u0259ti erm\u0259ni t\u0259xribatlar\u0131 bar\u0259d\u0259 m\u0259lumat verib. Az\u0259rbaycan\u0131n h\u0259tta c\u0259bh\u0259d\u0259n uzaq ya\u015fay\u0131\u015f m\u0259nt\u0259q\u0259l\u0259rinin, m\u00fclki \u0259halisinin erm\u0259ni terroruna, raket at\u0259\u015fl\u0259rin\u0259 m\u0259ruz qald\u0131\u011f\u0131n\u0131, n\u0259tic\u0259d\u0259&hellip;<\/p>\n","protected":false},"author":2,"featured_media":229339,"comment_status":"closed","ping_status":"closed","sticky":false,"template":"","format":"standard","meta":{"om_disable_all_campaigns":false,"_monsterinsights_skip_tracking":false,"_monsterinsights_sitenote_active":false,"_monsterinsights_sitenote_note":"","_monsterinsights_sitenote_category":0},"categories":[19],"tags":[],"aioseo_notices":[],"gutentor_comment":0,"rttpg_featured_image_url":{"full":["https:\/\/arantv.az\/wp-content\/uploads\/2020\/10\/sahilll.jpg",620,413,false],"landscape":["https:\/\/arantv.az\/wp-content\/uploads\/2020\/10\/sahilll.jpg",620,413,false],"portraits":["https:\/\/arantv.az\/wp-content\/uploads\/2020\/10\/sahilll.jpg",620,413,false],"thumbnail":["https:\/\/arantv.az\/wp-content\/uploads\/2020\/10\/sahilll-150x150.jpg",150,150,true],"medium":["https:\/\/arantv.az\/wp-content\/uploads\/2020\/10\/sahilll-300x200.jpg",300,200,true],"large":["https:\/\/arantv.az\/wp-content\/uploads\/2020\/10\/sahilll.jpg",620,413,false],"1536x1536":["https:\/\/arantv.az\/wp-content\/uploads\/2020\/10\/sahilll.jpg",620,413,false],"2048x2048":["https:\/\/arantv.az\/wp-content\/uploads\/2020\/10\/sahilll.jpg",620,413,false],"post-thumbnail":["https:\/\/arantv.az\/wp-content\/uploads\/2020\/10\/sahilll-240x172.jpg",240,172,true],"advps-thumb-one":["https:\/\/arantv.az\/wp-content\/uploads\/2020\/10\/sahilll.jpg",620,413,false]},"rttpg_author":{"display_name":"V\u00fcsal Rafiqo\u011flu","author_link":"https:\/\/arantv.az\/?author=2"},"rttpg_comment":0,"rttpg_category":"<a href=\"https:\/\/arantv.az\/?cat=19\" rel=\"category\">G\u00fcnd\u0259m<\/a>","rttpg_excerpt":"\u201cAz\u0259rbaycan\u0131n \u0130ranla h\u0259ms\u0259rh\u0259d b\u00f6lg\u0259sinin, x\u00fcsusil\u0259 Az\u0259rbaycanla \u0130ran\u0131 birl\u0259\u015fdir\u0259n X\u00fcdaf\u0259rin k\u00f6rp\u00fcs\u00fcn\u00fcn erm\u0259ni i\u015f\u011fal\u0131ndan azad edilm\u0259si iki \u00f6lk\u0259nin \u0259laq\u0259l\u0259rinin v\u0259 \u00fcmum\u0259n regionun h\u0259rt\u0259r\u0259fli inki\u015faf\u0131na yeni t\u0259kan ver\u0259c\u0259k\u201d. Bu fikri \u018fm\u0259k v\u0259 \u018fhalinin Sosial M\u00fcdafi\u0259si naziri Sahil Babayev \u0130ran \u0130slam Respublikas\u0131n\u0131n Az\u0259rbaycan Respublikas\u0131ndak\u0131 s\u0259firi Seyid Abbas Mus\u0259vi il\u0259 ke\u00e7irdiyi g\u00f6r\u00fc\u015fd\u0259 vur\u011fulay\u0131b. Erm\u0259nistan\u0131n Az\u0259rbaycan torpaqlar\u0131n\u0131 30 il\u0259 yax\u0131nd\u0131r i\u015f\u011falda&hellip;","_links":{"self":[{"href":"https:\/\/arantv.az\/index.php?rest_route=\/wp\/v2\/posts\/229338"}],"collection":[{"href":"https:\/\/arantv.az\/index.php?rest_route=\/wp\/v2\/posts"}],"about":[{"href":"https:\/\/arantv.az\/index.php?rest_route=\/wp\/v2\/types\/post"}],"author":[{"embeddable":true,"href":"https:\/\/arantv.az\/index.php?rest_route=\/wp\/v2\/users\/2"}],"replies":[{"embeddable":true,"href":"https:\/\/arantv.az\/index.php?rest_route=%2Fwp%2Fv2%2Fcomments&post=229338"}],"version-history":[{"count":0,"href":"https:\/\/arantv.az\/index.php?rest_route=\/wp\/v2\/posts\/229338\/revisions"}],"wp:featuredmedia":[{"embeddable":true,"href":"https:\/\/arantv.az\/index.php?rest_route=\/wp\/v2\/media\/229339"}],"wp:attachment":[{"href":"https:\/\/arantv.az\/index.php?rest_route=%2Fwp%2Fv2%2Fmedia&parent=229338"}],"wp:term":[{"taxonomy":"category","embeddable":true,"href":"https:\/\/arantv.az\/index.php?rest_route=%2Fwp%2Fv2%2Fcategories&post=229338"},{"taxonomy":"post_tag","embeddable":true,"href":"https:\/\/arantv.az\/index.php?rest_route=%2Fwp%2Fv2%2Ftags&post=229338"}],"curies":[{"name":"wp","href":"https:\/\/api.w.org\/{rel}","templated":true}]}}