{"id":229358,"date":"2020-10-22T18:16:47","date_gmt":"2020-10-22T15:16:47","guid":{"rendered":"http:\/\/arantv.az\/?p=229358"},"modified":"2020-10-22T18:16:47","modified_gmt":"2020-10-22T15:16:47","slug":"qarabagda-ged%c9%99n-son-doyusl%c9%99rin-analitik-xulas%c9%99si-video","status":"publish","type":"post","link":"https:\/\/arantv.az\/?p=229358","title":{"rendered":"Qaraba\u011fda ged\u0259n son d\u00f6y\u00fc\u015fl\u0259rin analitik x\u00fclas\u0259si &#8211; V\u0130DEO"},"content":{"rendered":"<article class=\"news\">\n<div class=\"news-inner\">\n<p>Oktyabr\u0131n 20-d\u0259 Az\u0259rbaycan Ordusunun Z\u0259ngilan rayonunun m\u0259rk\u0259zini d\u00fc\u015fm\u0259nd\u0259n azad etdiyi bar\u0259d\u0259 r\u0259smi m\u0259lumat verildi.<\/p>\n<p>\u201cCaliber\u201d \u201cYoutube\u201d kanal\u0131n\u0131n haz\u0131rlad\u0131\u011f\u0131 yeni video t\u0259hlild\u0259 Az\u0259rbaycan Ordusunun i\u015f\u011faldan azad etm\u0259y\u0259 haz\u0131rla\u015fd\u0131\u011f\u0131 n\u00f6vb\u0259ti strateji y\u00fcks\u0259klikl\u0259r v\u0259 ya\u015fay\u0131\u015f m\u0259nt\u0259q\u0259l\u0259ri bar\u0259d\u0259 m\u0259lumat verilir.<\/p>\n<p>Qeyd olunur ki, haz\u0131rda Qaraba\u011fda ged\u0259n d\u00f6y\u00fc\u015fl\u0259r \u0259sas\u0259n iki s\u0259mt \u00fczr\u0259 inki\u015faf edir: Z\u0259ngilan rayonunun \u015fimal hiss\u0259si v\u0259 Mincivan q\u0259s\u0259b\u0259sind\u0259n q\u0259rb istiqam\u0259tind\u0259 yerl\u0259\u015f\u0259n Bartaz k\u0259ndi istiqam\u0259tind\u0259.<\/p>\n<div id=\"AdviadNativeVideo0\" class=\"AdviadNativeVideo\"><\/div>\n<p>Ekspertl\u0259r \u0259mindirl\u0259r ki, qeyd olunan istiqam\u0259td\u0259 v\u0259 Araz \u00e7ay\u0131 boyunca \u0259razil\u0259rin separat\u00e7\u0131lardan t\u0259mizl\u0259nm\u0259si uzun \u00e7\u0259km\u0259y\u0259c\u0259k.<\/p>\n<p>D\u00f6y\u00fc\u015fl\u0259rin u\u011furlu n\u0259tic\u0259l\u0259nm\u0259si \u00fc\u00e7\u00fcn x\u00fcsusi \u0259h\u0259miyy\u0259t k\u0259sb ed\u0259n dig\u0259r istiqam\u0259t Bartaz k\u0259ndinin \u015fimal-q\u0259rb hiss\u0259sind\u0259 yerl\u0259\u015f\u0259n da\u011f silsil\u0259si v\u0259 B\u0259sit\u00e7ay D\u00f6vl\u0259t T\u0259bi\u0259t Qoru\u011fudur.<\/p>\n<p>Eyni zamanda yax\u0131n g\u00fcnl\u0259rd\u0259 daha bir strateji \u0259h\u0259miyy\u0259t k\u0259sb ed\u0259n istiqam\u0259t Qubadl\u0131 rayonudur.<\/p>\n<p>M\u0259hz bu istiqam\u0259td\u0259 d\u0259rinliy\u0259 do\u011fru ir\u0259lil\u0259yi\u015f ordumuz \u00fc\u00e7\u00fcn geni\u015f \u0259m\u0259liyyat imkanlar\u0131 yaradacaq v\u0259 b\u0259lk\u0259 d\u0259 m\u00fcharib\u0259nin taleyini h\u0259ll ed\u0259c\u0259k.<\/p>\n<div><iframe loading=\"lazy\" src=\"https:\/\/player.baku.tv\/embed\/26556\" width=\"560\" height=\"315\" frameborder=\"0\" allowfullscreen=\"allowfullscreen\" data-mce-fragment=\"1\"><\/iframe><\/div>\n<div><iframe loading=\"lazy\" src=\"https:\/\/www.youtube.com\/embed\/p6U0RdNbw6I\" width=\"560\" height=\"315\" frameborder=\"0\" allowfullscreen=\"allowfullscreen\" data-mce-fragment=\"1\"><\/iframe><\/div>\n<\/div>\n<\/article>\n<h2 class=\"news-share-title\"><\/h2>\n","protected":false},"excerpt":{"rendered":"<p>Oktyabr\u0131n 20-d\u0259 Az\u0259rbaycan Ordusunun Z\u0259ngilan rayonunun m\u0259rk\u0259zini d\u00fc\u015fm\u0259nd\u0259n azad etdiyi bar\u0259d\u0259 r\u0259smi m\u0259lumat verildi. \u201cCaliber\u201d \u201cYoutube\u201d kanal\u0131n\u0131n haz\u0131rlad\u0131\u011f\u0131 yeni video t\u0259hlild\u0259 Az\u0259rbaycan Ordusunun i\u015f\u011faldan azad etm\u0259y\u0259 haz\u0131rla\u015fd\u0131\u011f\u0131 n\u00f6vb\u0259ti strateji y\u00fcks\u0259klikl\u0259r v\u0259 ya\u015fay\u0131\u015f m\u0259nt\u0259q\u0259l\u0259ri bar\u0259d\u0259 m\u0259lumat verilir. Qeyd olunur ki, haz\u0131rda Qaraba\u011fda ged\u0259n d\u00f6y\u00fc\u015fl\u0259r \u0259sas\u0259n iki s\u0259mt \u00fczr\u0259 inki\u015faf edir: Z\u0259ngilan rayonunun \u015fimal hiss\u0259si v\u0259 Mincivan q\u0259s\u0259b\u0259sind\u0259n q\u0259rb istiqam\u0259tind\u0259 yerl\u0259\u015f\u0259n Bartaz k\u0259ndi istiqam\u0259tind\u0259. Ekspertl\u0259r \u0259mindirl\u0259r ki, qeyd olunan istiqam\u0259td\u0259 v\u0259 Araz \u00e7ay\u0131 boyunca \u0259razil\u0259rin separat\u00e7\u0131lardan t\u0259mizl\u0259nm\u0259si uzun \u00e7\u0259km\u0259y\u0259c\u0259k. D\u00f6y\u00fc\u015fl\u0259rin u\u011furlu n\u0259tic\u0259l\u0259nm\u0259si \u00fc\u00e7\u00fcn x\u00fcsusi \u0259h\u0259miyy\u0259t k\u0259sb ed\u0259n dig\u0259r istiqam\u0259t Bartaz k\u0259ndinin \u015fimal-q\u0259rb&hellip;<\/p>\n","protected":false},"author":2,"featured_media":229359,"comment_status":"closed","ping_status":"closed","sticky":false,"template":"","format":"standard","meta":{"om_disable_all_campaigns":false,"_monsterinsights_skip_tracking":false,"_monsterinsights_sitenote_active":false,"_monsterinsights_sitenote_note":"","_monsterinsights_sitenote_category":0},"categories":[19],"tags":[],"aioseo_notices":[],"gutentor_comment":0,"rttpg_featured_image_url":{"full":["https:\/\/arantv.az\/wp-content\/uploads\/2020\/10\/122397052_507157820282024_3756007569270347909_n.jpg",620,349,false],"landscape":["https:\/\/arantv.az\/wp-content\/uploads\/2020\/10\/122397052_507157820282024_3756007569270347909_n.jpg",620,349,false],"portraits":["https:\/\/arantv.az\/wp-content\/uploads\/2020\/10\/122397052_507157820282024_3756007569270347909_n.jpg",620,349,false],"thumbnail":["https:\/\/arantv.az\/wp-content\/uploads\/2020\/10\/122397052_507157820282024_3756007569270347909_n-150x150.jpg",150,150,true],"medium":["https:\/\/arantv.az\/wp-content\/uploads\/2020\/10\/122397052_507157820282024_3756007569270347909_n-300x169.jpg",300,169,true],"large":["https:\/\/arantv.az\/wp-content\/uploads\/2020\/10\/122397052_507157820282024_3756007569270347909_n.jpg",620,349,false],"1536x1536":["https:\/\/arantv.az\/wp-content\/uploads\/2020\/10\/122397052_507157820282024_3756007569270347909_n.jpg",620,349,false],"2048x2048":["https:\/\/arantv.az\/wp-content\/uploads\/2020\/10\/122397052_507157820282024_3756007569270347909_n.jpg",620,349,false],"post-thumbnail":["https:\/\/arantv.az\/wp-content\/uploads\/2020\/10\/122397052_507157820282024_3756007569270347909_n-240x172.jpg",240,172,true],"advps-thumb-one":["https:\/\/arantv.az\/wp-content\/uploads\/2020\/10\/122397052_507157820282024_3756007569270347909_n.jpg",620,349,false]},"rttpg_author":{"display_name":"V\u00fcsal Rafiqo\u011flu","author_link":"https:\/\/arantv.az\/?author=2"},"rttpg_comment":0,"rttpg_category":"<a href=\"https:\/\/arantv.az\/?cat=19\" rel=\"category\">G\u00fcnd\u0259m<\/a>","rttpg_excerpt":"Oktyabr\u0131n 20-d\u0259 Az\u0259rbaycan Ordusunun Z\u0259ngilan rayonunun m\u0259rk\u0259zini d\u00fc\u015fm\u0259nd\u0259n azad etdiyi bar\u0259d\u0259 r\u0259smi m\u0259lumat verildi. \u201cCaliber\u201d \u201cYoutube\u201d kanal\u0131n\u0131n haz\u0131rlad\u0131\u011f\u0131 yeni video t\u0259hlild\u0259 Az\u0259rbaycan Ordusunun i\u015f\u011faldan azad etm\u0259y\u0259 haz\u0131rla\u015fd\u0131\u011f\u0131 n\u00f6vb\u0259ti strateji y\u00fcks\u0259klikl\u0259r v\u0259 ya\u015fay\u0131\u015f m\u0259nt\u0259q\u0259l\u0259ri bar\u0259d\u0259 m\u0259lumat verilir. Qeyd olunur ki, haz\u0131rda Qaraba\u011fda ged\u0259n d\u00f6y\u00fc\u015fl\u0259r \u0259sas\u0259n iki s\u0259mt \u00fczr\u0259 inki\u015faf edir: Z\u0259ngilan rayonunun \u015fimal hiss\u0259si v\u0259 Mincivan&hellip;","_links":{"self":[{"href":"https:\/\/arantv.az\/index.php?rest_route=\/wp\/v2\/posts\/229358"}],"collection":[{"href":"https:\/\/arantv.az\/index.php?rest_route=\/wp\/v2\/posts"}],"about":[{"href":"https:\/\/arantv.az\/index.php?rest_route=\/wp\/v2\/types\/post"}],"author":[{"embeddable":true,"href":"https:\/\/arantv.az\/index.php?rest_route=\/wp\/v2\/users\/2"}],"replies":[{"embeddable":true,"href":"https:\/\/arantv.az\/index.php?rest_route=%2Fwp%2Fv2%2Fcomments&post=229358"}],"version-history":[{"count":0,"href":"https:\/\/arantv.az\/index.php?rest_route=\/wp\/v2\/posts\/229358\/revisions"}],"wp:featuredmedia":[{"embeddable":true,"href":"https:\/\/arantv.az\/index.php?rest_route=\/wp\/v2\/media\/229359"}],"wp:attachment":[{"href":"https:\/\/arantv.az\/index.php?rest_route=%2Fwp%2Fv2%2Fmedia&parent=229358"}],"wp:term":[{"taxonomy":"category","embeddable":true,"href":"https:\/\/arantv.az\/index.php?rest_route=%2Fwp%2Fv2%2Fcategories&post=229358"},{"taxonomy":"post_tag","embeddable":true,"href":"https:\/\/arantv.az\/index.php?rest_route=%2Fwp%2Fv2%2Ftags&post=229358"}],"curies":[{"name":"wp","href":"https:\/\/api.w.org\/{rel}","templated":true}]}}