{"id":229362,"date":"2020-10-22T18:25:12","date_gmt":"2020-10-22T15:25:12","guid":{"rendered":"http:\/\/arantv.az\/?p=229362"},"modified":"2020-10-22T18:25:12","modified_gmt":"2020-10-22T15:25:12","slug":"%c9%99mlak-bazarina-n%c9%99z%c9%99r-bakida-v%c9%99-rayonlarda-sixliq-azalacaq-s%c9%99rh","status":"publish","type":"post","link":"https:\/\/arantv.az\/?p=229362","title":{"rendered":"\u018fmlak bazar\u0131na n\u0259z\u0259r: \u201cBak\u0131da v\u0259 rayonlarda s\u0131xl\u0131q azalacaq\u201d &#8211; \u015e\u018fRH"},"content":{"rendered":"<p>Pandemiyan\u0131n \u0259n b\u00f6y\u00fck t\u0259siri t\u0259kc\u0259 turizm sektoruna v\u0259 ya ictimai ia\u015f\u0259 obyektl\u0259rinin f\u0259aliyy\u0259tin\u0259 deyil, h\u0259r\u0259k\u0259tin m\u0259hdudla\u015fd\u0131r\u0131lmas\u0131 il\u0259 \u0259laq\u0259dar \u00f6lk\u0259 \u00fczr\u0259 b\u00fct\u00fcn sektorlara\u00a0oldu. B\u0259zi sah\u0259l\u0259r var ki, pandemiyan\u0131n t\u0259sirini birba\u015fa g\u00f6rm\u0259s\u0259k d\u0259, m\u00fcxt\u0259lif istiqam\u0259tl\u0259rd\u0259 analiz apard\u0131qda bu sah\u0259l\u0259ri m\u00fc\u0259yy\u0259n etm\u0259k m\u00fcmk\u00fcnd\u00fcr. S\u00f6hb\u0259t da\u015f\u0131nmaz \u0259mlak bazar\u0131ndan gedir.<\/p>\n<p>D\u00fcnyan\u0131n inki\u015faf etmi\u015f v\u0259 inki\u015faf etm\u0259kd\u0259 olan Avropa \u00f6lk\u0259l\u0259ri v\u0259 AB\u015e-da pandemiyan\u0131n bu sektora\u00a0t\u0259siri Az\u0259rbaycandan biraz f\u0259rqlidir.<\/p>\n<p>Bel\u0259 ki, pandemiyan\u0131n geni\u015f v\u00fcs\u0259t ald\u0131\u011f\u0131 AB\u015e-da insanlar daha \u00e7ox \u015f\u0259h\u0259rin s\u0131x \u0259razil\u0259rind\u0259n k\u0259nar yerl\u0259rd\u0259 ev alma\u011fa ba\u015flay\u0131blar. Bu tip m\u00fcqavil\u0259l\u0259rin say\u0131 \u00f6t\u0259n ilin eyni d\u00f6vr\u00fcn\u0259 nisb\u0259t\u0259n 3 d\u0259f\u0259y\u0259 q\u0259d\u0259r art\u0131b. \u00dcst\u0259lik ipoteka \u015f\u0259rtl\u0259ri daha da yum\u015fald\u0131l\u0131b. Haz\u0131rda AB\u015e-da yegan\u0259 problem tikinti materiallar\u0131n\u0131n kifay\u0259t q\u0259d\u0259r \u0259l\u00e7atan olmamas\u0131d\u0131r v\u0259 bu istiqam\u0259td\u0259\u00a0istehsalat prosesinin yava\u015f getm\u0259sidir.<\/p>\n<div id=\"AdviadNativeVideo0\" class=\"AdviadNativeVideo\"><\/div>\n<p>Avropada v\u0259ziyy\u0259t AB\u015e-dan biraz f\u0259rqlidir. M\u0259rk\u0259zd\u0259n uzaq ev sat\u0131\u015flar\u0131n\u0131n h\u0259cmi artsa da qiym\u0259tl\u0259r \u0259lveri\u015fsiz olacaq d\u0259r\u0259c\u0259d\u0259 qalxmaqda davam edir. Qiym\u0259tl\u0259r h\u0259r k\u0259sin ev ala bilm\u0259sind\u0259 problem yarad\u0131r. Yeni \u0259mlak sahibi olmaq ist\u0259y\u0259nl\u0259r is\u0259 bir m\u0259ntiq\u0259 \u0259saslan\u0131rlar: \u018fg\u0259r uzun m\u00fcdd\u0259t evd\u0259 qalacaqsansa, art\u0131q pul \u00f6d\u0259m\u0259k problem deyil.<\/p>\n<p><strong>B\u0259s, Az\u0259rbaycanda v\u0259ziyy\u0259t\u00a0nec\u0259dir?<\/strong><\/p>\n<p><em>\u0130nsanlar \u00fcmumiyy\u0259tl\u0259 evl\u0259rini satmaq ist\u0259mir v\u0259 he\u00e7 al\u0131c\u0131lar da ev almaqda maraql\u0131 deyil.<\/em><\/p>\n<p>Bir s\u00f6zl\u0259 Az\u0259rbaycanda da\u015f\u0131nmaz \u0259mlak bazar\u0131nda sakitlik v\u0259 nisbilik h\u00f6km s\u00fcr\u00fcr.<\/p>\n<p>Da\u015f\u0131nmaz \u0259mlak m\u0259s\u0259l\u0259l\u0259ri \u00fczr\u0259 ekspert R\u0259\u015fad \u018fliyev\u00a0Oxu.Az-a bildirib ki, bu ilin \u0259vv\u0259lind\u0259 bazarda aktivlik m\u00f6vcud idi. Bu aktivlik \u0259sas\u0259n \u0130poteka Fondunun layih\u0259l\u0259ri hesab\u0131na\u00a0idi:<\/p>\n<p>Bu ilin \u0259vv\u0259lind\u0259 m\u0259nfi g\u00f6zl\u0259ntil\u0259rin olmas\u0131na baxmayaraq, yanvar-fevral aylar\u0131nda bazarda v\u0259ziyy\u0259t sabit oldu. Mart ay\u0131ndan etibar\u0259n karantin t\u0259tbiq olunandan bazar \u015fok v\u0259ziyy\u0259tin\u0259 d\u00fc\u015fd\u00fc v\u0259 f\u0259aliyy\u0259tsiz m\u0259rh\u0259l\u0259y\u0259 ke\u00e7di:<\/p>\n<p>\u201cBu g\u00fcn nisbi olaraq bazarda aktivliyin artmas\u0131n\u0131 g\u00f6r\u00fcr\u00fck, lakin bu art\u0131m \u00e7ox a\u015fa\u011f\u0131 s\u0259viyy\u0259d\u0259dir v\u0259 yaln\u0131z \u0130poteka Fondunun proqramlar\u0131 hesab\u0131na m\u00f6vcuddur. Haz\u0131rk\u0131 d\u00f6vrd\u0259 bazarda h\u0259r hans\u0131 bir fundamental amill\u0259r\u0259 \u0259saslanan aktivliyin artmas\u0131n\u0131 g\u00f6rm\u00fcr\u00fck. Bu g\u00fcn \u0259mlak bazar\u0131 \u0259halini \u00e7ox da maraqland\u0131rm\u0131r v\u0259 \u00fcst\u0259lik indi g\u0259lirl\u0259rin azalmas\u0131 da m\u00fc\u015fahid\u0259 edilir. Bir s\u00f6zl\u0259 des\u0259k, haz\u0131rda al\u0131c\u0131l\u0131q qabiliyy\u0259ti pandemiya il\u0259 \u0259laq\u0259dar \u00e7ox a\u015fa\u011f\u0131 d\u00fc\u015f\u00fcb\u201d.<\/p>\n<p>Dig\u0259r t\u0259r\u0259fd\u0259n o vur\u011fulay\u0131r ki, bazar\u0131n \u015fok v\u0259ziyy\u0259tin\u0259 d\u00fc\u015fm\u0259si qiym\u0259tl\u0259rin d\u0259 xeyli a\u015fa\u011f\u0131 d\u00fc\u015fm\u0259sinin qar\u015f\u0131s\u0131n\u0131 al\u0131r:<\/p>\n<p>\u201cQiym\u0259tl\u0259r pandemiya ba\u015flayandan b\u0259ri as\u0131lm\u0131\u015f v\u0259ziyy\u0259td\u0259dir. Art\u0131q sat\u0131c\u0131lar \u0259mlak\u0131 satma\u011fa t\u0259l\u0259smirl\u0259r. Onlar da g\u00f6zl\u0259m\u0259 m\u00f6vqeyind\u0259dirl\u0259r. Lakin satmaq q\u0259rar\u0131na g\u0259ldikd\u0259 onlar ciddi g\u00fcz\u0259\u015ftl\u0259r\u0259 getm\u0259lidirl\u0259r\u201d.<\/p>\n<p><strong>B\u0259s, post-pandemiya d\u00f6vr\u00fcnd\u0259 nec\u0259? \u0130nvestorlar torpaq sah\u0259l\u0259rin\u0259 yat\u0131r\u0131m etm\u0259lidir ya m\u0259nzil v\u0259 ya f\u0259rdi ya\u015fay\u0131\u015f evin\u0259?<\/strong><\/p>\n<p>Ekspert bildirir ki, Bak\u0131 \u015f\u0259h\u0259ri inki\u015faf ed\u0259n \u015f\u0259h\u0259rdir v\u0259 torpaq b\u0259rpa edilm\u0259y\u0259n bir aktivdir, buna g\u00f6r\u0259 d\u0259, torpa\u011fa t\u0259l\u0259bat h\u0259mi\u015f\u0259 olacaq:<\/p>\n<p>\u201cTorpaq bazar\u0131n\u0131n g\u0259l\u0259c\u0259k inki\u015faf\u0131 \u0259sas\u0259n dig\u0259r \u0259mlaklar\u0131n d\u0259y\u0259ri il\u0259 \u0259laq\u0259lidir. Art\u0131m d\u00f6vr\u00fcnd\u0259 torpaq bazar\u0131 h\u0259mi\u015f\u0259 qiym\u0259tl\u0259ri qabaqlay\u0131r. \u0130qtisadi t\u0259n\u0259zz\u00fcl d\u00f6vr\u00fcnd\u0259 is\u0259 aktivl\u0259rin qiym\u0259ti el\u0259 d\u00fc\u015f\u00fcr ki, art\u0131q torpa\u011fa investisiya qoymaq s\u0259rf etmir. Bel\u0259 olan halda haz\u0131r \u0259mlak daha m\u00fcnasibdir\u201d.<\/p>\n<p><strong>B\u0259s, m\u00fcharib\u0259d\u0259n sonra v\u0259ziyy\u0259t nec\u0259 olacaq?<\/strong><\/p>\n<p>Onun s\u00f6zl\u0259rin\u0259 g\u00f6r\u0259, i\u015f\u011fal alt\u0131nda\u00a0olan \u0259razil\u0259rin azad olunmas\u0131\u00a0Bak\u0131da m\u00fc\u0259yy\u0259n bo\u015falmaya s\u0259b\u0259b\u00a0olacaq:<\/p>\n<p>\u201cBiz m\u00fcharib\u0259nin yekunlar\u0131 il\u0259 \u0259mlak bazar\u0131nda da m\u00fc\u0259yy\u0259n d\u0259yi\u015fiklikl\u0259ri m\u00fc\u015fahid\u0259 ed\u0259c\u0259yik. Bak\u0131n\u0131n \u00f6z\u00fc v\u0259 bir s\u0131ra rayonlarda uzun d\u00f6vrd\u0259 s\u0131xl\u0131\u011f\u0131n m\u00fc\u0259yy\u0259n q\u0259d\u0259r azalmas\u0131n\u0131 m\u00fc\u015fahid\u0259 ed\u0259c\u0259yik. Eyni zamanda tikinti m\u0259hsullar\u0131na b\u0259rpa i\u015fl\u0259ri il\u0259 \u0259laq\u0259dar t\u0259l\u0259bat artacaq. B\u00f6y\u00fck \u0259razil\u0259rd\u0259 tikinti i\u015fl\u0259ri apar\u0131lacaq. Eyni zamanda, q\u0259rb zonas\u0131ndan b\u0259zi \u015f\u0259h\u0259rl\u0259r var idi ki, m\u00fc\u0259yy\u0259n g\u0259rginlik zonas\u0131na aid idi, art\u0131q orada bazar inki\u015faf ed\u0259c\u0259k\u201d.<\/p>\n<p>R.\u018fliyev qeyd edib ki, m\u00fcharib\u0259d\u0259n sonra \u00f6lk\u0259nin iqtisadi potensial\u0131 daha artacaq v\u0259\u00a0bununla ba\u011fl\u0131 m\u00fc\u0259yy\u0259n d\u0259yi\u015fiklikl\u0259r d\u0259 ged\u0259c\u0259k.<\/p>\n","protected":false},"excerpt":{"rendered":"<p>Pandemiyan\u0131n \u0259n b\u00f6y\u00fck t\u0259siri t\u0259kc\u0259 turizm sektoruna v\u0259 ya ictimai ia\u015f\u0259 obyektl\u0259rinin f\u0259aliyy\u0259tin\u0259 deyil, h\u0259r\u0259k\u0259tin m\u0259hdudla\u015fd\u0131r\u0131lmas\u0131 il\u0259 \u0259laq\u0259dar \u00f6lk\u0259 \u00fczr\u0259 b\u00fct\u00fcn sektorlara\u00a0oldu. B\u0259zi sah\u0259l\u0259r var ki, pandemiyan\u0131n t\u0259sirini birba\u015fa g\u00f6rm\u0259s\u0259k d\u0259, m\u00fcxt\u0259lif istiqam\u0259tl\u0259rd\u0259 analiz apard\u0131qda bu sah\u0259l\u0259ri m\u00fc\u0259yy\u0259n etm\u0259k m\u00fcmk\u00fcnd\u00fcr. S\u00f6hb\u0259t da\u015f\u0131nmaz \u0259mlak bazar\u0131ndan gedir. D\u00fcnyan\u0131n inki\u015faf etmi\u015f v\u0259 inki\u015faf etm\u0259kd\u0259 olan Avropa \u00f6lk\u0259l\u0259ri v\u0259 AB\u015e-da pandemiyan\u0131n bu sektora\u00a0t\u0259siri Az\u0259rbaycandan biraz f\u0259rqlidir. Bel\u0259 ki, pandemiyan\u0131n geni\u015f v\u00fcs\u0259t ald\u0131\u011f\u0131 AB\u015e-da insanlar daha \u00e7ox \u015f\u0259h\u0259rin s\u0131x \u0259razil\u0259rind\u0259n k\u0259nar yerl\u0259rd\u0259 ev alma\u011fa ba\u015flay\u0131blar. Bu tip m\u00fcqavil\u0259l\u0259rin say\u0131 \u00f6t\u0259n ilin eyni d\u00f6vr\u00fcn\u0259 nisb\u0259t\u0259n 3&hellip;<\/p>\n","protected":false},"author":2,"featured_media":229363,"comment_status":"closed","ping_status":"closed","sticky":false,"template":"","format":"standard","meta":{"om_disable_all_campaigns":false,"_monsterinsights_skip_tracking":false,"_monsterinsights_sitenote_active":false,"_monsterinsights_sitenote_note":"","_monsterinsights_sitenote_category":0},"categories":[19],"tags":[],"aioseo_notices":[],"gutentor_comment":0,"rttpg_featured_image_url":{"full":["https:\/\/arantv.az\/wp-content\/uploads\/2020\/10\/shutterstock_1103017691.jpg",620,413,false],"landscape":["https:\/\/arantv.az\/wp-content\/uploads\/2020\/10\/shutterstock_1103017691.jpg",620,413,false],"portraits":["https:\/\/arantv.az\/wp-content\/uploads\/2020\/10\/shutterstock_1103017691.jpg",620,413,false],"thumbnail":["https:\/\/arantv.az\/wp-content\/uploads\/2020\/10\/shutterstock_1103017691-150x150.jpg",150,150,true],"medium":["https:\/\/arantv.az\/wp-content\/uploads\/2020\/10\/shutterstock_1103017691-300x200.jpg",300,200,true],"large":["https:\/\/arantv.az\/wp-content\/uploads\/2020\/10\/shutterstock_1103017691.jpg",620,413,false],"1536x1536":["https:\/\/arantv.az\/wp-content\/uploads\/2020\/10\/shutterstock_1103017691.jpg",620,413,false],"2048x2048":["https:\/\/arantv.az\/wp-content\/uploads\/2020\/10\/shutterstock_1103017691.jpg",620,413,false],"post-thumbnail":["https:\/\/arantv.az\/wp-content\/uploads\/2020\/10\/shutterstock_1103017691-240x172.jpg",240,172,true],"advps-thumb-one":["https:\/\/arantv.az\/wp-content\/uploads\/2020\/10\/shutterstock_1103017691.jpg",620,413,false]},"rttpg_author":{"display_name":"V\u00fcsal Rafiqo\u011flu","author_link":"https:\/\/arantv.az\/?author=2"},"rttpg_comment":0,"rttpg_category":"<a href=\"https:\/\/arantv.az\/?cat=19\" rel=\"category\">G\u00fcnd\u0259m<\/a>","rttpg_excerpt":"Pandemiyan\u0131n \u0259n b\u00f6y\u00fck t\u0259siri t\u0259kc\u0259 turizm sektoruna v\u0259 ya ictimai ia\u015f\u0259 obyektl\u0259rinin f\u0259aliyy\u0259tin\u0259 deyil, h\u0259r\u0259k\u0259tin m\u0259hdudla\u015fd\u0131r\u0131lmas\u0131 il\u0259 \u0259laq\u0259dar \u00f6lk\u0259 \u00fczr\u0259 b\u00fct\u00fcn sektorlara\u00a0oldu. B\u0259zi sah\u0259l\u0259r var ki, pandemiyan\u0131n t\u0259sirini birba\u015fa g\u00f6rm\u0259s\u0259k d\u0259, m\u00fcxt\u0259lif istiqam\u0259tl\u0259rd\u0259 analiz apard\u0131qda bu sah\u0259l\u0259ri m\u00fc\u0259yy\u0259n etm\u0259k m\u00fcmk\u00fcnd\u00fcr. S\u00f6hb\u0259t da\u015f\u0131nmaz \u0259mlak bazar\u0131ndan gedir. D\u00fcnyan\u0131n inki\u015faf etmi\u015f v\u0259 inki\u015faf etm\u0259kd\u0259 olan Avropa \u00f6lk\u0259l\u0259ri v\u0259&hellip;","_links":{"self":[{"href":"https:\/\/arantv.az\/index.php?rest_route=\/wp\/v2\/posts\/229362"}],"collection":[{"href":"https:\/\/arantv.az\/index.php?rest_route=\/wp\/v2\/posts"}],"about":[{"href":"https:\/\/arantv.az\/index.php?rest_route=\/wp\/v2\/types\/post"}],"author":[{"embeddable":true,"href":"https:\/\/arantv.az\/index.php?rest_route=\/wp\/v2\/users\/2"}],"replies":[{"embeddable":true,"href":"https:\/\/arantv.az\/index.php?rest_route=%2Fwp%2Fv2%2Fcomments&post=229362"}],"version-history":[{"count":0,"href":"https:\/\/arantv.az\/index.php?rest_route=\/wp\/v2\/posts\/229362\/revisions"}],"wp:featuredmedia":[{"embeddable":true,"href":"https:\/\/arantv.az\/index.php?rest_route=\/wp\/v2\/media\/229363"}],"wp:attachment":[{"href":"https:\/\/arantv.az\/index.php?rest_route=%2Fwp%2Fv2%2Fmedia&parent=229362"}],"wp:term":[{"taxonomy":"category","embeddable":true,"href":"https:\/\/arantv.az\/index.php?rest_route=%2Fwp%2Fv2%2Fcategories&post=229362"},{"taxonomy":"post_tag","embeddable":true,"href":"https:\/\/arantv.az\/index.php?rest_route=%2Fwp%2Fv2%2Ftags&post=229362"}],"curies":[{"name":"wp","href":"https:\/\/api.w.org\/{rel}","templated":true}]}}