{"id":229370,"date":"2020-10-22T18:27:21","date_gmt":"2020-10-22T15:27:21","guid":{"rendered":"http:\/\/arantv.az\/?p=229370"},"modified":"2020-10-22T18:27:21","modified_gmt":"2020-10-22T15:27:21","slug":"agb%c9%99nd-s%c9%99rh%c9%99d-zastavasinda-az%c9%99rbaycan-bayragi-dalgalanir-video","status":"publish","type":"post","link":"https:\/\/arantv.az\/?p=229370","title":{"rendered":"A\u011fb\u0259nd s\u0259rh\u0259d zastavas\u0131nda Az\u0259rbaycan bayra\u011f\u0131 dal\u011falan\u0131r &#8211; V\u0130DEO"},"content":{"rendered":"<p>\u0130\u015f\u011faldan azad olunmu\u015f Z\u0259ngilan rayonunun A\u011fb\u0259nd s\u0259rh\u0259d zastavas\u0131nda art\u0131q \u00fc\u00e7r\u0259ngli Az\u0259rbaycan bayra\u011f\u0131 dal\u011falan\u0131r.<\/p>\n<p>Bununla da Az\u0259rbaycan &#8211; \u0130ran s\u0259rh\u0259dinin 132 kilometri i\u015f\u011faldan tam azad edilib.<\/p>\n<div id=\"AdviadNativeVideo0\" class=\"AdviadNativeVideo\"><\/div>\n<div>Bu bar\u0259d\u0259 Ali Ba\u015f komandan \u0130lham \u018fliyev\u0259 m\u0259ruz\u0259 edilib.<\/div>\n<div>\n<div><iframe loading=\"lazy\" src=\"https:\/\/player.baku.tv\/embed\/26579\" width=\"560\" height=\"315\" frameborder=\"0\" allowfullscreen=\"allowfullscreen\" data-mce-fragment=\"1\"><\/iframe><\/div>\n<\/div>\n<div><\/div>\n<div>\n<div>\n<blockquote class=\"twitter-tweet\">\n<p dir=\"ltr\" lang=\"tr\">E\u015fq olsun m\u00fcz\u0259ff\u0259r Az\u0259rbaycan Ordusuna!\u00a0<a href=\"https:\/\/t.co\/VWXyakxOxH\">pic.twitter.com\/VWXyakxOxH<\/a><\/p>\n<p>\u2014 \u0130lham \u018fliyev (@azpresident)\u00a0<a href=\"https:\/\/twitter.com\/azpresident\/status\/1319293708290850818?ref_src=twsrc%5Etfw\">October 22, 2020<\/a><\/p><\/blockquote>\n<\/div>\n<\/div>\n<p>&nbsp;<\/p>\n","protected":false},"excerpt":{"rendered":"<p>\u0130\u015f\u011faldan azad olunmu\u015f Z\u0259ngilan rayonunun A\u011fb\u0259nd s\u0259rh\u0259d zastavas\u0131nda art\u0131q \u00fc\u00e7r\u0259ngli Az\u0259rbaycan bayra\u011f\u0131 dal\u011falan\u0131r. Bununla da Az\u0259rbaycan &#8211; \u0130ran s\u0259rh\u0259dinin 132 kilometri i\u015f\u011faldan tam azad edilib. Bu bar\u0259d\u0259 Ali Ba\u015f komandan \u0130lham \u018fliyev\u0259 m\u0259ruz\u0259 edilib. E\u015fq olsun m\u00fcz\u0259ff\u0259r Az\u0259rbaycan Ordusuna!\u00a0pic.twitter.com\/VWXyakxOxH \u2014 \u0130lham \u018fliyev (@azpresident)\u00a0October 22, 2020 &nbsp;<\/p>\n","protected":false},"author":2,"featured_media":229371,"comment_status":"closed","ping_status":"closed","sticky":false,"template":"","format":"standard","meta":{"om_disable_all_campaigns":false,"_monsterinsights_skip_tracking":false,"_monsterinsights_sitenote_active":false,"_monsterinsights_sitenote_note":"","_monsterinsights_sitenote_category":0},"categories":[19],"tags":[],"aioseo_notices":[],"gutentor_comment":0,"rttpg_featured_image_url":{"full":["https:\/\/arantv.az\/wp-content\/uploads\/2020\/10\/sss.jpg",560,305,false],"landscape":["https:\/\/arantv.az\/wp-content\/uploads\/2020\/10\/sss.jpg",560,305,false],"portraits":["https:\/\/arantv.az\/wp-content\/uploads\/2020\/10\/sss.jpg",560,305,false],"thumbnail":["https:\/\/arantv.az\/wp-content\/uploads\/2020\/10\/sss-150x150.jpg",150,150,true],"medium":["https:\/\/arantv.az\/wp-content\/uploads\/2020\/10\/sss-300x163.jpg",300,163,true],"large":["https:\/\/arantv.az\/wp-content\/uploads\/2020\/10\/sss.jpg",560,305,false],"1536x1536":["https:\/\/arantv.az\/wp-content\/uploads\/2020\/10\/sss.jpg",560,305,false],"2048x2048":["https:\/\/arantv.az\/wp-content\/uploads\/2020\/10\/sss.jpg",560,305,false],"post-thumbnail":["https:\/\/arantv.az\/wp-content\/uploads\/2020\/10\/sss-240x172.jpg",240,172,true],"advps-thumb-one":["https:\/\/arantv.az\/wp-content\/uploads\/2020\/10\/sss.jpg",560,305,false]},"rttpg_author":{"display_name":"V\u00fcsal Rafiqo\u011flu","author_link":"https:\/\/arantv.az\/?author=2"},"rttpg_comment":0,"rttpg_category":"<a href=\"https:\/\/arantv.az\/?cat=19\" rel=\"category\">G\u00fcnd\u0259m<\/a>","rttpg_excerpt":"\u0130\u015f\u011faldan azad olunmu\u015f Z\u0259ngilan rayonunun A\u011fb\u0259nd s\u0259rh\u0259d zastavas\u0131nda art\u0131q \u00fc\u00e7r\u0259ngli Az\u0259rbaycan bayra\u011f\u0131 dal\u011falan\u0131r. Bununla da Az\u0259rbaycan &#8211; \u0130ran s\u0259rh\u0259dinin 132 kilometri i\u015f\u011faldan tam azad edilib. Bu bar\u0259d\u0259 Ali Ba\u015f komandan \u0130lham \u018fliyev\u0259 m\u0259ruz\u0259 edilib. E\u015fq olsun m\u00fcz\u0259ff\u0259r Az\u0259rbaycan Ordusuna!\u00a0pic.twitter.com\/VWXyakxOxH \u2014 \u0130lham \u018fliyev (@azpresident)\u00a0October 22, 2020 &nbsp;","_links":{"self":[{"href":"https:\/\/arantv.az\/index.php?rest_route=\/wp\/v2\/posts\/229370"}],"collection":[{"href":"https:\/\/arantv.az\/index.php?rest_route=\/wp\/v2\/posts"}],"about":[{"href":"https:\/\/arantv.az\/index.php?rest_route=\/wp\/v2\/types\/post"}],"author":[{"embeddable":true,"href":"https:\/\/arantv.az\/index.php?rest_route=\/wp\/v2\/users\/2"}],"replies":[{"embeddable":true,"href":"https:\/\/arantv.az\/index.php?rest_route=%2Fwp%2Fv2%2Fcomments&post=229370"}],"version-history":[{"count":0,"href":"https:\/\/arantv.az\/index.php?rest_route=\/wp\/v2\/posts\/229370\/revisions"}],"wp:featuredmedia":[{"embeddable":true,"href":"https:\/\/arantv.az\/index.php?rest_route=\/wp\/v2\/media\/229371"}],"wp:attachment":[{"href":"https:\/\/arantv.az\/index.php?rest_route=%2Fwp%2Fv2%2Fmedia&parent=229370"}],"wp:term":[{"taxonomy":"category","embeddable":true,"href":"https:\/\/arantv.az\/index.php?rest_route=%2Fwp%2Fv2%2Fcategories&post=229370"},{"taxonomy":"post_tag","embeddable":true,"href":"https:\/\/arantv.az\/index.php?rest_route=%2Fwp%2Fv2%2Ftags&post=229370"}],"curies":[{"name":"wp","href":"https:\/\/api.w.org\/{rel}","templated":true}]}}