{"id":229458,"date":"2020-10-23T08:35:33","date_gmt":"2020-10-23T05:35:33","guid":{"rendered":"http:\/\/arantv.az\/?p=229458"},"modified":"2020-10-23T08:35:33","modified_gmt":"2020-10-23T05:35:33","slug":"ali-bas-komandana-muraci%c9%99tl%c9%99r-komandanliginizla-sanli-ordumuz-tarixin-yeni-silinm%c9%99z-s%c9%99hif%c9%99l%c9%99rini-yazir","status":"publish","type":"post","link":"https:\/\/arantv.az\/?p=229458","title":{"rendered":"Ali Ba\u015f Komandana M\u00dcRAC\u0130\u018fTL\u018fR: \u201cKomandanl\u0131\u011f\u0131n\u0131zla \u015fanl\u0131 ordumuz tarixin yeni silinm\u0259z s\u0259hif\u0259l\u0259rini yaz\u0131r\u201d"},"content":{"rendered":"<p>Az\u0259rbaycanda v\u0259 xaricd\u0259 ya\u015fayan h\u0259mv\u0259t\u0259nl\u0259rimiz, eyni zamanda, xarici \u00f6lk\u0259l\u0259rin v\u0259t\u0259nda\u015flar\u0131, el\u0259c\u0259 d\u0259, m\u00fcxt\u0259lif pe\u015f\u0259 sahibl\u0259ri Prezident, Silahl\u0131 Q\u00fcvv\u0259l\u0259rin Ali Ba\u015f Komandan\u0131 \u0130lham \u018fliyev\u0259 m\u00fcraci\u0259t\u00a0<a href=\"https:\/\/president.az\/letters\/received\" target=\"_blank\" rel=\"noopener\">edirl\u0259r<\/a>.<\/p>\n<p>\u015eanl\u0131 ordumuzun sentyabr\u0131n 27-d\u0259 i\u015f\u011fal\u00e7\u0131 qo\u015funlar\u0131na qar\u015f\u0131 Ali Ba\u015f Komandan \u0130lham \u018fliyevin r\u0259hb\u0259rliyi alt\u0131nda ba\u015flatd\u0131\u011f\u0131 \u0259m\u0259liyyatlar birm\u0259nal\u0131 olaraq alq\u0131\u015flan\u0131r v\u0259 b\u00f6y\u00fck d\u0259st\u0259k ifad\u0259 olunur.<\/p>\n<div id=\"AdviadNativeVideo0\" class=\"AdviadNativeVideo\"><\/div>\n<p>M\u00fcraci\u0259tl\u0259rd\u0259 Erm\u0259nistan\u0131n Az\u0259rbaycan\u0131n \u0259razi b\u00fct\u00f6vl\u00fcy\u00fcn\u00fc h\u0259d\u0259f alan h\u0259r c\u00fcr c\u0259hd v\u0259 t\u0259xribat\u0131 pisl\u0259nir, h\u0259m\u00e7inin Ali Ba\u015f Komandan\u0131n r\u0259hb\u0259rliyi il\u0259 r\u0259\u015fad\u0259tli Az\u0259rbaycan Ordusunun yazd\u0131\u011f\u0131 tarix\u0259 \u015fahidlik edilm\u0259si, m\u00fcq\u0259dd\u0259s sava\u015fdak\u0131 add\u0131mlar\u0131 alq\u0131\u015flan\u0131r.<\/p>\n<p>Az\u0259rbaycan\u0131n v\u0259 d\u00fcnyan\u0131n bir \u00e7ox yerl\u0259rind\u0259n \u00fcnvanlanan m\u0259ktublarda d\u00f6vl\u0259t ba\u015f\u00e7\u0131s\u0131na bu \u00e7\u0259tin v\u0259 \u015f\u0259r\u0259fli i\u015find\u0259 u\u011furlar arzu edilir.<\/p>\n<p>M\u00fcraci\u0259tl\u0259rd\u0259 Ali Ba\u015f Komandan \u0130lham \u018fliyevin Qaraba\u011f u\u011frunda y\u00fcr\u00fctd\u00fcy\u00fc siyas\u0259t\u0259 d\u0259st\u0259k n\u00fcmayi\u015f etdirilir.<\/p>\n","protected":false},"excerpt":{"rendered":"<p>Az\u0259rbaycanda v\u0259 xaricd\u0259 ya\u015fayan h\u0259mv\u0259t\u0259nl\u0259rimiz, eyni zamanda, xarici \u00f6lk\u0259l\u0259rin v\u0259t\u0259nda\u015flar\u0131, el\u0259c\u0259 d\u0259, m\u00fcxt\u0259lif pe\u015f\u0259 sahibl\u0259ri Prezident, Silahl\u0131 Q\u00fcvv\u0259l\u0259rin Ali Ba\u015f Komandan\u0131 \u0130lham \u018fliyev\u0259 m\u00fcraci\u0259t\u00a0edirl\u0259r. \u015eanl\u0131 ordumuzun sentyabr\u0131n 27-d\u0259 i\u015f\u011fal\u00e7\u0131 qo\u015funlar\u0131na qar\u015f\u0131 Ali Ba\u015f Komandan \u0130lham \u018fliyevin r\u0259hb\u0259rliyi alt\u0131nda ba\u015flatd\u0131\u011f\u0131 \u0259m\u0259liyyatlar birm\u0259nal\u0131 olaraq alq\u0131\u015flan\u0131r v\u0259 b\u00f6y\u00fck d\u0259st\u0259k ifad\u0259 olunur. M\u00fcraci\u0259tl\u0259rd\u0259 Erm\u0259nistan\u0131n Az\u0259rbaycan\u0131n \u0259razi b\u00fct\u00f6vl\u00fcy\u00fcn\u00fc h\u0259d\u0259f alan h\u0259r c\u00fcr c\u0259hd v\u0259 t\u0259xribat\u0131 pisl\u0259nir, h\u0259m\u00e7inin Ali Ba\u015f Komandan\u0131n r\u0259hb\u0259rliyi il\u0259 r\u0259\u015fad\u0259tli Az\u0259rbaycan Ordusunun yazd\u0131\u011f\u0131 tarix\u0259 \u015fahidlik edilm\u0259si, m\u00fcq\u0259dd\u0259s sava\u015fdak\u0131 add\u0131mlar\u0131 alq\u0131\u015flan\u0131r. Az\u0259rbaycan\u0131n v\u0259 d\u00fcnyan\u0131n bir \u00e7ox yerl\u0259rind\u0259n \u00fcnvanlanan m\u0259ktublarda d\u00f6vl\u0259t ba\u015f\u00e7\u0131s\u0131na bu \u00e7\u0259tin&hellip;<\/p>\n","protected":false},"author":2,"featured_media":229459,"comment_status":"closed","ping_status":"closed","sticky":false,"template":"","format":"standard","meta":{"om_disable_all_campaigns":false,"_monsterinsights_skip_tracking":false,"_monsterinsights_sitenote_active":false,"_monsterinsights_sitenote_note":"","_monsterinsights_sitenote_category":0},"categories":[1],"tags":[],"aioseo_notices":[],"gutentor_comment":0,"rttpg_featured_image_url":{"full":["https:\/\/arantv.az\/wp-content\/uploads\/2020\/10\/ilham.jpg",620,392,false],"landscape":["https:\/\/arantv.az\/wp-content\/uploads\/2020\/10\/ilham.jpg",620,392,false],"portraits":["https:\/\/arantv.az\/wp-content\/uploads\/2020\/10\/ilham.jpg",620,392,false],"thumbnail":["https:\/\/arantv.az\/wp-content\/uploads\/2020\/10\/ilham-150x150.jpg",150,150,true],"medium":["https:\/\/arantv.az\/wp-content\/uploads\/2020\/10\/ilham-300x190.jpg",300,190,true],"large":["https:\/\/arantv.az\/wp-content\/uploads\/2020\/10\/ilham.jpg",620,392,false],"1536x1536":["https:\/\/arantv.az\/wp-content\/uploads\/2020\/10\/ilham.jpg",620,392,false],"2048x2048":["https:\/\/arantv.az\/wp-content\/uploads\/2020\/10\/ilham.jpg",620,392,false],"post-thumbnail":["https:\/\/arantv.az\/wp-content\/uploads\/2020\/10\/ilham-240x172.jpg",240,172,true],"advps-thumb-one":["https:\/\/arantv.az\/wp-content\/uploads\/2020\/10\/ilham.jpg",620,392,false]},"rttpg_author":{"display_name":"V\u00fcsal Rafiqo\u011flu","author_link":"https:\/\/arantv.az\/?author=2"},"rttpg_comment":0,"rttpg_category":"<a href=\"https:\/\/arantv.az\/?cat=1\" rel=\"category\">C\u0259miyy\u0259t<\/a>","rttpg_excerpt":"Az\u0259rbaycanda v\u0259 xaricd\u0259 ya\u015fayan h\u0259mv\u0259t\u0259nl\u0259rimiz, eyni zamanda, xarici \u00f6lk\u0259l\u0259rin v\u0259t\u0259nda\u015flar\u0131, el\u0259c\u0259 d\u0259, m\u00fcxt\u0259lif pe\u015f\u0259 sahibl\u0259ri Prezident, Silahl\u0131 Q\u00fcvv\u0259l\u0259rin Ali Ba\u015f Komandan\u0131 \u0130lham \u018fliyev\u0259 m\u00fcraci\u0259t\u00a0edirl\u0259r. \u015eanl\u0131 ordumuzun sentyabr\u0131n 27-d\u0259 i\u015f\u011fal\u00e7\u0131 qo\u015funlar\u0131na qar\u015f\u0131 Ali Ba\u015f Komandan \u0130lham \u018fliyevin r\u0259hb\u0259rliyi alt\u0131nda ba\u015flatd\u0131\u011f\u0131 \u0259m\u0259liyyatlar birm\u0259nal\u0131 olaraq alq\u0131\u015flan\u0131r v\u0259 b\u00f6y\u00fck d\u0259st\u0259k ifad\u0259 olunur. M\u00fcraci\u0259tl\u0259rd\u0259 Erm\u0259nistan\u0131n Az\u0259rbaycan\u0131n \u0259razi b\u00fct\u00f6vl\u00fcy\u00fcn\u00fc h\u0259d\u0259f alan&hellip;","_links":{"self":[{"href":"https:\/\/arantv.az\/index.php?rest_route=\/wp\/v2\/posts\/229458"}],"collection":[{"href":"https:\/\/arantv.az\/index.php?rest_route=\/wp\/v2\/posts"}],"about":[{"href":"https:\/\/arantv.az\/index.php?rest_route=\/wp\/v2\/types\/post"}],"author":[{"embeddable":true,"href":"https:\/\/arantv.az\/index.php?rest_route=\/wp\/v2\/users\/2"}],"replies":[{"embeddable":true,"href":"https:\/\/arantv.az\/index.php?rest_route=%2Fwp%2Fv2%2Fcomments&post=229458"}],"version-history":[{"count":0,"href":"https:\/\/arantv.az\/index.php?rest_route=\/wp\/v2\/posts\/229458\/revisions"}],"wp:featuredmedia":[{"embeddable":true,"href":"https:\/\/arantv.az\/index.php?rest_route=\/wp\/v2\/media\/229459"}],"wp:attachment":[{"href":"https:\/\/arantv.az\/index.php?rest_route=%2Fwp%2Fv2%2Fmedia&parent=229458"}],"wp:term":[{"taxonomy":"category","embeddable":true,"href":"https:\/\/arantv.az\/index.php?rest_route=%2Fwp%2Fv2%2Fcategories&post=229458"},{"taxonomy":"post_tag","embeddable":true,"href":"https:\/\/arantv.az\/index.php?rest_route=%2Fwp%2Fv2%2Ftags&post=229458"}],"curies":[{"name":"wp","href":"https:\/\/api.w.org\/{rel}","templated":true}]}}