{"id":229462,"date":"2020-10-23T08:46:24","date_gmt":"2020-10-23T05:46:24","guid":{"rendered":"http:\/\/arantv.az\/?p=229462"},"modified":"2020-10-23T08:46:24","modified_gmt":"2020-10-23T05:46:24","slug":"ozb%c9%99kistan-portallari-erm%c9%99nistanin-g%c9%99nc%c9%99-ming%c9%99cevir-s%c9%99h%c9%99rl%c9%99rini-at%c9%99s%c9%99-tutmasi-beyn%c9%99lxalq-konvensiyalara-ziddir","status":"publish","type":"post","link":"https:\/\/arantv.az\/?p=229462","title":{"rendered":"\u00d6zb\u0259kistan portallar\u0131: Erm\u0259nistan\u0131n G\u0259nc\u0259, Ming\u0259\u00e7evir \u015f\u0259h\u0259rl\u0259rini at\u0259\u015f\u0259 tutmas\u0131 beyn\u0259lxalq konvensiyalara ziddir"},"content":{"rendered":"<p>\u00d6zb\u0259kistan\u0131n \u201cInterpress.uz\u201d, \u201ckun.uz\u201d, \u201cqalampir.uz\u201d, \u201czamin.uz\u201d portallar\u0131 Erm\u0259nistan\u0131n Az\u0259rbaycan\u0131n G\u0259nc\u0259, Ming\u0259\u00e7evir \u015f\u0259h\u0259rl\u0259rini, rayon v\u0259 k\u0259ndl\u0259rini at\u0259\u015f\u0259 tutmas\u0131n\u0131 pisl\u0259yir, bildirilir ki, ya\u015fay\u0131\u015f m\u0259nt\u0259q\u0259l\u0259rinin raket at\u0259\u015fin\u0259 tutulmas\u0131 beyn\u0259lxalq konvensiyalara ziddir.<\/p>\n<p><a class=\"azertac-link\" href=\"https:\/\/azertag.az\/\" target=\"_blank\" rel=\"noopener\">AZ\u018fRTAC<\/a>\u00a0x\u0259b\u0259r verir ki, \u201cInterpress.uz\u201d portal\u0131 i\u015f\u011faldan azad olunmu\u015f Z\u0259ngilandak\u0131 yar\u0131mda\u011f\u0131d\u0131lm\u0131\u015f m\u0259scidi erm\u0259nil\u0259rin donuz dam\u0131na \u00e7evirm\u0259l\u0259ri il\u0259 ba\u011fl\u0131 m\u0259qal\u0259 \u00e7ap edib. Yaz\u0131da erm\u0259nil\u0259rin bu h\u0259r\u0259k\u0259tinin beyn\u0259lxalq humanitar normalara zidd oldu\u011fu bildirilir v\u0259 pisl\u0259nir.<\/p>\n<p>M\u0259qal\u0259d\u0259 Erm\u0259nistan-Az\u0259rbaycan Da\u011fl\u0131q Qaraba\u011f m\u00fcnaqi\u015f\u0259sinin tarixi haqq\u0131nda da m\u0259lumat verilir, Erm\u0259nistan\u0131n Az\u0259rbaycan torpaqlar\u0131n\u0131 30 il i\u015f\u011falda saxlad\u0131\u011f\u0131 vur\u011fulan\u0131r, bu torpaqlardan qovulmu\u015f 1 milyon adam\u0131n Az\u0259rbaycan\u0131n m\u00fcxt\u0259lif \u015f\u0259h\u0259r v\u0259 rayonlar\u0131nda s\u0131\u011f\u0131nacaq tapd\u0131\u011f\u0131 bildirilir.<\/p>\n<p>\u201cqalampir.uz\u201d portal\u0131 Az\u0259rbaycan M\u00fcdafi\u0259 Nazirliyinin sayt\u0131na istinadla bildirir ki, oktyabr\u0131n 22-d\u0259 Erm\u0259nistan Az\u0259rbaycan\u0131n Siy\u0259z\u0259n rayonuna 3, Q\u0259b\u0259l\u0259y\u0259 2, K\u00fcrd\u0259mir\u0259 1ballistik raket at\u0131b.<\/p>\n<p>Qeyd olunur ki, Siy\u0259z\u0259n, Q\u0259b\u0259l\u0259 v\u0259 K\u00fcrd\u0259mir rayonlar\u0131na raket h\u00fccumlar\u0131 Erm\u0259nistan\u0131n m\u00fcnaqi\u015f\u0259 zonas\u0131n\u0131n co\u011frafiyas\u0131n\u0131 geni\u015fl\u0259ndirm\u0259k c\u0259hdl\u0259rind\u0259n x\u0259b\u0259r verir.<\/p>\n<p>\u201ckun.uz\u201d portal\u0131 bu m\u0259s\u0259l\u0259y\u0259 T\u00fcrkiy\u0259nin m\u00f6vqeyi il\u0259 ba\u011fl\u0131 m\u0259qal\u0259 verib.<\/p>\n<p>Yaz\u0131da bildirilir ki, T\u00fcrkiy\u0259 m\u00fcharib\u0259y\u0259 siyasi d\u0259st\u0259k verir v\u0259 bundan sonra da ver\u0259c\u0259k.<\/p>\n<p>Portal bildirir ki, T\u00fcrkiy\u0259 Prezidentinin m\u00fc\u015faviri \u0130brahim Kal\u0131n m\u00fcnaqi\u015f\u0259 il\u0259 ba\u011fl\u0131 deyib: \u201cC\u0259nubi Qafqaza s\u00fclh v\u0259 sabitlik ancaq Qaraba\u011f\u0131n i\u015f\u011faldan azad olunmas\u0131 il\u0259 g\u0259l\u0259c\u0259k\u201d.<\/p>\n<p>\u201czamin.uz\u201d sayt\u0131 \u0130srail eksperti Nat\u0259van R\u0259\u015fidova-Katsman\u0131n m\u00fcnaqi\u015f\u0259 il\u0259 ba\u011fl\u0131 fikirl\u0259rin\u0259 yer ay\u0131r\u0131b. O bildirib ki, ASALA terror t\u0259\u015fkilat\u0131 \u00fczvl\u0259rinin Da\u011fl\u0131q Qaraba\u011fda vuru\u015fmas\u0131 he\u00e7 kim\u0259 sirr deyil. Erm\u0259nistan dig\u0259r d\u00f6vl\u0259tl\u0259rd\u0259n d\u0259 Da\u011fl\u0131q Qaraba\u011fa \u00e7oxlu terror\u00e7u g\u0259tirib v\u0259 bu da b\u0259lli faktd\u0131r.<\/p>\n<p><img loading=\"lazy\" class=\"alignnone size-medium wp-image-229463\" src=\"https:\/\/arantv.az\/wp-content\/uploads\/2020\/10\/16034274284581730096_1000x669-300x240.jpg\" alt=\"\" width=\"300\" height=\"240\" \/><img loading=\"lazy\" class=\"alignnone size-medium wp-image-229464\" src=\"https:\/\/arantv.az\/wp-content\/uploads\/2020\/10\/16034274282453411103_1000x669-300x240.jpg\" alt=\"\" width=\"300\" height=\"240\" \/><img loading=\"lazy\" class=\"alignnone size-medium wp-image-229465\" src=\"https:\/\/arantv.az\/wp-content\/uploads\/2020\/10\/16034274282132931462_1000x669-300x240.jpg\" alt=\"\" width=\"300\" height=\"240\" \/><img loading=\"lazy\" class=\"alignnone size-medium wp-image-229466\" src=\"https:\/\/arantv.az\/wp-content\/uploads\/2020\/10\/16034274281506935542_1000x669-300x240.jpg\" alt=\"\" width=\"300\" height=\"240\" \/><\/p>\n<p>&nbsp;<\/p>\n","protected":false},"excerpt":{"rendered":"<p>\u00d6zb\u0259kistan\u0131n \u201cInterpress.uz\u201d, \u201ckun.uz\u201d, \u201cqalampir.uz\u201d, \u201czamin.uz\u201d portallar\u0131 Erm\u0259nistan\u0131n Az\u0259rbaycan\u0131n G\u0259nc\u0259, Ming\u0259\u00e7evir \u015f\u0259h\u0259rl\u0259rini, rayon v\u0259 k\u0259ndl\u0259rini at\u0259\u015f\u0259 tutmas\u0131n\u0131 pisl\u0259yir, bildirilir ki, ya\u015fay\u0131\u015f m\u0259nt\u0259q\u0259l\u0259rinin raket at\u0259\u015fin\u0259 tutulmas\u0131 beyn\u0259lxalq konvensiyalara ziddir. AZ\u018fRTAC\u00a0x\u0259b\u0259r verir ki, \u201cInterpress.uz\u201d portal\u0131 i\u015f\u011faldan azad olunmu\u015f Z\u0259ngilandak\u0131 yar\u0131mda\u011f\u0131d\u0131lm\u0131\u015f m\u0259scidi erm\u0259nil\u0259rin donuz dam\u0131na \u00e7evirm\u0259l\u0259ri il\u0259 ba\u011fl\u0131 m\u0259qal\u0259 \u00e7ap edib. Yaz\u0131da erm\u0259nil\u0259rin bu h\u0259r\u0259k\u0259tinin beyn\u0259lxalq humanitar normalara zidd oldu\u011fu bildirilir v\u0259 pisl\u0259nir. M\u0259qal\u0259d\u0259 Erm\u0259nistan-Az\u0259rbaycan Da\u011fl\u0131q Qaraba\u011f m\u00fcnaqi\u015f\u0259sinin tarixi haqq\u0131nda da m\u0259lumat verilir, Erm\u0259nistan\u0131n Az\u0259rbaycan torpaqlar\u0131n\u0131 30 il i\u015f\u011falda saxlad\u0131\u011f\u0131 vur\u011fulan\u0131r, bu torpaqlardan qovulmu\u015f 1 milyon adam\u0131n Az\u0259rbaycan\u0131n m\u00fcxt\u0259lif \u015f\u0259h\u0259r v\u0259 rayonlar\u0131nda s\u0131\u011f\u0131nacaq tapd\u0131\u011f\u0131&hellip;<\/p>\n","protected":false},"author":2,"featured_media":229463,"comment_status":"closed","ping_status":"closed","sticky":false,"template":"","format":"standard","meta":{"om_disable_all_campaigns":false,"_monsterinsights_skip_tracking":false,"_monsterinsights_sitenote_active":false,"_monsterinsights_sitenote_note":"","_monsterinsights_sitenote_category":0},"categories":[24],"tags":[],"aioseo_notices":[],"gutentor_comment":0,"rttpg_featured_image_url":{"full":["https:\/\/arantv.az\/wp-content\/uploads\/2020\/10\/16034274284581730096_1000x669.jpg",836,669,false],"landscape":["https:\/\/arantv.az\/wp-content\/uploads\/2020\/10\/16034274284581730096_1000x669.jpg",836,669,false],"portraits":["https:\/\/arantv.az\/wp-content\/uploads\/2020\/10\/16034274284581730096_1000x669.jpg",836,669,false],"thumbnail":["https:\/\/arantv.az\/wp-content\/uploads\/2020\/10\/16034274284581730096_1000x669-150x150.jpg",150,150,true],"medium":["https:\/\/arantv.az\/wp-content\/uploads\/2020\/10\/16034274284581730096_1000x669-300x240.jpg",300,240,true],"large":["https:\/\/arantv.az\/wp-content\/uploads\/2020\/10\/16034274284581730096_1000x669.jpg",640,512,false],"1536x1536":["https:\/\/arantv.az\/wp-content\/uploads\/2020\/10\/16034274284581730096_1000x669.jpg",836,669,false],"2048x2048":["https:\/\/arantv.az\/wp-content\/uploads\/2020\/10\/16034274284581730096_1000x669.jpg",836,669,false],"post-thumbnail":["https:\/\/arantv.az\/wp-content\/uploads\/2020\/10\/16034274284581730096_1000x669-240x172.jpg",240,172,true],"advps-thumb-one":["https:\/\/arantv.az\/wp-content\/uploads\/2020\/10\/16034274284581730096_1000x669-836x620.jpg",836,620,true]},"rttpg_author":{"display_name":"V\u00fcsal Rafiqo\u011flu","author_link":"https:\/\/arantv.az\/?author=2"},"rttpg_comment":0,"rttpg_category":"<a href=\"https:\/\/arantv.az\/?cat=24\" rel=\"category\">Maraql\u0131<\/a>","rttpg_excerpt":"\u00d6zb\u0259kistan\u0131n \u201cInterpress.uz\u201d, \u201ckun.uz\u201d, \u201cqalampir.uz\u201d, \u201czamin.uz\u201d portallar\u0131 Erm\u0259nistan\u0131n Az\u0259rbaycan\u0131n G\u0259nc\u0259, Ming\u0259\u00e7evir \u015f\u0259h\u0259rl\u0259rini, rayon v\u0259 k\u0259ndl\u0259rini at\u0259\u015f\u0259 tutmas\u0131n\u0131 pisl\u0259yir, bildirilir ki, ya\u015fay\u0131\u015f m\u0259nt\u0259q\u0259l\u0259rinin raket at\u0259\u015fin\u0259 tutulmas\u0131 beyn\u0259lxalq konvensiyalara ziddir. AZ\u018fRTAC\u00a0x\u0259b\u0259r verir ki, \u201cInterpress.uz\u201d portal\u0131 i\u015f\u011faldan azad olunmu\u015f Z\u0259ngilandak\u0131 yar\u0131mda\u011f\u0131d\u0131lm\u0131\u015f m\u0259scidi erm\u0259nil\u0259rin donuz dam\u0131na \u00e7evirm\u0259l\u0259ri il\u0259 ba\u011fl\u0131 m\u0259qal\u0259 \u00e7ap edib. Yaz\u0131da erm\u0259nil\u0259rin bu h\u0259r\u0259k\u0259tinin beyn\u0259lxalq humanitar normalara zidd&hellip;","_links":{"self":[{"href":"https:\/\/arantv.az\/index.php?rest_route=\/wp\/v2\/posts\/229462"}],"collection":[{"href":"https:\/\/arantv.az\/index.php?rest_route=\/wp\/v2\/posts"}],"about":[{"href":"https:\/\/arantv.az\/index.php?rest_route=\/wp\/v2\/types\/post"}],"author":[{"embeddable":true,"href":"https:\/\/arantv.az\/index.php?rest_route=\/wp\/v2\/users\/2"}],"replies":[{"embeddable":true,"href":"https:\/\/arantv.az\/index.php?rest_route=%2Fwp%2Fv2%2Fcomments&post=229462"}],"version-history":[{"count":0,"href":"https:\/\/arantv.az\/index.php?rest_route=\/wp\/v2\/posts\/229462\/revisions"}],"wp:featuredmedia":[{"embeddable":true,"href":"https:\/\/arantv.az\/index.php?rest_route=\/wp\/v2\/media\/229463"}],"wp:attachment":[{"href":"https:\/\/arantv.az\/index.php?rest_route=%2Fwp%2Fv2%2Fmedia&parent=229462"}],"wp:term":[{"taxonomy":"category","embeddable":true,"href":"https:\/\/arantv.az\/index.php?rest_route=%2Fwp%2Fv2%2Fcategories&post=229462"},{"taxonomy":"post_tag","embeddable":true,"href":"https:\/\/arantv.az\/index.php?rest_route=%2Fwp%2Fv2%2Ftags&post=229462"}],"curies":[{"name":"wp","href":"https:\/\/api.w.org\/{rel}","templated":true}]}}